{"id":120984,"date":"2024-04-15T21:41:25","date_gmt":"2024-04-16T00:41:25","guid":{"rendered":"https:\/\/diariodoplaneta.com.br\/?p=120138"},"modified":"2024-04-15T21:41:25","modified_gmt":"2024-04-16T00:41:25","slug":"casos-de-dengue-caem-pela-metade-no-rio-de-janeiro","status":"publish","type":"post","link":"https:\/\/diariodoplaneta.com.br\/?p=120984","title":{"rendered":"Casos de dengue caem pela metade no Rio de Janeiro"},"content":{"rendered":"\n<p>O boletim Panorama da Dengue, divulgado nesta segunda-feira (15) pela Secretaria Estadual de Sa\u00fade do Rio de Janeiro, aponta para\u00a0queda progressiva de casos da doen\u00e7a ao longo das \u00faltimas tr\u00eas semanas.\u00a0Conforme o\u00a0boletim, os casos prov\u00e1veis de dengue ca\u00edram\u00a0quase 50% no estado, passando de 14.782 na semana 12 (de 17\/03 a 23\/03) para 7.406 na semana 13 (de 24\/03 a 30\/03).<\/p>\n\n\n\n<p>De acordo com o cen\u00e1rio epidemiol\u00f3gico, o estado do Rio saiu do n\u00edvel 3 do plano de conting\u00eancia da secretaria (quando o n\u00famero de casos prov\u00e1veis \u00e9 dez&nbsp;vezes acima do limite end\u00eamico)&nbsp;para o n\u00edvel 2 (entre cinco&nbsp;e dez vezes). Quatro regi\u00f5es do estado &#8211; Serrana, Metropolitana I, que engloba a Baixada Fluminense e a capital do estado, Baixadas Litor\u00e2neas e Norte Fluminense &#8211; ainda apresentam n\u00famero de casos&nbsp;acima do esperado.&nbsp;<\/p>\n\n\n\n<p>Com base nos dados de hoje, a secretaria decidiu manter o decreto de epidemia e continuar analisando a situa\u00e7\u00e3o por pelo menos mais duas semanas. Tamb\u00e9m prorrogou por mais 30 dias a atua\u00e7\u00e3o do Comit\u00ea de Emerg\u00eancia em Sa\u00fade&nbsp;espec\u00edfico da dengue, que re\u00fane t\u00e9cnicos de v\u00e1rios setores da sa\u00fade estadual e tamb\u00e9m da Funda\u00e7\u00e3o Sa\u00fade.<\/p>\n\n\n\n<p>\u201cApesar da melhora no cen\u00e1rio epidemiol\u00f3gico, os indicadores ainda nos mostram que \u00e9 preciso manter toda a aten\u00e7\u00e3o nas medidas de controle dos focos do mosquito, assim como na observa\u00e7\u00e3o dos sintomas e no manejo cl\u00ednico desses pacientes. Ainda temos n\u00fameros acima do esperado para o momento, e a Regi\u00e3o Norte, que foi a \u00faltima a apresentar piora do cen\u00e1rio, segue com tend\u00eancia de alta nos casos\u201d, alertou a secret\u00e1ria de Sa\u00fade, Claudia Mello,.<\/p>\n\n\n\n<h2 class=\"wp-block-heading\">Queda no atendimento<\/h2>\n\n\n\n<p>O Panorama da Dengue mostra tamb\u00e9m que os atendimentos de casos suspeitos da doen\u00e7a apresentaram queda de 15% nas Unidades de Pronto Atendimento (UPAs) estaduais entre as semanas epidemiol\u00f3gicas 12 e 13, com 9.468 atendimentos e 8.044 respectivamente.<\/p>\n\n\n\n<p>At\u00e9 esta segunda-feira (15), foram registrados 205.187 casos prov\u00e1veis de dengue e 109 \u00f3bitos confirmados em todo o estado do Rio de Janeiro. A taxa de incid\u00eancia acumulada est\u00e1 em 1.278 casos\/100 mil habitantes.<\/p>\n\n\n\n<p>Fonte: Ag\u00eancia Brasil<\/p>\n","protected":false},"excerpt":{"rendered":"<p>O boletim Panorama da Dengue, divulgado nesta segunda-feira (15) pela Secretaria Estadual de Sa\u00fade do Rio de Janeiro, aponta para\u00a0queda progressiva de casos da doen\u00e7a ao longo das \u00faltimas tr\u00eas semanas.\u00a0Conforme o\u00a0boletim, os casos prov\u00e1veis de dengue ca\u00edram\u00a0quase 50% no estado, passando de 14.782 na semana 12 (de 17\/03 a 23\/03) para 7.406 na semana [&hellip;]<\/p>\n","protected":false},"author":2,"featured_media":121396,"comment_status":"open","ping_status":"open","sticky":false,"template":"","format":"standard","meta":{"footnotes":""},"categories":[25,29],"tags":[],"class_list":{"0":"post-120984","1":"post","2":"type-post","3":"status-publish","4":"format-standard","5":"has-post-thumbnail","7":"category-regional","8":"category-sudeste-regional"},"_links":{"self":[{"href":"https:\/\/diariodoplaneta.com.br\/index.php?rest_route=\/wp\/v2\/posts\/120984","targetHints":{"allow":["GET"]}}],"collection":[{"href":"https:\/\/diariodoplaneta.com.br\/index.php?rest_route=\/wp\/v2\/posts"}],"about":[{"href":"https:\/\/diariodoplaneta.com.br\/index.php?rest_route=\/wp\/v2\/types\/post"}],"author":[{"embeddable":true,"href":"https:\/\/diariodoplaneta.com.br\/index.php?rest_route=\/wp\/v2\/users\/2"}],"replies":[{"embeddable":true,"href":"https:\/\/diariodoplaneta.com.br\/index.php?rest_route=%2Fwp%2Fv2%2Fcomments&post=120984"}],"version-history":[{"count":0,"href":"https:\/\/diariodoplaneta.com.br\/index.php?rest_route=\/wp\/v2\/posts\/120984\/revisions"}],"wp:featuredmedia":[{"embeddable":true,"href":"https:\/\/diariodoplaneta.com.br\/index.php?rest_route=\/wp\/v2\/media\/121396"}],"wp:attachment":[{"href":"https:\/\/diariodoplaneta.com.br\/index.php?rest_route=%2Fwp%2Fv2%2Fmedia&parent=120984"}],"wp:term":[{"taxonomy":"category","embeddable":true,"href":"https:\/\/diariodoplaneta.com.br\/index.php?rest_route=%2Fwp%2Fv2%2Fcategories&post=120984"},{"taxonomy":"post_tag","embeddable":true,"href":"https:\/\/diariodoplaneta.com.br\/index.php?rest_route=%2Fwp%2Fv2%2Ftags&post=120984"}],"curies":[{"name":"wp","href":"https:\/\/api.w.org\/{rel}","templated":true}]}}