{"id":120911,"date":"2024-04-10T14:56:03","date_gmt":"2024-04-10T17:56:03","guid":{"rendered":"https:\/\/diariodoplaneta.com.br\/?p=119929"},"modified":"2024-04-10T14:56:03","modified_gmt":"2024-04-10T17:56:03","slug":"inflacao-oficial-recua-para-016-em-marco-diz-ibge","status":"publish","type":"post","link":"https:\/\/diariodoplaneta.com.br\/?p=120911","title":{"rendered":"Infla\u00e7\u00e3o oficial recua para 0,16% em mar\u00e7o, diz IBGE"},"content":{"rendered":"\n<p>A infla\u00e7\u00e3o oficial do pa\u00eds, medida pelo \u00cdndice Nacional de Pre\u00e7os ao Consumidor Amplo (IPCA), recuou para 0,16% em mar\u00e7o deste ano. Em fevereiro, a taxa ficou em 0,83%. J\u00e1 em mar\u00e7o do ano passado, o \u00edndice registrado foi 0,71%.<\/p>\n\n\n\n<p>Com o resultado, o IPCA acumula taxa de 1,42% no ano e de 3,93% em 12 meses, segundo dados divulgados nesta quarta-feira (10) pelo Instituto Brasileiro de Geografia e Estat\u00edstica (IBGE).<\/p>\n\n\n\n<p>A infla\u00e7\u00e3o de mar\u00e7o foi puxada pelo grupo de despesas alimenta\u00e7\u00e3o e bebidas, cujos pre\u00e7os subiram 0,53% no m\u00eas.<\/p>\n\n\n\n<p>Fonte: Ag\u00eancia Brasil<\/p>\n","protected":false},"excerpt":{"rendered":"<p>A infla\u00e7\u00e3o oficial do pa\u00eds, medida pelo \u00cdndice Nacional de Pre\u00e7os ao Consumidor Amplo (IPCA), recuou para 0,16% em mar\u00e7o deste ano. Em fevereiro, a taxa ficou em 0,83%. J\u00e1 em mar\u00e7o do ano passado, o \u00edndice registrado foi 0,71%. Com o resultado, o IPCA acumula taxa de 1,42% no ano e de 3,93% em [&hellip;]<\/p>\n","protected":false},"author":2,"featured_media":121237,"comment_status":"open","ping_status":"open","sticky":false,"template":"","format":"standard","meta":{"footnotes":""},"categories":[20],"tags":[24],"class_list":{"0":"post-120911","1":"post","2":"type-post","3":"status-publish","4":"format-standard","5":"has-post-thumbnail","7":"category-economia","8":"tag-manchete"},"_links":{"self":[{"href":"https:\/\/diariodoplaneta.com.br\/index.php?rest_route=\/wp\/v2\/posts\/120911","targetHints":{"allow":["GET"]}}],"collection":[{"href":"https:\/\/diariodoplaneta.com.br\/index.php?rest_route=\/wp\/v2\/posts"}],"about":[{"href":"https:\/\/diariodoplaneta.com.br\/index.php?rest_route=\/wp\/v2\/types\/post"}],"author":[{"embeddable":true,"href":"https:\/\/diariodoplaneta.com.br\/index.php?rest_route=\/wp\/v2\/users\/2"}],"replies":[{"embeddable":true,"href":"https:\/\/diariodoplaneta.com.br\/index.php?rest_route=%2Fwp%2Fv2%2Fcomments&post=120911"}],"version-history":[{"count":0,"href":"https:\/\/diariodoplaneta.com.br\/index.php?rest_route=\/wp\/v2\/posts\/120911\/revisions"}],"wp:featuredmedia":[{"embeddable":true,"href":"https:\/\/diariodoplaneta.com.br\/index.php?rest_route=\/wp\/v2\/media\/121237"}],"wp:attachment":[{"href":"https:\/\/diariodoplaneta.com.br\/index.php?rest_route=%2Fwp%2Fv2%2Fmedia&parent=120911"}],"wp:term":[{"taxonomy":"category","embeddable":true,"href":"https:\/\/diariodoplaneta.com.br\/index.php?rest_route=%2Fwp%2Fv2%2Fcategories&post=120911"},{"taxonomy":"post_tag","embeddable":true,"href":"https:\/\/diariodoplaneta.com.br\/index.php?rest_route=%2Fwp%2Fv2%2Ftags&post=120911"}],"curies":[{"name":"wp","href":"https:\/\/api.w.org\/{rel}","templated":true}]}}