{"id":120908,"date":"2024-04-10T08:39:18","date_gmt":"2024-04-10T11:39:18","guid":{"rendered":"https:\/\/diariodoplaneta.com.br\/?p=119919"},"modified":"2024-04-10T08:39:18","modified_gmt":"2024-04-10T11:39:18","slug":"flamengo-enfrenta-palestino-no-maracana-pela-copa-libertadores","status":"publish","type":"post","link":"https:\/\/diariodoplaneta.com.br\/?p=120908","title":{"rendered":"Flamengo enfrenta Palestino no Maracan\u00e3 pela Copa Libertadores"},"content":{"rendered":"\n<p>Tr\u00eas dias ap\u00f3s conquistar o t\u00edtulo do Campeonato Carioca, o Flamengo retorna ao Maracan\u00e3, mas agora para buscar a sua primeira vit\u00f3ria na atual edi\u00e7\u00e3o da Copa Libertadores da Am\u00e9rica. E o compromisso desta quarta-feira (9), que ter\u00e1 transmiss\u00e3o da\u00a0<strong>R\u00e1dio Nacional<\/strong>\u00a0a partir das 21h30 (hor\u00e1rio de Bras\u00edlia), ser\u00e1 diante do Palestino (Chile).<\/p>\n\n\n\n<p>Ap\u00f3s empatar em 1 a 1 com o Millonarios (Col\u00f4mbia) fora de casa pela primeira rodada da competi\u00e7\u00e3o continental, o Rubro-Negro tem pela frente o advers\u00e1rio perfeito para vencer a primeira pela Libertadores, um Palestino que ocupa a lanterna do Grupo E ap\u00f3s ser goleado por 4 a 0 pelo Bol\u00edvar (Bol\u00edvia).<\/p>\n\n\n\n<figure class=\"wp-block-embed aligncenter is-type-rich is-provider-twitter wp-block-embed-twitter\"><div class=\"wp-block-embed__wrapper\">\n<blockquote class=\"twitter-tweet\" data-width=\"550\" data-dnt=\"true\"><p lang=\"pt\" dir=\"ltr\">Ap\u00f3s a conquista do Campeonato Carioca, o Meng\u00e3o se apresentou nesta segunda (08), e iniciou a prepara\u00e7\u00e3o para enfrentar o Palestino pela <a href=\"https:\/\/twitter.com\/Libertadores?ref_src=twsrc%5Etfw\">@Libertadores<\/a>! <a href=\"https:\/\/twitter.com\/hashtag\/VamosFlamengo?src=hash&amp;ref_src=twsrc%5Etfw\">#VamosFlamengo<\/a> <a href=\"https:\/\/twitter.com\/hashtag\/CRF?src=hash&amp;ref_src=twsrc%5Etfw\">#CRF<\/a><br><br>\ud83d\udcf8: Marcelo Cortes \/CRF <a href=\"https:\/\/t.co\/PaK9RVMVjm\">pic.twitter.com\/PaK9RVMVjm<\/a><\/p>&mdash; Flamengo (@Flamengo) <a href=\"https:\/\/twitter.com\/Flamengo\/status\/1777441308342395007?ref_src=twsrc%5Etfw\">April 8, 2024<\/a><\/blockquote><script async src=\"https:\/\/platform.twitter.com\/widgets.js\" charset=\"utf-8\"><\/script>\n<\/div><\/figure>\n\n\n\n<p>Para esta partida o t\u00e9cnico Tite n\u00e3o deve ter maiores problemas para escalar sua equipe, repetindo a forma\u00e7\u00e3o que derrotou o Nova Igua\u00e7u na segunda partida da decis\u00e3o do Campeonato Carioca no \u00faltimo domingo (7): Rossi; Varela, Fabr\u00edcio Bruno, L\u00e9o Pereira e Ayrton Lucas; Erick Pulgar, De la Cruz e Arrascaeta; Luiz Ara\u00fajo, Everton Cebolinha e Pedro.<\/p>\n\n\n\n<p>Fonte: Ag\u00eancia Brasil<\/p>\n","protected":false},"excerpt":{"rendered":"<p>Tr\u00eas dias ap\u00f3s conquistar o t\u00edtulo do Campeonato Carioca, o Flamengo retorna ao Maracan\u00e3, mas agora para buscar a sua primeira vit\u00f3ria na atual edi\u00e7\u00e3o da Copa Libertadores da Am\u00e9rica. E o compromisso desta quarta-feira (9), que ter\u00e1 transmiss\u00e3o da\u00a0R\u00e1dio Nacional\u00a0a partir das 21h30 (hor\u00e1rio de Bras\u00edlia), ser\u00e1 diante do Palestino (Chile). Ap\u00f3s empatar em [&hellip;]<\/p>\n","protected":false},"author":2,"featured_media":121233,"comment_status":"open","ping_status":"open","sticky":false,"template":"","format":"standard","meta":{"footnotes":""},"categories":[16],"tags":[24],"class_list":{"0":"post-120908","1":"post","2":"type-post","3":"status-publish","4":"format-standard","5":"has-post-thumbnail","7":"category-esportes","8":"tag-manchete"},"_links":{"self":[{"href":"https:\/\/diariodoplaneta.com.br\/index.php?rest_route=\/wp\/v2\/posts\/120908","targetHints":{"allow":["GET"]}}],"collection":[{"href":"https:\/\/diariodoplaneta.com.br\/index.php?rest_route=\/wp\/v2\/posts"}],"about":[{"href":"https:\/\/diariodoplaneta.com.br\/index.php?rest_route=\/wp\/v2\/types\/post"}],"author":[{"embeddable":true,"href":"https:\/\/diariodoplaneta.com.br\/index.php?rest_route=\/wp\/v2\/users\/2"}],"replies":[{"embeddable":true,"href":"https:\/\/diariodoplaneta.com.br\/index.php?rest_route=%2Fwp%2Fv2%2Fcomments&post=120908"}],"version-history":[{"count":0,"href":"https:\/\/diariodoplaneta.com.br\/index.php?rest_route=\/wp\/v2\/posts\/120908\/revisions"}],"wp:featuredmedia":[{"embeddable":true,"href":"https:\/\/diariodoplaneta.com.br\/index.php?rest_route=\/wp\/v2\/media\/121233"}],"wp:attachment":[{"href":"https:\/\/diariodoplaneta.com.br\/index.php?rest_route=%2Fwp%2Fv2%2Fmedia&parent=120908"}],"wp:term":[{"taxonomy":"category","embeddable":true,"href":"https:\/\/diariodoplaneta.com.br\/index.php?rest_route=%2Fwp%2Fv2%2Fcategories&post=120908"},{"taxonomy":"post_tag","embeddable":true,"href":"https:\/\/diariodoplaneta.com.br\/index.php?rest_route=%2Fwp%2Fv2%2Ftags&post=120908"}],"curies":[{"name":"wp","href":"https:\/\/api.w.org\/{rel}","templated":true}]}}