{"id":120811,"date":"2024-04-04T11:49:00","date_gmt":"2024-04-04T14:49:00","guid":{"rendered":"https:\/\/diariodoplaneta.com.br\/?p=119590"},"modified":"2024-04-04T11:49:00","modified_gmt":"2024-04-04T14:49:00","slug":"pf-prende-no-rio-traficante-foragido-do-amazonas-ha-quatro-anos","status":"publish","type":"post","link":"https:\/\/diariodoplaneta.com.br\/?p=120811","title":{"rendered":"PF prende no Rio traficante foragido do Amazonas h\u00e1 quatro anos"},"content":{"rendered":"\n<p>Agentes da Pol\u00edcia Federal prenderam na tarde de quarta-feira (3) um homem, de 34 anos, foragido da Justi\u00e7a do Amazonas h\u00e1 mais de 4 anos. Preso em um condom\u00ednio no Recreio dos Bandeirantes, uma regi\u00e3o de praia, zona oeste do Rio, o criminoso \u00e9 considerado um dos principais distribuidores de drogas do Norte do pa\u00eds.<\/p>\n\n\n\n<p>No momento da pris\u00e3o, ele apresentou documento de identifica\u00e7\u00e3o falso. De acordo com o Servi\u00e7o de Intelig\u00eancia da Secretaria de Seguran\u00e7a do Estado do Amazonas, o foragido \u00e9 uma das principais lideran\u00e7as de uma fac\u00e7\u00e3o criminosa de Manaus e responde pelos crimes de tr\u00e1fico de drogas, porte ilegal de arma de fogo e homic\u00eddio.<\/p>\n\n\n\n<p>O homem foi preso em setembro de 2019, por\u00e9m obteve o benef\u00edcio da pris\u00e3o domiciliar para tratamento m\u00e9dico, pelo prazo de 30 dias, mas n\u00e3o retornou mais \u00e0 pris\u00e3o. Ele retirou tamb\u00e9m o equipamento de monitoramento eletr\u00f4nico para dificultar \u00e0 pris\u00e3o e fugiu para o Rio de Janeiro.<\/p>\n\n\n\n<p>Ap\u00f3s a localiza\u00e7\u00e3o e pris\u00e3o realizada em conjunto por policiais federais da Delegacia de Repress\u00e3o a Drogas e agentes da Pol\u00edcia Civil do Amazonas, o preso foi encaminhado \u00e0 Superintend\u00eancia Regional da PF, na Pra\u00e7a Mau\u00e1, onde foi autuado em flagrante e, posteriormente, ser\u00e1 encaminhado ao sistema prisional, onde ficar\u00e1 \u00e0 disposi\u00e7\u00e3o da Justi\u00e7a, aguardando julgamento.<\/p>\n\n\n\n<p>Fonte: Ag\u00eancia Brasil<\/p>\n","protected":false},"excerpt":{"rendered":"<p>Agentes da Pol\u00edcia Federal prenderam na tarde de quarta-feira (3) um homem, de 34 anos, foragido da Justi\u00e7a do Amazonas h\u00e1 mais de 4 anos. Preso em um condom\u00ednio no Recreio dos Bandeirantes, uma regi\u00e3o de praia, zona oeste do Rio, o criminoso \u00e9 considerado um dos principais distribuidores de drogas do Norte do pa\u00eds. [&hellip;]<\/p>\n","protected":false},"author":2,"featured_media":121108,"comment_status":"open","ping_status":"open","sticky":false,"template":"","format":"standard","meta":{"footnotes":""},"categories":[25,29],"tags":[],"class_list":{"0":"post-120811","1":"post","2":"type-post","3":"status-publish","4":"format-standard","5":"has-post-thumbnail","7":"category-regional","8":"category-sudeste-regional"},"_links":{"self":[{"href":"https:\/\/diariodoplaneta.com.br\/index.php?rest_route=\/wp\/v2\/posts\/120811","targetHints":{"allow":["GET"]}}],"collection":[{"href":"https:\/\/diariodoplaneta.com.br\/index.php?rest_route=\/wp\/v2\/posts"}],"about":[{"href":"https:\/\/diariodoplaneta.com.br\/index.php?rest_route=\/wp\/v2\/types\/post"}],"author":[{"embeddable":true,"href":"https:\/\/diariodoplaneta.com.br\/index.php?rest_route=\/wp\/v2\/users\/2"}],"replies":[{"embeddable":true,"href":"https:\/\/diariodoplaneta.com.br\/index.php?rest_route=%2Fwp%2Fv2%2Fcomments&post=120811"}],"version-history":[{"count":0,"href":"https:\/\/diariodoplaneta.com.br\/index.php?rest_route=\/wp\/v2\/posts\/120811\/revisions"}],"wp:featuredmedia":[{"embeddable":true,"href":"https:\/\/diariodoplaneta.com.br\/index.php?rest_route=\/wp\/v2\/media\/121108"}],"wp:attachment":[{"href":"https:\/\/diariodoplaneta.com.br\/index.php?rest_route=%2Fwp%2Fv2%2Fmedia&parent=120811"}],"wp:term":[{"taxonomy":"category","embeddable":true,"href":"https:\/\/diariodoplaneta.com.br\/index.php?rest_route=%2Fwp%2Fv2%2Fcategories&post=120811"},{"taxonomy":"post_tag","embeddable":true,"href":"https:\/\/diariodoplaneta.com.br\/index.php?rest_route=%2Fwp%2Fv2%2Ftags&post=120811"}],"curies":[{"name":"wp","href":"https:\/\/api.w.org\/{rel}","templated":true}]}}