{"id":120784,"date":"2024-04-02T09:59:08","date_gmt":"2024-04-02T12:59:08","guid":{"rendered":"https:\/\/diariodoplaneta.com.br\/?p=119508"},"modified":"2024-04-02T09:59:08","modified_gmt":"2024-04-02T12:59:08","slug":"ibama-cria-plataforma-para-acompanhar-recuperacao-ambiental","status":"publish","type":"post","link":"https:\/\/diariodoplaneta.com.br\/?p=120784","title":{"rendered":"Ibama cria plataforma para acompanhar recupera\u00e7\u00e3o ambiental"},"content":{"rendered":"\n<p>O Instituto Brasileiro do Meio Ambiente e dos Recursos Naturais Renov\u00e1veis (Ibama) criou a Plataforma de Acompanhamento da Recupera\u00e7\u00e3o Ambiental (Recooperar), que reunir\u00e1 dados de \u00e1reas degradadas ou alteradas para desenvolvimento de projetos ambientais. A norma que institui a ferramenta foi publicada nesta ter\u00e7a-feira (2) no&nbsp;<a href=\"http:\/\/in.gov.br\/web\/dou\/-\/instrucao-normativa-ibama-n-9-de-25-de-marco-de-2024-551196121\" target=\"_blank\" rel=\"noreferrer noopener\"><em>Di\u00e1rio Oficial da Uni\u00e3o<\/em><\/a>&nbsp;e come\u00e7ar\u00e1 a vigorar no pr\u00f3ximo dia 15.<img decoding=\"async\" src=\"https:\/\/agenciabrasil.ebc.com.br\/ebc.png?id=1588324&amp;o=node\"><img decoding=\"async\" src=\"https:\/\/agenciabrasil.ebc.com.br\/ebc.gif?id=1588324&amp;o=node\"><\/p>\n\n\n\n<p>Al\u00e9m das a\u00e7\u00f5es de recupera\u00e7\u00e3o ambiental promovidas pelo Ibama, a Recooperar reunir\u00e1 processos administrativos, inclusive municipais e estaduais, sobre \u00e1reas degradadas e dados geogr\u00e1ficos como bioma e informa\u00e7\u00f5es hidrogr\u00e1ficas, al\u00e9m de defini\u00e7\u00f5es como a destina\u00e7\u00e3o dada, se pertence a uma unidade de conserva\u00e7\u00e3o, territ\u00f3rios quilombolas, terras ind\u00edgenas, ou se possui Cadastro Ambiental Rural (CAR).<\/p>\n\n\n\n<p>De acordo com a institui\u00e7\u00e3o, foram incorporadas informa\u00e7\u00f5es sobre \u00e1reas embargadas, sobre Planos de Recupera\u00e7\u00e3o de \u00c1reas Degradadas (Prads) para repara\u00e7\u00e3o de danos ambientais, projetos de plantio compensat\u00f3rio e reposi\u00e7\u00e3o florestal.<\/p>\n\n\n\n<h2 class=\"wp-block-heading\">Plataforma de An\u00e1lise<\/h2>\n\n\n\n<p>Atualmente, o acompanhamento de processos do Ibama \u00e9 feito por meio da&nbsp;<a href=\"https:\/\/pamgia.ibama.gov.br\/home\/\" target=\"_blank\" rel=\"noreferrer noopener\">Plataforma de An\u00e1lise e Monitoramento Geoespacial da Informa\u00e7\u00e3o Ambiental (Pamgia)<\/a>, onde est\u00e3o dispon\u00edveis apenas consultas de processos por estado, munic\u00edpio, data de cadastro, origem ou n\u00famero do processo administrativo. Para a nova plataforma ser\u00e3o migrados os dados de outras plataformas do \u00f3rg\u00e3o, como o Cadastro Simplificado de Vetores do Ibama (CASV).<\/p>\n\n\n\n<p>Segundo as normas, o Ibama disponibilizar\u00e1 tamb\u00e9m instru\u00e7\u00f5es aos usu\u00e1rios para acesso \u00e0 nova plataforma, cadastro de perfil e consulta \u00e0s funcionalidades.<\/p>\n\n\n\n<p>A iniciativa \u00e9 uma estrat\u00e9gia de implementa\u00e7\u00e3o da Pol\u00edtica Nacional de Recupera\u00e7\u00e3o da Vegeta\u00e7\u00e3o Nativa, tamb\u00e9m alinhada aos acordos internacionais assumidos pelo Brasil, como o Desafio de Bonn e a Iniciativa 20&#215;20, que t\u00eam como meta restaurar 12 milh\u00f5es de hectares de \u00e1reas degradadas at\u00e9 2030.<\/p>\n\n\n\n<p>Fonte: Ag\u00eancia Brasil<\/p>\n","protected":false},"excerpt":{"rendered":"<p>O Instituto Brasileiro do Meio Ambiente e dos Recursos Naturais Renov\u00e1veis (Ibama) criou a Plataforma de Acompanhamento da Recupera\u00e7\u00e3o Ambiental (Recooperar), que reunir\u00e1 dados de \u00e1reas degradadas ou alteradas para desenvolvimento de projetos ambientais. A norma que institui a ferramenta foi publicada nesta ter\u00e7a-feira (2) no&nbsp;Di\u00e1rio Oficial da Uni\u00e3o&nbsp;e come\u00e7ar\u00e1 a vigorar no pr\u00f3ximo dia [&hellip;]<\/p>\n","protected":false},"author":2,"featured_media":121084,"comment_status":"open","ping_status":"open","sticky":false,"template":"","format":"standard","meta":{"footnotes":""},"categories":[5,22],"tags":[11],"class_list":{"0":"post-120784","1":"post","2":"type-post","3":"status-publish","4":"format-standard","5":"has-post-thumbnail","7":"category-geral","8":"category-meio-ambiente","9":"tag-destaque"},"_links":{"self":[{"href":"https:\/\/diariodoplaneta.com.br\/index.php?rest_route=\/wp\/v2\/posts\/120784","targetHints":{"allow":["GET"]}}],"collection":[{"href":"https:\/\/diariodoplaneta.com.br\/index.php?rest_route=\/wp\/v2\/posts"}],"about":[{"href":"https:\/\/diariodoplaneta.com.br\/index.php?rest_route=\/wp\/v2\/types\/post"}],"author":[{"embeddable":true,"href":"https:\/\/diariodoplaneta.com.br\/index.php?rest_route=\/wp\/v2\/users\/2"}],"replies":[{"embeddable":true,"href":"https:\/\/diariodoplaneta.com.br\/index.php?rest_route=%2Fwp%2Fv2%2Fcomments&post=120784"}],"version-history":[{"count":0,"href":"https:\/\/diariodoplaneta.com.br\/index.php?rest_route=\/wp\/v2\/posts\/120784\/revisions"}],"wp:featuredmedia":[{"embeddable":true,"href":"https:\/\/diariodoplaneta.com.br\/index.php?rest_route=\/wp\/v2\/media\/121084"}],"wp:attachment":[{"href":"https:\/\/diariodoplaneta.com.br\/index.php?rest_route=%2Fwp%2Fv2%2Fmedia&parent=120784"}],"wp:term":[{"taxonomy":"category","embeddable":true,"href":"https:\/\/diariodoplaneta.com.br\/index.php?rest_route=%2Fwp%2Fv2%2Fcategories&post=120784"},{"taxonomy":"post_tag","embeddable":true,"href":"https:\/\/diariodoplaneta.com.br\/index.php?rest_route=%2Fwp%2Fv2%2Ftags&post=120784"}],"curies":[{"name":"wp","href":"https:\/\/api.w.org\/{rel}","templated":true}]}}