{"id":120612,"date":"2024-04-26T19:54:44","date_gmt":"2024-04-26T22:54:44","guid":{"rendered":"https:\/\/diariodoplaneta.com.br\/?p=120612"},"modified":"2024-04-26T19:54:44","modified_gmt":"2024-04-26T22:54:44","slug":"x-diz-que-investigados-pelo-stf-tentam-burlar-ordens-de-bloqueio","status":"publish","type":"post","link":"https:\/\/diariodoplaneta.com.br\/?p=120612","title":{"rendered":"X diz que investigados pelo STF tentam burlar ordens de bloqueio"},"content":{"rendered":"\n<p>A rede social X informou nesta sexta-feira (26) ao Supremo Tribunal Federal (STF) que perfis bloqueados por determina\u00e7\u00e3o do ministro Alexandre de Moraes tentam burlar as ordens de bloqueio e as regras da plataforma.\u00a0<\/p>\n\n\n\n<p>O alerta consta em uma manifesta\u00e7\u00e3o enviada ao Supremo pelo escrit\u00f3rio de advocacia que representa o X no Brasil ap\u00f3s Alexandre de Moraes pedir esclarecimentos sobre o relat\u00f3rio no qual a Pol\u00edcia Federal (PF) indicou que usu\u00e1rios investigados continuam realizando transmiss\u00f5es ao vivo e intera\u00e7\u00f5es com usu\u00e1rios brasileiros na rede social.&nbsp;<\/p>\n\n\n\n<p>Segundo a plataforma, os usu\u00e1rios burlam as medidas de bloqueio e de seguran\u00e7a da plataforma. O jornalista Allan dos Santos est\u00e1 entre os citados que violam as medidas. Ele passou a morar nos Estados Unidos ap\u00f3s come\u00e7ar a ser investigado no Brasil pelo STF.&nbsp;<\/p>\n\n\n\n<p>\u201cEstes indiv\u00edduos, ap\u00f3s terem suas contas bloqueadas, adotaram diferentes estrat\u00e9gias para desafiar a ordem de bloqueio e, tamb\u00e9m, as regras das plataformas, por meio da cria\u00e7\u00e3o de novas contas e da explora\u00e7\u00e3o de vulnerabilidades sist\u00eamicas para perpetuar as suas atividades\u201d, disse o X.&nbsp;<\/p>\n\n\n\n<p>A rede social tamb\u00e9m afirmou que acessos a contas de outros investigados ocorreram por falhas temporadas e n\u00e3o representam descumprimento de ordens do Supremo. \u201cA discrep\u00e2ncia observada foi resultado de um problema t\u00e9cnico isolado, sem inten\u00e7\u00e3o das operadoras do X de contornar ou de qualquer forma desrespeitar as decis\u00f5es judiciais vigentes\u201d, disse a rede.&nbsp;<\/p>\n\n\n\n<h2 class=\"wp-block-heading\">Relat\u00f3rio<\/h2>\n\n\n\n<p>No relat\u00f3rio enviado na semana passada pela PF ao ministro Alexandre de Moraes, os investigadores citaram postagens e transmiss\u00f5es feitas por usu\u00e1rios investigados no inqu\u00e9rito sobre mil\u00edcias digitais que moram nos Estados Unidos, como os jornalistas Allan dos Santos e Rodrigo Constantino e o empres\u00e1rio Paulo Figueiredo.&nbsp;<\/p>\n\n\n\n<p>De acordo com o levantamento, realizado pela PF no in\u00edcio deste m\u00eas, foi poss\u00edvel acessar do Brasil as transmiss\u00f5es feitas pelos usu\u00e1rios e seguir os perfis bloqueados. Na avalia\u00e7\u00e3o da PF, os investigados seguem realizando transmiss\u00f5es e postagens fora do Brasil com ataques ao ministro e disseminando informa\u00e7\u00f5es falsas.<\/p>\n\n\n\n<p>Fonte: Ag\u00eancia Brasil<\/p>\n","protected":false},"excerpt":{"rendered":"<p>A rede social X informou nesta sexta-feira (26) ao Supremo Tribunal Federal (STF) que perfis bloqueados por determina\u00e7\u00e3o do ministro Alexandre de Moraes tentam burlar as ordens de bloqueio e as regras da plataforma.\u00a0 O alerta consta em uma manifesta\u00e7\u00e3o enviada ao Supremo pelo escrit\u00f3rio de advocacia que representa o X no Brasil ap\u00f3s Alexandre [&hellip;]<\/p>\n","protected":false},"author":2,"featured_media":121784,"comment_status":"open","ping_status":"open","sticky":false,"template":"","format":"standard","meta":{"footnotes":""},"categories":[5],"tags":[24],"class_list":{"0":"post-120612","1":"post","2":"type-post","3":"status-publish","4":"format-standard","5":"has-post-thumbnail","7":"category-geral","8":"tag-manchete"},"_links":{"self":[{"href":"https:\/\/diariodoplaneta.com.br\/index.php?rest_route=\/wp\/v2\/posts\/120612","targetHints":{"allow":["GET"]}}],"collection":[{"href":"https:\/\/diariodoplaneta.com.br\/index.php?rest_route=\/wp\/v2\/posts"}],"about":[{"href":"https:\/\/diariodoplaneta.com.br\/index.php?rest_route=\/wp\/v2\/types\/post"}],"author":[{"embeddable":true,"href":"https:\/\/diariodoplaneta.com.br\/index.php?rest_route=\/wp\/v2\/users\/2"}],"replies":[{"embeddable":true,"href":"https:\/\/diariodoplaneta.com.br\/index.php?rest_route=%2Fwp%2Fv2%2Fcomments&post=120612"}],"version-history":[{"count":0,"href":"https:\/\/diariodoplaneta.com.br\/index.php?rest_route=\/wp\/v2\/posts\/120612\/revisions"}],"wp:featuredmedia":[{"embeddable":true,"href":"https:\/\/diariodoplaneta.com.br\/index.php?rest_route=\/wp\/v2\/media\/121784"}],"wp:attachment":[{"href":"https:\/\/diariodoplaneta.com.br\/index.php?rest_route=%2Fwp%2Fv2%2Fmedia&parent=120612"}],"wp:term":[{"taxonomy":"category","embeddable":true,"href":"https:\/\/diariodoplaneta.com.br\/index.php?rest_route=%2Fwp%2Fv2%2Fcategories&post=120612"},{"taxonomy":"post_tag","embeddable":true,"href":"https:\/\/diariodoplaneta.com.br\/index.php?rest_route=%2Fwp%2Fv2%2Ftags&post=120612"}],"curies":[{"name":"wp","href":"https:\/\/api.w.org\/{rel}","templated":true}]}}