{"id":120555,"date":"2024-04-25T12:47:08","date_gmt":"2024-04-25T15:47:08","guid":{"rendered":"https:\/\/diariodoplaneta.com.br\/?p=120555"},"modified":"2024-04-25T12:47:08","modified_gmt":"2024-04-25T15:47:08","slug":"alimentos-ultraprocessados-ficarao-fora-do-imposto-seletivo","status":"publish","type":"post","link":"https:\/\/diariodoplaneta.com.br\/?p=120555","title":{"rendered":"Alimentos ultraprocessados ficar\u00e3o fora do Imposto Seletivo"},"content":{"rendered":"\n<p>Criado para tributar produtos prejudiciais \u00e0 sa\u00fade e ao meio ambiente, o Imposto Seletivo poupar\u00e1 os alimentos ultraprocessados. A exclus\u00e3o desse tipo de produto est\u00e1 prevista no projeto de lei complementar que regulamenta a reforma tribut\u00e1ria do consumo, enviado nesta quarta-feira (24) \u00e0 noite ao Congresso.<\/p>\n\n\n\n<p>O texto excluiu os alimentos ultraprocessados do chamado &#8220;Imposto do Pecado&#8221;, apesar de recomenda\u00e7\u00e3o do Minist\u00e9rio da Sa\u00fade e de entidades da sociedade civil para a cobran\u00e7a do tributo extra. As bebidas a\u00e7ucaradas, no entanto, ter\u00e3o a incid\u00eancia. Biscoitos recheados,&nbsp;salgadinhos, barras de cereais, macarr\u00e3o instant\u00e2neo, sopas de pacote e&nbsp;sorvetes s\u00e3o exemplos dos produtos.<\/p>\n\n\n\n<p>Al\u00e9m das bebidas a\u00e7ucaradas, o Imposto Seletivo incidir\u00e1 sobre os seguintes itens: petr\u00f3leo, g\u00e1s natural e min\u00e9rio de ferro; e ve\u00edculos, aeronaves e embarca\u00e7\u00f5es poluentes. No caso dos cigarros e das bebidas alco\u00f3licas, o Imposto Seletivo substituir\u00e1 as altas al\u00edquotas do IPI que atualmente incidem sobre esses produtos como pol\u00edtica de sa\u00fade p\u00fablica.<\/p>\n\n\n\n<p>Confira o detalhamento do Imposto Seletivo:<\/p>\n\n\n\n<h2 class=\"wp-block-heading\">Bebidas alco\u00f3licas<\/h2>\n\n\n\n<p>\u2022 &nbsp; &nbsp;Al\u00edquota de Imposto Seletivo proporcional ao teor alco\u00f3lico. Bebidas com maior teor, pagam mais tributos;<\/p>\n\n\n\n<p>\u2022 &nbsp; &nbsp;Taxa\u00e7\u00e3o gradual segue recomenda\u00e7\u00f5es da Organiza\u00e7\u00e3o Mundial da Sa\u00fade, da Organiza\u00e7\u00e3o para a Coopera\u00e7\u00e3o e Desenvolvimento Econ\u00f4mico e do Banco Mundial;<\/p>\n\n\n\n<p>\u2022 &nbsp; &nbsp;Proporcionalidade op\u00f5e ind\u00fastria de cerveja, que defende al\u00edquotas diferenciadas, e produtores de bebidas destiladas, que pedem al\u00edquotas iguais para todas as bebidas alco\u00f3licas.<\/p>\n\n\n\n<h2 class=\"wp-block-heading\">Cigarros<\/h2>\n\n\n\n<p>\u2022 &nbsp; &nbsp;Al\u00edquota proporcional ao teor de nicotina e alcatr\u00e3o, como ocorre atualmente.<\/p>\n\n\n\n<h2 class=\"wp-block-heading\">Ve\u00edculos, aeronaves e embarca\u00e7\u00f5es<\/h2>\n\n\n\n<p>\u2022 &nbsp; &nbsp; Imposto Seletivo incidir\u00e1 proporcionalmente ao grau de polui\u00e7\u00e3o e de falta de tecnologias inovadoras;<\/p>\n\n\n\n<p>\u2022 &nbsp; &nbsp; Ao todo, seis crit\u00e9rios ser\u00e3o aplicados para definir a al\u00edquota:<\/p>\n\n\n\n<p>&nbsp; &nbsp; &nbsp; &nbsp;\u2013 &nbsp; &nbsp;pot\u00eancia;<\/p>\n\n\n\n<p>&nbsp; &nbsp; &nbsp; &nbsp;\u2013 &nbsp; &nbsp;efici\u00eancia energ\u00e9tica;<\/p>\n\n\n\n<p>&nbsp; &nbsp; &nbsp; &nbsp;\u2013 &nbsp; &nbsp;desempenho estrutural e tecnologias assertivas \u00e0 dire\u00e7\u00e3o;<\/p>\n\n\n\n<p>&nbsp; &nbsp; &nbsp; &nbsp;\u2013 &nbsp; &nbsp;propor\u00e7\u00e3o de materiais recicl\u00e1veis;<\/p>\n\n\n\n<p>&nbsp; &nbsp; &nbsp; &nbsp;\u2013 &nbsp; &nbsp;pegada de carbono (emiss\u00e3o de g\u00e1s carb\u00f4nico);<\/p>\n\n\n\n<p>&nbsp; &nbsp; &nbsp; &nbsp;\u2013 &nbsp; &nbsp;densidade tecnol\u00f3gica (grau de tecnologias inovadoras).<\/p>\n\n\n\n<p>\u2022 &nbsp; &nbsp; Autom\u00f3veis considerados como sustent\u00e1veis ter\u00e3o al\u00edquota zero de Imposto Seletivo, com base nos seguintes itens:<\/p>\n\n\n\n<p>&nbsp; &nbsp; &nbsp; &nbsp;\u2013 &nbsp; &nbsp;pegada de carbono;<\/p>\n\n\n\n<p>&nbsp; &nbsp; &nbsp; &nbsp;\u2013 &nbsp; &nbsp;propor\u00e7\u00e3o de materiais recicl\u00e1veis no ve\u00edculo;<\/p>\n\n\n\n<p>&nbsp; &nbsp; &nbsp; &nbsp;\u2013 &nbsp; &nbsp;categoria do ve\u00edculo;<\/p>\n\n\n\n<p>&nbsp; &nbsp; &nbsp; &nbsp;\u2013 &nbsp; &nbsp;\u00edndice de produ\u00e7\u00e3o de componentes e de montagem no pa\u00eds.<\/p>\n\n\n\n<p>\u2022 &nbsp; &nbsp; Crit\u00e9rios est\u00e3o em linha com Programa Mobilidade Verde (Mover) e com o Plano de Transforma\u00e7\u00e3o Ecol\u00f3gica;<\/p>\n\n\n\n<p>\u2022 &nbsp; &nbsp; Al\u00edquota zero do Imposto Seletivo para t\u00e1xis e ve\u00edculos vendidos a pessoas com defici\u00eancia, mas o benef\u00edcio precisa ser reconhecido e regulamentado no Imposto sobre Bens e Servi\u00e7os<\/p>\n\n\n\n<h2 class=\"wp-block-heading\">Petr\u00f3leo, min\u00e9rio de ferro e g\u00e1s natural<\/h2>\n\n\n\n<p>\u2022 &nbsp; &nbsp; Al\u00edquota de at\u00e9 1% sobre o valor de mercado do petr\u00f3leo, do g\u00e1s natural e do min\u00e9rio de ferro extra\u00eddo;<\/p>\n\n\n\n<p>\u2022 &nbsp; &nbsp; Imposto Seletivo incidir\u00e1 inclusive sobre exporta\u00e7\u00f5es;<\/p>\n\n\n\n<p>\u2022 &nbsp; &nbsp; Lei ordin\u00e1ria estabelecer\u00e1 al\u00edquotas exatas para cada tipo de produto;<\/p>\n\n\n\n<p>\u2022 &nbsp; &nbsp; Al\u00edquota zero para os demais minerais, inclusive os minerais estrat\u00e9gicos que servir\u00e3o para a transi\u00e7\u00e3o energ\u00e9tica no Plano de Transforma\u00e7\u00e3o Ecol\u00f3gica;<\/p>\n\n\n\n<p>\u2022 &nbsp; &nbsp; Al\u00edquota zero para g\u00e1s natural usado como insumo pela ind\u00fastria;<\/p>\n\n\n\n<p>\u2022 &nbsp; &nbsp; Incid\u00eancia sobre exporta\u00e7\u00f5es pode ser questionada na Justi\u00e7a, porque um dos pilares da reforma \u00e9 a n\u00e3o exporta\u00e7\u00e3o de tributos.<\/p>\n\n\n\n<p>Fonte: Ag\u00eancia Brasil<\/p>\n","protected":false},"excerpt":{"rendered":"<p>Criado para tributar produtos prejudiciais \u00e0 sa\u00fade e ao meio ambiente, o Imposto Seletivo poupar\u00e1 os alimentos ultraprocessados. A exclus\u00e3o desse tipo de produto est\u00e1 prevista no projeto de lei complementar que regulamenta a reforma tribut\u00e1ria do consumo, enviado nesta quarta-feira (24) \u00e0 noite ao Congresso. O texto excluiu os alimentos ultraprocessados do chamado &#8220;Imposto [&hellip;]<\/p>\n","protected":false},"author":2,"featured_media":121748,"comment_status":"open","ping_status":"open","sticky":false,"template":"","format":"standard","meta":{"footnotes":""},"categories":[5],"tags":[11],"class_list":{"0":"post-120555","1":"post","2":"type-post","3":"status-publish","4":"format-standard","5":"has-post-thumbnail","7":"category-geral","8":"tag-destaque"},"_links":{"self":[{"href":"https:\/\/diariodoplaneta.com.br\/index.php?rest_route=\/wp\/v2\/posts\/120555","targetHints":{"allow":["GET"]}}],"collection":[{"href":"https:\/\/diariodoplaneta.com.br\/index.php?rest_route=\/wp\/v2\/posts"}],"about":[{"href":"https:\/\/diariodoplaneta.com.br\/index.php?rest_route=\/wp\/v2\/types\/post"}],"author":[{"embeddable":true,"href":"https:\/\/diariodoplaneta.com.br\/index.php?rest_route=\/wp\/v2\/users\/2"}],"replies":[{"embeddable":true,"href":"https:\/\/diariodoplaneta.com.br\/index.php?rest_route=%2Fwp%2Fv2%2Fcomments&post=120555"}],"version-history":[{"count":0,"href":"https:\/\/diariodoplaneta.com.br\/index.php?rest_route=\/wp\/v2\/posts\/120555\/revisions"}],"wp:featuredmedia":[{"embeddable":true,"href":"https:\/\/diariodoplaneta.com.br\/index.php?rest_route=\/wp\/v2\/media\/121748"}],"wp:attachment":[{"href":"https:\/\/diariodoplaneta.com.br\/index.php?rest_route=%2Fwp%2Fv2%2Fmedia&parent=120555"}],"wp:term":[{"taxonomy":"category","embeddable":true,"href":"https:\/\/diariodoplaneta.com.br\/index.php?rest_route=%2Fwp%2Fv2%2Fcategories&post=120555"},{"taxonomy":"post_tag","embeddable":true,"href":"https:\/\/diariodoplaneta.com.br\/index.php?rest_route=%2Fwp%2Fv2%2Ftags&post=120555"}],"curies":[{"name":"wp","href":"https:\/\/api.w.org\/{rel}","templated":true}]}}