{"id":120521,"date":"2024-04-24T14:46:25","date_gmt":"2024-04-24T17:46:25","guid":{"rendered":"https:\/\/diariodoplaneta.com.br\/?p=120521"},"modified":"2024-04-24T14:46:25","modified_gmt":"2024-04-24T17:46:25","slug":"operacao-prende-sete-por-suspeita-de-trafico-internacional-de-thc","status":"publish","type":"post","link":"https:\/\/diariodoplaneta.com.br\/?p=120521","title":{"rendered":"Opera\u00e7\u00e3o prende sete por suspeita de tr\u00e1fico internacional de THC"},"content":{"rendered":"\n<p>Policiais civis do Distrito Federal, Rio de Janeiro e S\u00e3o Paulo detiveram, nesta quarta-feira (24), sete pessoas suspeitas de importar e revender, ilegalmente, \u00f3leo de maconha. Duas pessoas apontadas como l\u00edderes do suposto esquema n\u00e3o foram localizadas e seguem foragidas.<\/p>\n\n\n\n<p>As pris\u00f5es t\u00eam car\u00e1ter preventivo. A a\u00e7\u00e3o, batizada de Opera\u00e7\u00e3o Refil Verde, foi coordenada pela Pol\u00edcia Civil do Distrito Federal, no \u00e2mbito da Opera\u00e7\u00e3o Narke, do Minist\u00e9rio da Justi\u00e7a e Seguran\u00e7a P\u00fablica.<\/p>\n\n\n\n<p>Segundo o delegado Rog\u00e9rio Rezende, da Coordena\u00e7\u00e3o de Repress\u00e3o \u00e0s Drogas (Cord) do Distrito Federal, os suspeitos operavam um sofisticado esquema de tr\u00e1fico internacional de drogas e lavagem de dinheiro, com ramifica\u00e7\u00f5es em diferentes unidades federativas.<\/p>\n\n\n\n<p>Ainda de acordo com o delegado, as investiga\u00e7\u00f5es come\u00e7aram h\u00e1 cerca de um ano, depois que os Correios comunicaram \u00e0 Pol\u00edcia Civil do Distrito Federal que funcion\u00e1rios da empresa tinham retido uma encomenda suspeita. No decorrer da apura\u00e7\u00e3o, os investigadores reuniram provas de que os nove suspeitos compravam uma grande quantidade de \u00f3leo de cannabis de empresas dos Estados Unidos. O produto era enviado para endere\u00e7os no Paraguai, misturado em potes de cera para depila\u00e7\u00e3o.<\/p>\n\n\n\n<p>\u201cDo Paraguai, o produto era trazido para o Brasil via Foz do Igua\u00e7u (PR)\u201d, afirmou Rezende a jornalistas. O produto era ent\u00e3o remetido, pelos Correios, para S\u00e3o Paulo, onde parte do grupo o dissolvia. O \u00f3leo de maconha era ent\u00e3o envasado em frascos comprados da China, identificados com uma logomarca do produto, e revendido para o restante do pa\u00eds. Segundo Rezende, em apenas um m\u00eas, o grupo chegou a movimentar cerca de R$ 2 milh\u00f5es com o esquema.<\/p>\n\n\n\n<p>Al\u00e9m dos acusados de adquirir, preparar e distribuir a subst\u00e2ncia, o suposto esquema contava ainda com um profissional encarregado de criar e administrar os&nbsp;<em>sites<\/em>&nbsp;na internet e perfis em redes sociais que o grupo usava para vender o \u00f3leo de cannabis e os cigarros eletr\u00f4nicos para consumo da subst\u00e2ncia. Nesta quarta-feira, a&nbsp;<a href=\"https:\/\/agenciabrasil.ebc.com.br\/saude\/noticia\/2024-04\/anvisa-publica-resolucao-que-proibe-cigarro-eletronico-no-brasil\" target=\"_blank\" rel=\"noreferrer noopener\">Anvisa proibiu a fabrica\u00e7\u00e3o<\/a>, importa\u00e7\u00e3o, comercializa\u00e7\u00e3o e distribui\u00e7\u00e3o de cigarros eletr\u00f4nicos.<\/p>\n\n\n\n<p>\u201cEm dado momento, o rapaz da tecnologia pediu para deixar de ser remunerado como mero ajudante, para receber como membro da organiza\u00e7\u00e3o. Porque ele viu o quanto de dinheiro isso estava rendendo e que ele era o respons\u00e1vel por organizar o bra\u00e7o tecnol\u00f3gico\u201d, comentou Rezende, revelando que o rapaz foi detido no Rio de Janeiro. De acordo com a Pol\u00edcia Civil do Rio de Janeiro, a pris\u00e3o ocorreu em Nova Igua\u00e7u, na Baixada Fluminense (RJ).<\/p>\n\n\n\n<p>Ainda segundo os investigadores, os suspeitos abriam contas banc\u00e1rias fraudulentas em nomes de terceiros, burlando tecnologias de reconhecimento facial. Tamb\u00e9m criavam empresas fantasmas e usavam documentos falsos para tentar impedir que as autoridades p\u00fablicas identificassem a exist\u00eancia de um \u201ccomplexo sistema de lavagem de dinheiro proveniente do mercado il\u00edcito das drogas\u201d.<\/p>\n\n\n\n<h2 class=\"wp-block-heading\">Influenciadoras<\/h2>\n\n\n\n<p>O grupo tamb\u00e9m contava com a visibilidade de influenciadores digitais de diferentes regi\u00f5es, contratados para \u201cdivulgar os produtos\u201d, expandido as vendas para todo o pa\u00eds. Tr\u00eas influenciadoras brasilienses com milhares de seguidores nas redes sociais est\u00e3o entre os sete presos preventivos esta manh\u00e3.<\/p>\n\n\n\n<p>\u201cEstas influenciadoras eram respons\u00e1veis por fazer a propaganda do entorpecente. [Em v\u00eddeos, elas] fumavam, falavam sobre o barato que ele dava e o vendiam. Ainda n\u00e3o sabemos se elas eram remuneradas por percentual de venda ou se havia um pagamento mensal\u201d, acrescentou Rezende, destacando que os investigados tamb\u00e9m podem responder por crimes contra a sa\u00fade p\u00fablica.<\/p>\n\n\n\n<p>\u201cAo adquirir este tipo de produto, a pessoa, al\u00e9m de estar consumindo o THC [tetrahidrocarbinol], est\u00e1 ingerindo outros produtos qu\u00edmicos. Imagina o mal que isso faz para a pessoa. Por isso temos que reprimir este tipo de modalidade criminosa. Porque al\u00e9m da quest\u00e3o criminal, \u00e9 tamb\u00e9m uma quest\u00e3o de sa\u00fade p\u00fablica muito s\u00e9ria\u201d, finalizou Rezende, adiantando que as autoridades policiais pedir\u00e3o que todos os sites, perfis em redes sociais e publica\u00e7\u00f5es associadas \u00e0 oferta do \u00f3leo sejam retirados do ar.<\/p>\n\n\n\n<p>O THC, junto com o canabidiol (CBD), \u00e9 um dos compostos da&nbsp;<em>Cannabis sativa<\/em>, estudado tanto por suas propriedades psicoativas, quanto por seu potencial terap\u00eautico.<\/p>\n\n\n\n<p>Fonte: Ag\u00eancia Brasil<\/p>\n","protected":false},"excerpt":{"rendered":"<p>Policiais civis do Distrito Federal, Rio de Janeiro e S\u00e3o Paulo detiveram, nesta quarta-feira (24), sete pessoas suspeitas de importar e revender, ilegalmente, \u00f3leo de maconha. Duas pessoas apontadas como l\u00edderes do suposto esquema n\u00e3o foram localizadas e seguem foragidas. As pris\u00f5es t\u00eam car\u00e1ter preventivo. A a\u00e7\u00e3o, batizada de Opera\u00e7\u00e3o Refil Verde, foi coordenada pela [&hellip;]<\/p>\n","protected":false},"author":2,"featured_media":121718,"comment_status":"open","ping_status":"open","sticky":false,"template":"","format":"standard","meta":{"footnotes":""},"categories":[5],"tags":[11],"class_list":{"0":"post-120521","1":"post","2":"type-post","3":"status-publish","4":"format-standard","5":"has-post-thumbnail","7":"category-geral","8":"tag-destaque"},"_links":{"self":[{"href":"https:\/\/diariodoplaneta.com.br\/index.php?rest_route=\/wp\/v2\/posts\/120521","targetHints":{"allow":["GET"]}}],"collection":[{"href":"https:\/\/diariodoplaneta.com.br\/index.php?rest_route=\/wp\/v2\/posts"}],"about":[{"href":"https:\/\/diariodoplaneta.com.br\/index.php?rest_route=\/wp\/v2\/types\/post"}],"author":[{"embeddable":true,"href":"https:\/\/diariodoplaneta.com.br\/index.php?rest_route=\/wp\/v2\/users\/2"}],"replies":[{"embeddable":true,"href":"https:\/\/diariodoplaneta.com.br\/index.php?rest_route=%2Fwp%2Fv2%2Fcomments&post=120521"}],"version-history":[{"count":0,"href":"https:\/\/diariodoplaneta.com.br\/index.php?rest_route=\/wp\/v2\/posts\/120521\/revisions"}],"wp:featuredmedia":[{"embeddable":true,"href":"https:\/\/diariodoplaneta.com.br\/index.php?rest_route=\/wp\/v2\/media\/121718"}],"wp:attachment":[{"href":"https:\/\/diariodoplaneta.com.br\/index.php?rest_route=%2Fwp%2Fv2%2Fmedia&parent=120521"}],"wp:term":[{"taxonomy":"category","embeddable":true,"href":"https:\/\/diariodoplaneta.com.br\/index.php?rest_route=%2Fwp%2Fv2%2Fcategories&post=120521"},{"taxonomy":"post_tag","embeddable":true,"href":"https:\/\/diariodoplaneta.com.br\/index.php?rest_route=%2Fwp%2Fv2%2Ftags&post=120521"}],"curies":[{"name":"wp","href":"https:\/\/api.w.org\/{rel}","templated":true}]}}