{"id":119209,"date":"2024-03-21T09:35:53","date_gmt":"2024-03-21T12:35:53","guid":{"rendered":"https:\/\/diariodoplaneta.com.br\/?p=119103"},"modified":"2024-03-21T09:35:53","modified_gmt":"2024-03-21T12:35:53","slug":"copa-do-nordeste-bahia-e-ceara-vencem-em-noite-de-classicos","status":"publish","type":"post","link":"https:\/\/diariodoplaneta.com.br\/?p=119209","title":{"rendered":"Copa do Nordeste: Bahia e Cear\u00e1 vencem em noite de cl\u00e1ssicos"},"content":{"rendered":"\n<p><br>A Copa do Nordeste teve uma quarta-feira (20) de cl\u00e1ssicos, com destaque para as vit\u00f3rias de Bahia e Cear\u00e1, respectivamente sobre Vit\u00f3ria e Fortaleza. Os confrontos foram v\u00e1lidos pela 6\u00aa rodada da fase de grupos da competi\u00e7\u00e3o.<img decoding=\"async\" src=\"https:\/\/agenciabrasil.ebc.com.br\/ebc.png?id=1586531&amp;o=node\"><img decoding=\"async\" src=\"https:\/\/agenciabrasil.ebc.com.br\/ebc.gif?id=1586531&amp;o=node\"><\/p>\n\n\n\n<p>Jogando na Arena Fonte Nova o Bahia mostrou for\u00e7a para derrotar o Vit\u00f3ria de virada para alcan\u00e7ar os 15 pontos na lideran\u00e7a do Grupo B da competi\u00e7\u00e3o e carimbar a classifica\u00e7\u00e3o para as quartas de finais. J\u00e1 o Vit\u00f3ria permaneceu com 8 pontos e caiu para a 5\u00aa posi\u00e7\u00e3o do Grupo A ap\u00f3s o rev\u00e9s.<\/p>\n\n\n\n<figure class=\"wp-block-embed aligncenter is-type-rich is-provider-twitter wp-block-embed-twitter\"><div class=\"wp-block-embed__wrapper\">\n<blockquote class=\"twitter-tweet\" data-width=\"550\" data-dnt=\"true\"><p lang=\"pt\" dir=\"ltr\">\ud83d\ude4c\ud83c\udffe DE A\u00c7O, DE VIRADA!<br>Com gols de Jean Lucas e Kanu, Esquadr\u00e3o vence Ba-Vi por 2 a 1 numa Fonte com 48 mil tricolores e se isola na lideran\u00e7a do Grupo B. <a href=\"https:\/\/twitter.com\/hashtag\/BBMP?src=hash&amp;ref_src=twsrc%5Etfw\">#BBMP<\/a> <a href=\"https:\/\/twitter.com\/hashtag\/Paix%C3%A3oQueVibra?src=hash&amp;ref_src=twsrc%5Etfw\">#Paix\u00e3oQueVibra<\/a> <a href=\"https:\/\/t.co\/UWyZl5LSZP\">pic.twitter.com\/UWyZl5LSZP<\/a><\/p>&mdash; Esporte Clube Bahia (@ecbahia) <a href=\"https:\/\/twitter.com\/ecbahia\/status\/1770641947608199198?ref_src=twsrc%5Etfw\">March 21, 2024<\/a><\/blockquote><script async src=\"https:\/\/platform.twitter.com\/widgets.js\" charset=\"utf-8\"><\/script>\n<\/div><\/figure>\n\n\n\n<p>O Tricolor viu o Rubro-Negro abrir o placar com um gola\u00e7o de Alerrandro logo aos 8 minutos do primeiro tempo para depois virar o marcador gra\u00e7as \u00e0 efici\u00eancia de Jean Lucas, aos 34 da etapa inicial, e de Kanu, 14 minutos depois.<\/p>\n\n\n\n<p>J\u00e1 no Castel\u00e3o quem triunfou foi o Cear\u00e1, que contou com um gol do lateral Ra\u00ed Ramos aos 20 da etapa final para superar o Fortaleza por 1 a 0. A vit\u00f3ria levou o Voz\u00e3o aos 9 pontos, na 4\u00aa posi\u00e7\u00e3o do Grupo A. J\u00e1 o Fortaleza permaneceu na vice-lideran\u00e7a do Grupo B com 8 pontos.<\/p>\n\n\n\n<figure class=\"wp-block-embed aligncenter is-type-rich is-provider-twitter wp-block-embed-twitter\"><div class=\"wp-block-embed__wrapper\">\n<blockquote class=\"twitter-tweet\" data-width=\"550\" data-dnt=\"true\"><p lang=\"pt\" dir=\"ltr\">Fiiiiiiiiiim de jogo na Arena Voz\u00e3o.<br><br>Com gol do meu lateral artilheiro, Ra\u00ed Ramos, o Voz\u00e3o vence o segundo Cl\u00e1ssico-Rei do ano.<br><br>\ud83d\udcf8 Felipe Santos \/ Cear\u00e1 SC<a href=\"https:\/\/twitter.com\/hashtag\/FECxCSC?src=hash&amp;ref_src=twsrc%5Etfw\">#FECxCSC<\/a> &#8211; 0x1 <a href=\"https:\/\/twitter.com\/hashtag\/CopaDoNordeste2024?src=hash&amp;ref_src=twsrc%5Etfw\">#CopaDoNordeste2024<\/a> <a href=\"https:\/\/twitter.com\/hashtag\/TodoMundoJogaJunto?src=hash&amp;ref_src=twsrc%5Etfw\">#TodoMundoJogaJunto<\/a> <a href=\"https:\/\/t.co\/CpM2NBv2un\">pic.twitter.com\/CpM2NBv2un<\/a><\/p>&mdash; Cear\u00e1 Sporting Club (@CearaSC) <a href=\"https:\/\/twitter.com\/CearaSC\/status\/1770638888207290421?ref_src=twsrc%5Etfw\">March 21, 2024<\/a><\/blockquote><script async src=\"https:\/\/platform.twitter.com\/widgets.js\" charset=\"utf-8\"><\/script>\n<\/div><\/figure>\n\n\n\n<h2 class=\"wp-block-heading\">Outros resultados:<\/h2>\n\n\n\n<p>CRB 3 x 1 Juazeirense<br>Am\u00e9rica-RN 1 x 0 ABC<br>River-PI 0 x 0 Altos<br>Sport 2 x 2 N\u00e1utico<\/p>\n\n\n\n<p>Fonte: Ag\u00eancia Brasil<\/p>\n","protected":false},"excerpt":{"rendered":"<p>A Copa do Nordeste teve uma quarta-feira (20) de cl\u00e1ssicos, com destaque para as vit\u00f3rias de Bahia e Cear\u00e1, respectivamente sobre Vit\u00f3ria e Fortaleza. Os confrontos foram v\u00e1lidos pela 6\u00aa rodada da fase de grupos da competi\u00e7\u00e3o. Jogando na Arena Fonte Nova o Bahia mostrou for\u00e7a para derrotar o Vit\u00f3ria de virada para alcan\u00e7ar os [&hellip;]<\/p>\n","protected":false},"author":2,"featured_media":120055,"comment_status":"open","ping_status":"open","sticky":false,"template":"","format":"standard","meta":{"footnotes":""},"categories":[16],"tags":[24],"class_list":{"0":"post-119209","1":"post","2":"type-post","3":"status-publish","4":"format-standard","5":"has-post-thumbnail","7":"category-esportes","8":"tag-manchete"},"_links":{"self":[{"href":"https:\/\/diariodoplaneta.com.br\/index.php?rest_route=\/wp\/v2\/posts\/119209","targetHints":{"allow":["GET"]}}],"collection":[{"href":"https:\/\/diariodoplaneta.com.br\/index.php?rest_route=\/wp\/v2\/posts"}],"about":[{"href":"https:\/\/diariodoplaneta.com.br\/index.php?rest_route=\/wp\/v2\/types\/post"}],"author":[{"embeddable":true,"href":"https:\/\/diariodoplaneta.com.br\/index.php?rest_route=\/wp\/v2\/users\/2"}],"replies":[{"embeddable":true,"href":"https:\/\/diariodoplaneta.com.br\/index.php?rest_route=%2Fwp%2Fv2%2Fcomments&post=119209"}],"version-history":[{"count":0,"href":"https:\/\/diariodoplaneta.com.br\/index.php?rest_route=\/wp\/v2\/posts\/119209\/revisions"}],"wp:featuredmedia":[{"embeddable":true,"href":"https:\/\/diariodoplaneta.com.br\/index.php?rest_route=\/wp\/v2\/media\/120055"}],"wp:attachment":[{"href":"https:\/\/diariodoplaneta.com.br\/index.php?rest_route=%2Fwp%2Fv2%2Fmedia&parent=119209"}],"wp:term":[{"taxonomy":"category","embeddable":true,"href":"https:\/\/diariodoplaneta.com.br\/index.php?rest_route=%2Fwp%2Fv2%2Fcategories&post=119209"},{"taxonomy":"post_tag","embeddable":true,"href":"https:\/\/diariodoplaneta.com.br\/index.php?rest_route=%2Fwp%2Fv2%2Ftags&post=119209"}],"curies":[{"name":"wp","href":"https:\/\/api.w.org\/{rel}","templated":true}]}}