{"id":119090,"date":"2024-03-13T13:17:19","date_gmt":"2024-03-13T16:17:19","guid":{"rendered":"https:\/\/diariodoplaneta.com.br\/?p=118694"},"modified":"2024-03-13T13:17:19","modified_gmt":"2024-03-13T16:17:19","slug":"viuva-de-jango-participa-de-ato-pelos-60-anos-do-comicio-na-central","status":"publish","type":"post","link":"https:\/\/diariodoplaneta.com.br\/?p=119090","title":{"rendered":"Vi\u00fava de Jango participa de ato pelos 60 anos do com\u00edcio na Central"},"content":{"rendered":"\n<p><br>O com\u00edcio da Central do Brasil do dia 13 de mar\u00e7o de 1964, em que o ent\u00e3o presidente da Rep\u00fablica, Jo\u00e3o Goulart, conhecido como Jango, anunciou reformas estruturais para o Brasil, completa 60 anos nesta quarta-feira (13). Para&nbsp;Maria Thereza Goulart, vi\u00fava de Jango (na foto em destaque, no dia do com\u00edcio), foi um dos momentos mais marcantes de sua vida.&nbsp;&nbsp;<img decoding=\"async\" src=\"https:\/\/agenciabrasil.ebc.com.br\/ebc.png?id=1585391&amp;o=node\"><img decoding=\"async\" src=\"https:\/\/agenciabrasil.ebc.com.br\/ebc.gif?id=1585391&amp;o=node\"><\/p>\n\n\n\n<blockquote class=\"wp-block-quote is-layout-flow wp-block-quote-is-layout-flow\">\n<p>\u201cPrimeiro, porque foi uma expectativa muito grande do que poderia acontecer; um momento em que me senti muito orgulhosa de estar do lado do meu marido; e a preocupa\u00e7\u00e3o, o p\u00e2nico, o pavor que eu sempre tive de multid\u00e3o. Foram tr\u00eas coisas important\u00edssimas. Acho que foi um dos momentos mais marcantes da minha vida\u201d, relembra, em entrevista \u00e0&nbsp;<strong>Ag\u00eancia Brasil<\/strong>.<\/p>\n<\/blockquote>\n\n\n\n<p>Os 60 anos do com\u00edcio ser\u00e3o lembrados em ato que ocorrer\u00e1 nesta quarta-feira (13), na Associa\u00e7\u00e3o Brasileira de Imprensa (ABI). Antes do ato, o Museu Virtual Rio Mem\u00f3rias abrir\u00e1, \u00e0s 16h, a exposi\u00e7\u00e3o virtual e f\u00edsica \u201cRio 64 \u2013 a capital do golpe\u201d sobre o golpe de 1964, que resultou na implanta\u00e7\u00e3o da ditadura militar no Brasil. A mostra cont\u00e9m imagens marcantes do per\u00edodo que precedeu o golpe militar que culminou na deposi\u00e7\u00e3o do ent\u00e3o presidente Jo\u00e3o Goulart, o Jango.<\/p>\n\n\n\n<p>O presidente da ABI, Ot\u00e1vio Costa, destaca a import\u00e2ncia de se celebrar o que chama de&nbsp; \u201c\u00faltimo grande ato do governo Jo\u00e3o Goulart\u201d, o com\u00edcio da Central do Brasil, quando o governo Jango \u201ctenta dar uma demonstra\u00e7\u00e3o de unidade das for\u00e7as progressistas, das for\u00e7as populares, e anuncia as reformas de base\u201d.<\/p>\n\n\n\n<p>Costa lembra que essas eram reformas amplas que abrangiam v\u00e1rias \u00e1reas como a reforma agr\u00e1ria, reforma do ensino, reforma urbana, reforma tribut\u00e1ria. \u201cVoc\u00ea tinha ali v\u00e1rias propostas do governo Jo\u00e3o Goulart, todas atendendo demandas populares tamb\u00e9m, porque eram demandas dos sindicatos, dos partidos pol\u00edticos de esquerda, de movimentos populares, do Comando Geral dos Trabalhadores, que, inclusive, foi uma das entidades que saiu \u00e0 frente na convoca\u00e7\u00e3o do com\u00edcio\u201d.<\/p>\n\n\n\n<h2 class=\"wp-block-heading\">Ato hist\u00f3rico<\/h2>\n\n\n\n<p>Durante o evento, que antecedeu em duas semanas o golpe militar que colocaria o Brasil por 21 anos em uma ditadura, Jango anunciou que enviaria ao Congresso&nbsp;projetos de reformas que previam mudan\u00e7as profundas no pa\u00eds, a come\u00e7ar pela reforma agr\u00e1ria, com desapropria\u00e7\u00e3o de latif\u00fandios com mais de 500 hectares, e a encampa\u00e7\u00e3o de refinarias de petr\u00f3leo privadas.&nbsp; Os partidos de direita e setores conservadores da sociedade argumentaram que Jango queria implantar o comunismo no pa\u00eds, e o depuseram no dia 1\u00ba de abril de 1964. A fam\u00edlia foi exilada do Brasil em seguida.<\/p>\n\n\n\n<p>Segundo o presidente da ABI, o com\u00edcio foi um sucesso, reunindo mais de 200 mil pessoas na Central do Brasil. \u201cN\u00f3s estamos falando de um pa\u00eds que tinha 80 milh\u00f5es de habitantes. Estamos falando do Rio de Janeiro, que tinha 3 milh\u00f5es de habitantes. Voc\u00ea imagina que 200 mil pessoas na Central do Brasil atenderam \u00e0 convoca\u00e7\u00e3o. Houve falas do presidente da Uni\u00e3o Nacional dos Estudantes (UNE), Jos\u00e9 Serra; do ex-governador Leonel Brizola, que era deputado federal; o (soci\u00f3logo e pol\u00edtico) Darcy Ribeiro falou\u201d.<\/p>\n\n\n\n<p>Ot\u00e1vio Costa considera o discurso final, do Jango, \u201cexcepcional\u201d. \u201cEle faz uma abertura, falando da quest\u00e3o da democracia. Havia as for\u00e7as reacion\u00e1rias \u2013 militares, empres\u00e1rios, a pr\u00f3pria igreja \u2013 que diziam que Jango ia levar o pa\u00eds ao comunismo, que era subversivo\u201d. O ex-presidente faz ent\u00e3o uma introdu\u00e7\u00e3o sobre democracia e acentuando que n\u00e3o era subversivo, mas estava ali falando em nome do povo. \u201cEstou na pra\u00e7a do povo, falando em nome do povo. Subversivo \u00e9 quem quer dar um golpe em um governo constitucionalmente eleito\u201d, relembra Costa.&nbsp;<\/p>\n\n\n\n<p>Subversivo, para o ex-presidente, era quem estava contra a vontade do povo. Costa salientou que a ABI escolheu celebrar o epis\u00f3dio por considerar que o com\u00edcio&nbsp;foi um ato importante e hist\u00f3rico. \u201cE uma tentativa de mostrar aos golpistas que as for\u00e7as populares, que as for\u00e7as progressistas, que a esquerda do Brasil estavam unidas contra o golpe. Da\u00ed a import\u00e2ncia desse evento\u201d.<\/p>\n\n\n\n<p>O ato da ABI contar\u00e1 com a presen\u00e7a da vi\u00fava do ex-presidente Jo\u00e3o Goulart, a filha deles, Denize, e netas. Tamb\u00e9m estar\u00e3o no evento Clodsmidt Riani Filho, cujo pai foi organizador do com\u00edcio; parentes do ex-governador Leonel Brizola; entidades do movimento social como o Movimento dos Trabalhadores Rurais Sem Terra (MST) e Coaliz\u00e3o Brasil por Mem\u00f3ria, Verdade, Justi\u00e7a, Repara\u00e7\u00e3o e Democracia; parlamentares, sindicatos, lideran\u00e7as estudantis; o conselheiro da ABI, professor Ivan Proen\u00e7a, hist\u00f3rico defensor da democracia, que atuou na resist\u00eancia ao golpe de 1964; al\u00e9m de Gabriel do Vale, cantor e neto do \u2018poeta do povo\u201d, Jo\u00e3o do Vale, que far\u00e1 uma participa\u00e7\u00e3o especial.<\/p>\n\n\n\n<h2 class=\"wp-block-heading\">Hist\u00f3ria<\/h2>\n\n\n\n<p>Em entrevista \u00e0&nbsp;<strong>Ag\u00eancia Brasil<\/strong>, a vi\u00fava de Jango afirma que os fatos ocorridos depois do&nbsp;com\u00edcio afetaram sua vida para sempre.&nbsp;\u201cPerdemos a nossa p\u00e1tria, nossos sonhos, os amigos. Eu perdi meu pai e minha m\u00e3e. Para mim, foi muito marcante. Sempre me lembro muito de meus pais porque, quando fui para o ex\u00edlio, eu perdi minha m\u00e3e, com 58 anos de idade, depois meu pai\u201d.<\/p>\n\n\n\n<p>Durante o ex\u00edlio imposto pelo governo militar, a fam\u00edlia Goulart sofreu muitas persegui\u00e7\u00f5es. \u201cNossa vida foi muito controlada. Tinha pessoas que controlavam tudo: aonde n\u00f3s and\u00e1vamos, a nossa casa, a nossa vida. Tudo, tudo. N\u00f3s fomos realmente perseguidos em outro pa\u00eds\u201d. Maria Thereza admitiu, no entanto, que&nbsp; o Uruguai, onde a fam\u00edlia ficou exilada, foi sua segunda p\u00e1tria. \u201cPara mim, foi muito importante, porque meus filhos eram muito pequenos e eu pude educ\u00e1-los no col\u00e9gio. Eles fizeram amizades que at\u00e9 hoje conservam. Ent\u00e3o, teve essa parte tamb\u00e9m\u201d.<\/p>\n\n\n\n<p>Maria Thereza considera que a pior parte do ex\u00edlio foi a tristeza e o abatimento do Jango. \u201cO resto eu tratei de tocar minha vida, porque eu tinha t\u00e3o pouca idade. Acho que quando a gente tem pouca idade, parece que tem mais for\u00e7a; a gente encara melhor as situa\u00e7\u00f5es, mas a nossa vida foi muito controlada\u201d.<\/p>\n\n\n\n<p>A vi\u00fava de Jango ressalta que n\u00e3o consegue entender como ainda h\u00e1 quem defenda a volta da ditadura militar ao Brasil. \u201cAcho horr\u00edvel. Sinceramente, n\u00e3o entendo como as pessoas podem pensar dessa maneira, embora admito que cada pessoa tem o seu modo de pensar, de agir e de falar. Mas eu fico realmente impressionada como elas conseguem se adaptar nesse modelo de que n\u00e3o importa a ditadura. Eu n\u00e3o consigo acreditar\u201d.<\/p>\n\n\n\n<p>Para o Brasil de hoje, Maria Thereza espera um \u201cmilagre\u201d para que o pa\u00eds tenha melhorias significativas. \u201cAcho que cada um se acomoda no lugar e n\u00e3o acontece nada. Eu fico muito preocupada com a viol\u00eancia aqui no Brasil\u201d. Quando retornou ao pa\u00eds ap\u00f3s o ex\u00edlio, ela teve a percep\u00e7\u00e3o de um ambiente violento,&nbsp; pessoas nervosas e de pobreza permanente.&nbsp;<\/p>\n\n\n\n<h2 class=\"wp-block-heading\">Exposi\u00e7\u00e3o<\/h2>\n\n\n\n<p>A exposi\u00e7\u00e3o Rio 64 \u2013 a Capital do Golpe, que abarca o per\u00edodo compreendido entre 1\u00ba de janeiro de 1964 at\u00e9 15 de abril do mesmo ano, quando o general Humberto Castelo Branco tomou posse como 26\u00ba presidente do Brasil e primeiro presidente do per\u00edodo da ditadura militar, tendo sido um dos articuladores do golpe ocorrido na madrugada do dia 1\u00ba de abril de 1964.<\/p>\n\n\n<div class=\"wp-block-image\">\n<figure class=\"aligncenter is-resized\"><img decoding=\"async\" src=\"https:\/\/imagens.ebc.com.br\/v_Uf5F7671vmvkpPqhBgBcrjqVg=\/754x0\/smart\/https:\/\/agenciabrasil.ebc.com.br\/sites\/default\/files\/thumbnails\/image\/2024\/03\/12\/exposicao_60_anos_golpe_2.jpg?itok=sg7rc05D\" alt=\"Rio de Janeiro (RJ) 12\/03\/2024 - Rio 64 - a capital do golpe\" style=\"width:484px;height:auto\" title=\"Rio Mem\u00f3rias\/Divulga\u00e7\u00e3o\"\/><figcaption class=\"wp-element-caption\"><sub><sup>Fotorafia na exposi\u00e7\u00e3o Rio 64 &#8211; a Capital do Golpe, aberta na ABI\u00a0 &#8211;\u00a0<strong>Rio Mem\u00f3rias\/Divulga\u00e7\u00e3o<\/strong><\/sup><\/sub><\/figcaption><\/figure>\n<\/div>\n\n\n<p>Idealizadora do Rio Mem\u00f3rias, L\u00edvia S\u00e1 Bai\u00e3o disse \u00e0 Ag\u00eancia Brasil que a mostra destaca outros acontecimentos hist\u00f3ricos do per\u00edodo, como a fala de Jo\u00e3o Goulart durante reuni\u00e3o de sargentos no Autom\u00f3vel Clube. No dia 30 de mar\u00e7o de 1964; declara\u00e7\u00f5es do governador do ent\u00e3o estado da Guanabara, Carlos Lacerda; entre outros fatos marcantes. \u201cTem todo o contexto cultural da \u00e9poca\u201d, disse L\u00edvia. \u201cFoi o ano em que o surf chegou ao Rio, que a atriz francesa Brigitte Bardot veio ao Brasil, que os Beatles estavam fazendo muito sucesso, as m\u00fasicas mais tocadas eram deles, a Bossa Nova ainda estava no auge. Enfim, todo o contexto hist\u00f3rico, cultural e intelectual tamb\u00e9m est\u00e1 na exposi\u00e7\u00e3o\u201d.<\/p>\n\n\n\n<p>A exposi\u00e7\u00e3o ficar\u00e1 em cartaz at\u00e9 o dia 13 de abril. Ela tem curadoria assinada por Heloisa Starling, escritora, historiadora, professora da Universidade Federal de Minas Gerais (UFMG) e coordenadora do Projeto Rep\u00fablica, e por Danilo Marques, doutor em hist\u00f3ria pela UFMG e pesquisador do Projeto Rep\u00fablica.<\/p>\n\n\n\n<p>Simultaneamente \u00e0 inaugura\u00e7\u00e3o da exposi\u00e7\u00e3o f\u00edsica, ser\u00e1 lan\u00e7ada a vers\u00e3o virtual no&nbsp;<a href=\"http:\/\/www.riomemorias.com.br\/\" target=\"_blank\" rel=\"noreferrer noopener\">site Rio Mem\u00f3rias<\/a>&nbsp;, onde os visitantes j\u00e1 podem acessar na \u00edntegra as mem\u00f3rias apresentadas na exposi\u00e7\u00e3o f\u00edsica, al\u00e9m de outros acontecimentos.<\/p>\n\n\n\n<h2 class=\"wp-block-heading\">Rio Mem\u00f3rias<\/h2>\n\n\n\n<p>O Rio Mem\u00f3rias \u00e9 um museu virtual, fundado em 2019, que tem como miss\u00e3o registrar, valorizar e divulgar a hist\u00f3ria e a cultura do Rio de Janeiro. Al\u00e9m do museu virtual, o Rio Mem\u00f3rias promove atividades educativas em escolas p\u00fablicas, exposi\u00e7\u00f5es f\u00edsicas e podcasts (programas de r\u00e1dio que podem ser ouvidos na internet a qualquer hora) narrativos. As galerias do Rio Mem\u00f3rias s\u00e3o tem\u00e1ticas e narram a hist\u00f3ria da cidade sem seguir uma ordem cronol\u00f3gica, permitindo que os visitantes construam seus pr\u00f3prios roteiros pelas narrativas. Atualmente, o museu conta com 21 galerias. \u201cMais de mil \u201cmem\u00f3rias\u201d que s\u00e3o os textos narrativos com as imagens\u201d, afirmou L\u00edvia S\u00e1 Bai\u00e3o.<\/p>\n\n\n\n<p>Fonte: Ag\u00eancia Brasil<\/p>\n","protected":false},"excerpt":{"rendered":"<p>O com\u00edcio da Central do Brasil do dia 13 de mar\u00e7o de 1964, em que o ent\u00e3o presidente da Rep\u00fablica, Jo\u00e3o Goulart, conhecido como Jango, anunciou reformas estruturais para o Brasil, completa 60 anos nesta quarta-feira (13). Para&nbsp;Maria Thereza Goulart, vi\u00fava de Jango (na foto em destaque, no dia do com\u00edcio), foi um dos momentos [&hellip;]<\/p>\n","protected":false},"author":2,"featured_media":119685,"comment_status":"open","ping_status":"open","sticky":false,"template":"","format":"standard","meta":{"footnotes":""},"categories":[5],"tags":[24],"class_list":{"0":"post-119090","1":"post","2":"type-post","3":"status-publish","4":"format-standard","5":"has-post-thumbnail","7":"category-geral","8":"tag-manchete"},"_links":{"self":[{"href":"https:\/\/diariodoplaneta.com.br\/index.php?rest_route=\/wp\/v2\/posts\/119090","targetHints":{"allow":["GET"]}}],"collection":[{"href":"https:\/\/diariodoplaneta.com.br\/index.php?rest_route=\/wp\/v2\/posts"}],"about":[{"href":"https:\/\/diariodoplaneta.com.br\/index.php?rest_route=\/wp\/v2\/types\/post"}],"author":[{"embeddable":true,"href":"https:\/\/diariodoplaneta.com.br\/index.php?rest_route=\/wp\/v2\/users\/2"}],"replies":[{"embeddable":true,"href":"https:\/\/diariodoplaneta.com.br\/index.php?rest_route=%2Fwp%2Fv2%2Fcomments&post=119090"}],"version-history":[{"count":0,"href":"https:\/\/diariodoplaneta.com.br\/index.php?rest_route=\/wp\/v2\/posts\/119090\/revisions"}],"wp:featuredmedia":[{"embeddable":true,"href":"https:\/\/diariodoplaneta.com.br\/index.php?rest_route=\/wp\/v2\/media\/119685"}],"wp:attachment":[{"href":"https:\/\/diariodoplaneta.com.br\/index.php?rest_route=%2Fwp%2Fv2%2Fmedia&parent=119090"}],"wp:term":[{"taxonomy":"category","embeddable":true,"href":"https:\/\/diariodoplaneta.com.br\/index.php?rest_route=%2Fwp%2Fv2%2Fcategories&post=119090"},{"taxonomy":"post_tag","embeddable":true,"href":"https:\/\/diariodoplaneta.com.br\/index.php?rest_route=%2Fwp%2Fv2%2Ftags&post=119090"}],"curies":[{"name":"wp","href":"https:\/\/api.w.org\/{rel}","templated":true}]}}