{"id":119088,"date":"2024-03-12T19:15:25","date_gmt":"2024-03-12T22:15:25","guid":{"rendered":"https:\/\/diariodoplaneta.com.br\/?p=118666"},"modified":"2024-03-12T19:15:25","modified_gmt":"2024-03-12T22:15:25","slug":"sequestrador-de-onibus-no-rio-se-entrega-a-policia","status":"publish","type":"post","link":"https:\/\/diariodoplaneta.com.br\/?p=119088","title":{"rendered":"Sequestrador de \u00f4nibus no Rio se entrega \u00e0 pol\u00edcia"},"content":{"rendered":"\n<p>O porta-voz da Pol\u00edcia Militar, coronel Marco Andrade, informou que o homem que sequestrou um \u00f4nibus no Rio de Janeiro na tarde desta ter\u00e7a-feira (12) se entregou. O homem sequestrou o ve\u00edculo&nbsp;da Via\u00e7\u00e3o Sampaio na Rodovi\u00e1ria do Rio, no Santo Cristo, regi\u00e3o portu\u00e1ria da cidade, por volta das 14h30 e fez 17 passageiros&nbsp;ref\u00e9ns.<img decoding=\"async\" src=\"https:\/\/agenciabrasil.ebc.com.br\/ebc.png?id=1585416&amp;o=node\"><img decoding=\"async\" src=\"https:\/\/agenciabrasil.ebc.com.br\/ebc.gif?id=1585416&amp;o=node\"><\/p>\n\n\n\n<p>Um homem ficou ferido e est\u00e1&nbsp;em estado grave no Hospital Municipal Souza Aguiar, no centro do Rio.<\/p>\n\n\n\n<p>\u201cAnunciamos que a ocorr\u00eancia est\u00e1 encerrada. O tomador de ref\u00e9ns se entregou \u00e0 Pol\u00edcia Militar. Ele est\u00e1 preso. Todos os ref\u00e9ns foram libertados, seguros e passam por um atendimento pr\u00e9vio agora dos bombeiros para verificar as condi\u00e7\u00f5es psicol\u00f3gicas\u201d, informou&nbsp;o coronel em entrevista \u00e0 imprensa.<\/p>\n\n\n\n<p>Segundo o coronel, a pol\u00edcia est\u00e1 investigando mais&nbsp;informa\u00e7\u00f5es sobre a identidade do sequestrador e a motiva\u00e7\u00e3o do crime. \u201cN\u00e3o temos ainda informa\u00e7\u00f5es de quem \u00e9 esta pessoa. A gente vai buscar esta informa\u00e7\u00e3o e vamos atualiz\u00e1-los em breve de efetivamente quem \u00e9 o preso e o que ele estava fazendo ali\u201d.<\/p>\n\n\n\n<p>Conforme a PM, o criminoso j\u00e1 tinha&nbsp;passagem pelo crime de roubo e foi conduzido \u00e0 4\u00aa Delegacia de Pol\u00edcia.<\/p>\n\n\n\n<h2 class=\"wp-block-heading\">Feridos<\/h2>\n\n\n\n<p>A Secretaria de Estado de Pol\u00edcia Militar informou que uma outra pessoa ferida foi atendida no posto de ambulatorial da pr\u00f3pria rodovi\u00e1ria. Depois de fazer disparos no terminal, o criminoso entrou no \u00f4nibus e fez 17 pessoas como ref\u00e9ns, dentre elas algumas crian\u00e7as e idosos.<\/p>\n\n\n\n<p>O secret\u00e1rio de Estado da PM, coronel Luiz Henrique Marinho Pires, e o comandante do Batalh\u00e3o de Opera\u00e7\u00f5es Policiais Especiais (Bope), tenente-coronel Uir\u00e1 do Nascimento Ferreira, coordenaram as a\u00e7\u00f5es no local.<br><br>\u201cAp\u00f3s uma negocia\u00e7\u00e3o cautelosa com policiais da Companhia de Interven\u00e7\u00e3o T\u00e1tica do Bope, o criminoso se entregou e n\u00e3o houve mais feridos. Policiais do Batalh\u00e3o de Policiamento em \u00c1reas Tur\u00edsticas (BPTur), do 4\u00ba BPM (S\u00e3o Crist\u00f3v\u00e3o) e do 5\u00ba BPM (Pra\u00e7a da Harmonia) intensificaram o policiamento no per\u00edmetro e atuaram no isolamento da \u00e1rea\u201d, completou a secretaria.<br>&nbsp;<\/p>\n\n\n\n<h2 class=\"wp-block-heading\">Testemunhas<\/h2>\n\n\n\n<p>A aposentada Cleuza Aparecida relatou que o momento foi de muita apreens\u00e3o e que nunca tinha visto algo semelhante na Rodovi\u00e1ria do Rio. \u201cUm caos, faz 40 anos que eu viajo pela Rodovi\u00e1ria Novo Rio e nunca aconteceu isso. Eu estava perto do \u00f4nibus que foi sequestrado. Uma menina mandou todo mundo que estava l\u00e1 perto entrar dentro do banheiro e se esconder\u201d.<\/p>\n\n\n\n<p>O eletricista Jorge Nascimento Lopes disse ter ouvido os&nbsp;tiros. \u201cN\u00f3s est\u00e1vamos comprando a passagem e come\u00e7amos a escutar os tiros. Da\u00ed, foi uma correria e a pol\u00edcia colocou todo mundo para fora da rodovi\u00e1ria, porque a gente ficaria mais protegido assim. Quem tem fam\u00edlia, a preocupa\u00e7\u00e3o \u00e9 grande\u201d.<\/p>\n\n\n\n<p><em>*Com colabora\u00e7\u00e3o da TV Brasil<\/em><\/p>\n\n\n\n<p>Fonte: Ag\u00eancia Brasil<\/p>\n","protected":false},"excerpt":{"rendered":"<p>O porta-voz da Pol\u00edcia Militar, coronel Marco Andrade, informou que o homem que sequestrou um \u00f4nibus no Rio de Janeiro na tarde desta ter\u00e7a-feira (12) se entregou. O homem sequestrou o ve\u00edculo&nbsp;da Via\u00e7\u00e3o Sampaio na Rodovi\u00e1ria do Rio, no Santo Cristo, regi\u00e3o portu\u00e1ria da cidade, por volta das 14h30 e fez 17 passageiros&nbsp;ref\u00e9ns. Um homem [&hellip;]<\/p>\n","protected":false},"author":2,"featured_media":119683,"comment_status":"open","ping_status":"open","sticky":false,"template":"","format":"standard","meta":{"footnotes":""},"categories":[25,29],"tags":[],"class_list":{"0":"post-119088","1":"post","2":"type-post","3":"status-publish","4":"format-standard","5":"has-post-thumbnail","7":"category-regional","8":"category-sudeste-regional"},"_links":{"self":[{"href":"https:\/\/diariodoplaneta.com.br\/index.php?rest_route=\/wp\/v2\/posts\/119088","targetHints":{"allow":["GET"]}}],"collection":[{"href":"https:\/\/diariodoplaneta.com.br\/index.php?rest_route=\/wp\/v2\/posts"}],"about":[{"href":"https:\/\/diariodoplaneta.com.br\/index.php?rest_route=\/wp\/v2\/types\/post"}],"author":[{"embeddable":true,"href":"https:\/\/diariodoplaneta.com.br\/index.php?rest_route=\/wp\/v2\/users\/2"}],"replies":[{"embeddable":true,"href":"https:\/\/diariodoplaneta.com.br\/index.php?rest_route=%2Fwp%2Fv2%2Fcomments&post=119088"}],"version-history":[{"count":0,"href":"https:\/\/diariodoplaneta.com.br\/index.php?rest_route=\/wp\/v2\/posts\/119088\/revisions"}],"wp:featuredmedia":[{"embeddable":true,"href":"https:\/\/diariodoplaneta.com.br\/index.php?rest_route=\/wp\/v2\/media\/119683"}],"wp:attachment":[{"href":"https:\/\/diariodoplaneta.com.br\/index.php?rest_route=%2Fwp%2Fv2%2Fmedia&parent=119088"}],"wp:term":[{"taxonomy":"category","embeddable":true,"href":"https:\/\/diariodoplaneta.com.br\/index.php?rest_route=%2Fwp%2Fv2%2Fcategories&post=119088"},{"taxonomy":"post_tag","embeddable":true,"href":"https:\/\/diariodoplaneta.com.br\/index.php?rest_route=%2Fwp%2Fv2%2Ftags&post=119088"}],"curies":[{"name":"wp","href":"https:\/\/api.w.org\/{rel}","templated":true}]}}