{"id":118957,"date":"2024-03-04T21:51:17","date_gmt":"2024-03-05T00:51:17","guid":{"rendered":"https:\/\/diariodoplaneta.com.br\/?p=118251"},"modified":"2024-03-04T21:51:17","modified_gmt":"2024-03-05T00:51:17","slug":"uber-pede-ao-stf-suspensao-de-processos-sobre-vinculo-trabalhista","status":"publish","type":"post","link":"https:\/\/diariodoplaneta.com.br\/?p=118957","title":{"rendered":"Uber pede ao STF suspens\u00e3o de processos sobre v\u00ednculo trabalhista"},"content":{"rendered":"\n<p>A plataforma Uber pediu nesta segunda-feira (4) ao Supremo Tribunal Federal (STF) a suspens\u00e3o nacional de todos os processos que tratam sobre o reconhecimento de v\u00ednculo de emprego entre motoristas e a plataforma.<img decoding=\"async\" src=\"https:\/\/agenciabrasil.ebc.com.br\/ebc.png?id=1584036&amp;o=node\"><img decoding=\"async\" src=\"https:\/\/agenciabrasil.ebc.com.br\/ebc.gif?id=1584036&amp;o=node\"><\/p>\n\n\n\n<p>Na peti\u00e7\u00e3o encaminhada ao Supremo, o escrit\u00f3rio de advocacia que representa a empresa sustenta que a medida \u00e9 necess\u00e1ria para aguardar o posicionamento final da Corte sobre o tema.<\/p>\n\n\n\n<p>Na semana passada,&nbsp;<a href=\"http:\/\/agenciabrasil.ebc.com.br\/justica\/noticia\/2024-02\/stf-tem-maioria-para-unificar-futura-decisao-sobre-uber-e-motoristas\" target=\"_blank\" rel=\"noreferrer noopener\">o STF&nbsp;reconheceu a chamada repercuss\u00e3o geral<\/a>, mecanismo que vai obrigar todo o Judici\u00e1rio a seguir o futuro entendimento dos ministros ap\u00f3s o julgamento definitivo da quest\u00e3o. Cerca de 17 mil processos sobre a quest\u00e3o tramitam em todo o pa\u00eds.<\/p>\n\n\n\n<p>&#8220;Trata-se, portanto, de regra processual que visa resguardar a prola\u00e7\u00e3o de decis\u00f5es conflitantes com o entendimento que ser\u00e1 fixado pela egr\u00e9gia Suprema Corte. \u00c9 um consect\u00e1rio l\u00f3gico e natural do princ\u00edpio da isonomia para assegurar que todos os processos afins, em tr\u00e2mite no Poder Judici\u00e1rio, recebam o mesmo tratamento&#8221;, afirmaram os advogados.<\/p>\n\n\n\n<p>Com o reconhecimento da repercuss\u00e3o, o Supremo vai marcar o julgamento para decidir definitivamente sobre a validade do v\u00ednculo de emprego dos motoristas com os aplicativos.<\/p>\n\n\n\n<p>Atualmente, grande parte das decis\u00f5es da Justi\u00e7a do Trabalho reconhece&nbsp;v\u00ednculo empregat\u00edcio dos motoristas com as plataformas, mas o pr\u00f3prio Supremo possui decis\u00f5es contr\u00e1rias.<\/p>\n\n\n\n<p>Em dezembro do ano passado, a Primeira Turma da Corte entendeu que n\u00e3o h\u00e1 v\u00ednculo com as plataformas. O mesmo entendimento j\u00e1 foi tomado pelo plen\u00e1rio em decis\u00f5es v\u00e1lidas para casos concretos.<\/p>\n\n\n\n<h2 class=\"wp-block-heading\">PL dos aplicativos<\/h2>\n\n\n\n<p>Mais cedo, o presidente Luiz In\u00e1cio Lula da Silva&nbsp;<a href=\"https:\/\/agenciabrasil.ebc.com.br\/politica\/noticia\/2024-03\/lula-assina-projeto-que-regula-atividade-de-motoristas-de-aplicativo\" target=\"_blank\" rel=\"noreferrer noopener\">assinou o projeto&nbsp;<\/a>que regulamenta o trabalho de motorista de aplicativo. O texto ser\u00e1 enviado para o Congresso. Se aprovado, come\u00e7ar\u00e1 a valer em 90 dias.<\/p>\n\n\n\n<p>Fonte: Ag\u00eancia Brasil<\/p>\n","protected":false},"excerpt":{"rendered":"<p>A plataforma Uber pediu nesta segunda-feira (4) ao Supremo Tribunal Federal (STF) a suspens\u00e3o nacional de todos os processos que tratam sobre o reconhecimento de v\u00ednculo de emprego entre motoristas e a plataforma. Na peti\u00e7\u00e3o encaminhada ao Supremo, o escrit\u00f3rio de advocacia que representa a empresa sustenta que a medida \u00e9 necess\u00e1ria para aguardar o [&hellip;]<\/p>\n","protected":false},"author":2,"featured_media":119485,"comment_status":"open","ping_status":"open","sticky":false,"template":"","format":"standard","meta":{"footnotes":""},"categories":[5],"tags":[24],"class_list":{"0":"post-118957","1":"post","2":"type-post","3":"status-publish","4":"format-standard","5":"has-post-thumbnail","7":"category-geral","8":"tag-manchete"},"_links":{"self":[{"href":"https:\/\/diariodoplaneta.com.br\/index.php?rest_route=\/wp\/v2\/posts\/118957","targetHints":{"allow":["GET"]}}],"collection":[{"href":"https:\/\/diariodoplaneta.com.br\/index.php?rest_route=\/wp\/v2\/posts"}],"about":[{"href":"https:\/\/diariodoplaneta.com.br\/index.php?rest_route=\/wp\/v2\/types\/post"}],"author":[{"embeddable":true,"href":"https:\/\/diariodoplaneta.com.br\/index.php?rest_route=\/wp\/v2\/users\/2"}],"replies":[{"embeddable":true,"href":"https:\/\/diariodoplaneta.com.br\/index.php?rest_route=%2Fwp%2Fv2%2Fcomments&post=118957"}],"version-history":[{"count":0,"href":"https:\/\/diariodoplaneta.com.br\/index.php?rest_route=\/wp\/v2\/posts\/118957\/revisions"}],"wp:featuredmedia":[{"embeddable":true,"href":"https:\/\/diariodoplaneta.com.br\/index.php?rest_route=\/wp\/v2\/media\/119485"}],"wp:attachment":[{"href":"https:\/\/diariodoplaneta.com.br\/index.php?rest_route=%2Fwp%2Fv2%2Fmedia&parent=118957"}],"wp:term":[{"taxonomy":"category","embeddable":true,"href":"https:\/\/diariodoplaneta.com.br\/index.php?rest_route=%2Fwp%2Fv2%2Fcategories&post=118957"},{"taxonomy":"post_tag","embeddable":true,"href":"https:\/\/diariodoplaneta.com.br\/index.php?rest_route=%2Fwp%2Fv2%2Ftags&post=118957"}],"curies":[{"name":"wp","href":"https:\/\/api.w.org\/{rel}","templated":true}]}}