{"id":118945,"date":"2024-03-01T20:39:46","date_gmt":"2024-03-01T23:39:46","guid":{"rendered":"https:\/\/diariodoplaneta.com.br\/?p=118214"},"modified":"2024-03-01T20:39:46","modified_gmt":"2024-03-01T23:39:46","slug":"supremo-condena-mais-15-reus-pelo-8-de-janeiro","status":"publish","type":"post","link":"https:\/\/diariodoplaneta.com.br\/?p=118945","title":{"rendered":"Supremo condena mais 15 r\u00e9us pelo 8 de janeiro"},"content":{"rendered":"\n<p><br>O Supremo Tribunal Federal (STF) condenou nesta sexta-feira (1\u00b0) mais 15 acusados de participa\u00e7\u00e3o nos atos golpistas de 8 de janeiro do ano passado.<img decoding=\"async\" src=\"https:\/\/agenciabrasil.ebc.com.br\/ebc.png?id=1583830&amp;o=node\"><img decoding=\"async\" src=\"https:\/\/agenciabrasil.ebc.com.br\/ebc.gif?id=1583830&amp;o=node\"><\/p>\n\n\n\n<p>Por maioria de votos, os ministros aplicaram penas que variam entre 14 e 17 anos de pris\u00e3o aos acusados, que respondem pelos crimes de associa\u00e7\u00e3o criminosa, aboli\u00e7\u00e3o violenta do Estado Democr\u00e1tico de Direito, golpe de Estado, dano qualificado e deteriora\u00e7\u00e3o de patrim\u00f4nio tombado.<\/p>\n\n\n\n<p>Todos s\u00e3o acusados de participa\u00e7\u00e3o nos crimes de associa\u00e7\u00e3o criminosa, aboli\u00e7\u00e3o violenta do Estado Democr\u00e1tico de Direito, golpe de Estado, dano qualificado e deteriora\u00e7\u00e3o de patrim\u00f4nio tombado.<\/p>\n\n\n\n<p>O julgamento foi realizado na modalidade virtual, na qual n\u00e3o h\u00e1 delibera\u00e7\u00e3o presencial, e os ministros inserem os votos no sistema eletr\u00f4nico do Supremo at\u00e9 o fim do julgamento.<\/p>\n\n\n\n<p>Desde o in\u00edcio dos julgamentos dos envolvidos no 8 de janeiro, o Supremo condenou cerca de 100 investigados.<\/p>\n\n\n\n<p>Fonte: Ag\u00eancia Brasil<\/p>\n","protected":false},"excerpt":{"rendered":"<p>O Supremo Tribunal Federal (STF) condenou nesta sexta-feira (1\u00b0) mais 15 acusados de participa\u00e7\u00e3o nos atos golpistas de 8 de janeiro do ano passado. Por maioria de votos, os ministros aplicaram penas que variam entre 14 e 17 anos de pris\u00e3o aos acusados, que respondem pelos crimes de associa\u00e7\u00e3o criminosa, aboli\u00e7\u00e3o violenta do Estado Democr\u00e1tico [&hellip;]<\/p>\n","protected":false},"author":2,"featured_media":119469,"comment_status":"open","ping_status":"open","sticky":false,"template":"","format":"standard","meta":{"footnotes":""},"categories":[5],"tags":[24],"class_list":{"0":"post-118945","1":"post","2":"type-post","3":"status-publish","4":"format-standard","5":"has-post-thumbnail","7":"category-geral","8":"tag-manchete"},"_links":{"self":[{"href":"https:\/\/diariodoplaneta.com.br\/index.php?rest_route=\/wp\/v2\/posts\/118945","targetHints":{"allow":["GET"]}}],"collection":[{"href":"https:\/\/diariodoplaneta.com.br\/index.php?rest_route=\/wp\/v2\/posts"}],"about":[{"href":"https:\/\/diariodoplaneta.com.br\/index.php?rest_route=\/wp\/v2\/types\/post"}],"author":[{"embeddable":true,"href":"https:\/\/diariodoplaneta.com.br\/index.php?rest_route=\/wp\/v2\/users\/2"}],"replies":[{"embeddable":true,"href":"https:\/\/diariodoplaneta.com.br\/index.php?rest_route=%2Fwp%2Fv2%2Fcomments&post=118945"}],"version-history":[{"count":0,"href":"https:\/\/diariodoplaneta.com.br\/index.php?rest_route=\/wp\/v2\/posts\/118945\/revisions"}],"wp:featuredmedia":[{"embeddable":true,"href":"https:\/\/diariodoplaneta.com.br\/index.php?rest_route=\/wp\/v2\/media\/119469"}],"wp:attachment":[{"href":"https:\/\/diariodoplaneta.com.br\/index.php?rest_route=%2Fwp%2Fv2%2Fmedia&parent=118945"}],"wp:term":[{"taxonomy":"category","embeddable":true,"href":"https:\/\/diariodoplaneta.com.br\/index.php?rest_route=%2Fwp%2Fv2%2Fcategories&post=118945"},{"taxonomy":"post_tag","embeddable":true,"href":"https:\/\/diariodoplaneta.com.br\/index.php?rest_route=%2Fwp%2Fv2%2Ftags&post=118945"}],"curies":[{"name":"wp","href":"https:\/\/api.w.org\/{rel}","templated":true}]}}