{"id":118091,"date":"2024-02-28T17:27:13","date_gmt":"2024-02-28T20:27:13","guid":{"rendered":"https:\/\/diariodoplaneta.com.br\/?p=118080"},"modified":"2024-02-28T17:27:13","modified_gmt":"2024-02-28T20:27:13","slug":"candidatos-podem-ter-mandatos-cassados-por-uso-negativo-de-ia","status":"publish","type":"post","link":"https:\/\/diariodoplaneta.com.br\/?p=118091","title":{"rendered":"Candidatos podem ter mandatos cassados por uso negativo de IA"},"content":{"rendered":"\n<p><br>O presidente do Tribunal Superior Eleitoral (TSE), ministro Alexandre de Moraes, disse nesta quarta-feira (28), em Bras\u00edlia, que candidatos eleitos que desrespeitarem as regras para o uso da intelig\u00eancia artificial (IA) durante as elei\u00e7\u00f5es municipais de outubro pr\u00f3ximo poder\u00e3o ter os mandatos cassados.<img decoding=\"async\" src=\"https:\/\/agenciabrasil.ebc.com.br\/ebc.png?id=1583375&amp;o=node\"><img decoding=\"async\" src=\"https:\/\/agenciabrasil.ebc.com.br\/ebc.gif?id=1583375&amp;o=node\"><\/p>\n\n\n\n<p>O TSE aprovou, nessa ter\u00e7a-feira (27),&nbsp;<a href=\"https:\/\/agenciabrasil.ebc.com.br\/justica\/noticia\/2024-02\/tse-define-regras-para-inteligencia-artificial-nas-eleicoes-de-outubro\" target=\"_blank\" rel=\"noreferrer noopener\">regras para uso da intelig\u00eancia artificial no pleito municipal de outubro<\/a>. A regra principal pro\u00edbe manipula\u00e7\u00f5es de conte\u00fado falso para criar ou substituir imagem ou voz de candidato com objetivo de prejudicar candidaturas.&nbsp;<\/p>\n\n\n\n<p>Durante a sess\u00e3o do Supremo Tribunal Federal (STF), Moraes, que tamb\u00e9m \u00e9 ministro da Corte, disse que a regulamenta\u00e7\u00e3o da intelig\u00eancia artificial na campanha eleitoral permitir\u00e1 acabar com a &#8220;terra sem lei&#8221; nas redes sociais.<\/p>\n\n\n\n<p>&#8220;Os candidatos que desrespeitarem essa normatiza\u00e7\u00e3o e utilizarem a intelig\u00eancia artificial negativamente para prejudicar seus opositores, para deturpar o sentido das informa\u00e7\u00f5es buscando ganhar as elei\u00e7\u00f5es, a san\u00e7\u00e3o ser\u00e1 a cassa\u00e7\u00e3o do registro e, se j\u00e1 estiverem sido eleitos, a cassa\u00e7\u00e3o do mandato&#8221;, afirmou.<\/p>\n\n\n\n<h2 class=\"wp-block-heading\">Normas aprovadas<\/h2>\n\n\n\n<p>O ministro tamb\u00e9m destacou que as redes sociais que n\u00e3o retirarem postagens com conte\u00fados antidemocr\u00e1ticos, homof\u00f3bicos e nazistas s\u00e3o responsabilizadas solidariamente com as autoras das postagens. A medida tamb\u00e9m est\u00e1 prevista em uma das normas aprovadas pelo TSE.<\/p>\n\n\n\n<p>&#8220;Posso assegurar que \u00e9 uma das normatiza\u00e7\u00f5es mais modernas no combate \u00e0 desinforma\u00e7\u00e3o, \u00e0s&nbsp;<em>fakes news<\/em>, not\u00edcias fraudulentas&#8221;, garantiu.&nbsp;<\/p>\n\n\n\n<p>Os ministros tamb\u00e9m aprovaram na sess\u00e3o dessa ter\u00e7a-feira diversas resolu\u00e7\u00f5es que v\u00e3o balizar o pleito deste ano. S\u00e3o normas sobre a restri\u00e7\u00e3o da circula\u00e7\u00e3o de armas no dia da vota\u00e7\u00e3o e garantem transporte p\u00fablico para os eleitores, entre outras.<\/p>\n\n\n\n<p>Fonte: Ag\u00eancia Brasil<\/p>\n","protected":false},"excerpt":{"rendered":"<p>O presidente do Tribunal Superior Eleitoral (TSE), ministro Alexandre de Moraes, disse nesta quarta-feira (28), em Bras\u00edlia, que candidatos eleitos que desrespeitarem as regras para o uso da intelig\u00eancia artificial (IA) durante as elei\u00e7\u00f5es municipais de outubro pr\u00f3ximo poder\u00e3o ter os mandatos cassados. O TSE aprovou, nessa ter\u00e7a-feira (27),&nbsp;regras para uso da intelig\u00eancia artificial no [&hellip;]<\/p>\n","protected":false},"author":2,"featured_media":118814,"comment_status":"open","ping_status":"open","sticky":false,"template":"","format":"standard","meta":{"footnotes":""},"categories":[5],"tags":[11],"class_list":{"0":"post-118091","1":"post","2":"type-post","3":"status-publish","4":"format-standard","5":"has-post-thumbnail","7":"category-geral","8":"tag-destaque"},"_links":{"self":[{"href":"https:\/\/diariodoplaneta.com.br\/index.php?rest_route=\/wp\/v2\/posts\/118091","targetHints":{"allow":["GET"]}}],"collection":[{"href":"https:\/\/diariodoplaneta.com.br\/index.php?rest_route=\/wp\/v2\/posts"}],"about":[{"href":"https:\/\/diariodoplaneta.com.br\/index.php?rest_route=\/wp\/v2\/types\/post"}],"author":[{"embeddable":true,"href":"https:\/\/diariodoplaneta.com.br\/index.php?rest_route=\/wp\/v2\/users\/2"}],"replies":[{"embeddable":true,"href":"https:\/\/diariodoplaneta.com.br\/index.php?rest_route=%2Fwp%2Fv2%2Fcomments&post=118091"}],"version-history":[{"count":0,"href":"https:\/\/diariodoplaneta.com.br\/index.php?rest_route=\/wp\/v2\/posts\/118091\/revisions"}],"wp:featuredmedia":[{"embeddable":true,"href":"https:\/\/diariodoplaneta.com.br\/index.php?rest_route=\/wp\/v2\/media\/118814"}],"wp:attachment":[{"href":"https:\/\/diariodoplaneta.com.br\/index.php?rest_route=%2Fwp%2Fv2%2Fmedia&parent=118091"}],"wp:term":[{"taxonomy":"category","embeddable":true,"href":"https:\/\/diariodoplaneta.com.br\/index.php?rest_route=%2Fwp%2Fv2%2Fcategories&post=118091"},{"taxonomy":"post_tag","embeddable":true,"href":"https:\/\/diariodoplaneta.com.br\/index.php?rest_route=%2Fwp%2Fv2%2Ftags&post=118091"}],"curies":[{"name":"wp","href":"https:\/\/api.w.org\/{rel}","templated":true}]}}