{"id":118090,"date":"2024-02-28T17:26:14","date_gmt":"2024-02-28T20:26:14","guid":{"rendered":"https:\/\/diariodoplaneta.com.br\/?p=118079"},"modified":"2024-02-28T17:26:14","modified_gmt":"2024-02-28T20:26:14","slug":"campos-neto-defende-estabilidade-monetaria-para-combater-a-pobreza","status":"publish","type":"post","link":"https:\/\/diariodoplaneta.com.br\/?p=118090","title":{"rendered":"Campos Neto defende estabilidade monet\u00e1ria para combater a pobreza"},"content":{"rendered":"\n<p><br>O presidente do Banco Central, Roberto Campos Neto, disse nesta quarta-feira (28), em S\u00e3o Paulo, que controlar a infla\u00e7\u00e3o faz parte do combate \u00e0 pobreza e desigualdades sociais.<img decoding=\"async\" src=\"https:\/\/agenciabrasil.ebc.com.br\/ebc.png?id=1583353&amp;o=node\"><img decoding=\"async\" src=\"https:\/\/agenciabrasil.ebc.com.br\/ebc.gif?id=1583353&amp;o=node\"><\/p>\n\n\n\n<p>\u201cA infla\u00e7\u00e3o impacta negativamente os \u00edndices de pobreza e atinge de forma desproporcional os mais vulner\u00e1veis, aprofundando as desigualdades sociais\u201d, afirmou ao participar da reuni\u00e3o de ministros de finan\u00e7as e presidentes de bancos centrais do G20, um f\u00f3rum de coopera\u00e7\u00e3o econ\u00f4mica internacional criado em 1999 e formado por 19 pa\u00edses.<\/p>\n\n\n\n<p>Ele se disse ainda alinhado ao governo federal e reafirmou parte do discurso proferido pelo ministro da Fazenda, Fernando Haddad, que falou antes do presidente do BC. \u201cLutar contra a pobreza e a desigualdade [representa] o centro das nossas propostas\u201d, enfatizou.<\/p>\n\n\n\n<p>\u201cA melhor contribui\u00e7\u00e3o da pol\u00edtica monet\u00e1ria para o crescimento sustent\u00e1vel, baixo desemprego, aumento de renda e melhora das condi\u00e7\u00f5es de vida da popula\u00e7\u00e3o \u00e9 manter a infla\u00e7\u00e3o baixa, est\u00e1vel e previs\u00edvel\u201d, acrescentou Campos Neto ao defender a import\u00e2ncia da estabilidade dos pre\u00e7os para a popula\u00e7\u00e3o.<\/p>\n\n\n\n<h2 class=\"wp-block-heading\">Estabilidade<\/h2>\n\n\n\n<p>Segundo o presidente do Banco Central, o trabalho em sincronia das autoridades monet\u00e1rias proporcionou um momento de estabilidade a n\u00edvel global.<\/p>\n\n\n\n<p>\u201cAp\u00f3s a\u00e7\u00e3o sincronizada dos bancos centrais, tivemos progresso em reduzir a infla\u00e7\u00e3o. Mas o processo ainda n\u00e3o acabou. Ainda h\u00e1 riscos pela frente e [h\u00e1] trabalho para ser feito na reta final\u201d, sustentou.<\/p>\n\n\n\n<p>Para Campos Neto, o aumento do endividamento dos governos durante a pandemia de covid-19 \u00e9 um tema que precisar\u00e1 ser enfrentado no futuro.<\/p>\n\n\n\n<p>Fonte: Ag\u00eancia Brasil<\/p>\n","protected":false},"excerpt":{"rendered":"<p>O presidente do Banco Central, Roberto Campos Neto, disse nesta quarta-feira (28), em S\u00e3o Paulo, que controlar a infla\u00e7\u00e3o faz parte do combate \u00e0 pobreza e desigualdades sociais. \u201cA infla\u00e7\u00e3o impacta negativamente os \u00edndices de pobreza e atinge de forma desproporcional os mais vulner\u00e1veis, aprofundando as desigualdades sociais\u201d, afirmou ao participar da reuni\u00e3o de ministros [&hellip;]<\/p>\n","protected":false},"author":2,"featured_media":118812,"comment_status":"open","ping_status":"open","sticky":false,"template":"","format":"standard","meta":{"footnotes":""},"categories":[20,5],"tags":[24],"class_list":{"0":"post-118090","1":"post","2":"type-post","3":"status-publish","4":"format-standard","5":"has-post-thumbnail","7":"category-economia","8":"category-geral","9":"tag-manchete"},"_links":{"self":[{"href":"https:\/\/diariodoplaneta.com.br\/index.php?rest_route=\/wp\/v2\/posts\/118090","targetHints":{"allow":["GET"]}}],"collection":[{"href":"https:\/\/diariodoplaneta.com.br\/index.php?rest_route=\/wp\/v2\/posts"}],"about":[{"href":"https:\/\/diariodoplaneta.com.br\/index.php?rest_route=\/wp\/v2\/types\/post"}],"author":[{"embeddable":true,"href":"https:\/\/diariodoplaneta.com.br\/index.php?rest_route=\/wp\/v2\/users\/2"}],"replies":[{"embeddable":true,"href":"https:\/\/diariodoplaneta.com.br\/index.php?rest_route=%2Fwp%2Fv2%2Fcomments&post=118090"}],"version-history":[{"count":0,"href":"https:\/\/diariodoplaneta.com.br\/index.php?rest_route=\/wp\/v2\/posts\/118090\/revisions"}],"wp:featuredmedia":[{"embeddable":true,"href":"https:\/\/diariodoplaneta.com.br\/index.php?rest_route=\/wp\/v2\/media\/118812"}],"wp:attachment":[{"href":"https:\/\/diariodoplaneta.com.br\/index.php?rest_route=%2Fwp%2Fv2%2Fmedia&parent=118090"}],"wp:term":[{"taxonomy":"category","embeddable":true,"href":"https:\/\/diariodoplaneta.com.br\/index.php?rest_route=%2Fwp%2Fv2%2Fcategories&post=118090"},{"taxonomy":"post_tag","embeddable":true,"href":"https:\/\/diariodoplaneta.com.br\/index.php?rest_route=%2Fwp%2Fv2%2Ftags&post=118090"}],"curies":[{"name":"wp","href":"https:\/\/api.w.org\/{rel}","templated":true}]}}