{"id":117951,"date":"2024-02-15T11:56:54","date_gmt":"2024-02-15T14:56:54","guid":{"rendered":"https:\/\/diariodoplaneta.com.br\/?p=117505"},"modified":"2024-02-15T11:56:54","modified_gmt":"2024-02-15T14:56:54","slug":"regulamentacao-da-inteligencia-artificial-pode-ser-votada-no-primeiro-semestre","status":"publish","type":"post","link":"https:\/\/diariodoplaneta.com.br\/?p=117951","title":{"rendered":"Regulamenta\u00e7\u00e3o da intelig\u00eancia artificial pode ser votada no primeiro semestre"},"content":{"rendered":"\n<p>A proposta de regulamenta\u00e7\u00e3o da intelig\u00eancia artificial (<a href=\"https:\/\/www25.senado.leg.br\/web\/atividade\/materias\/-\/materia\/157233\" rel=\"noreferrer noopener\" target=\"_blank\">PL 2.338\/2023<\/a>) foi apresentada pelo senador Rodrigo Pacheco (PSD-MG), a partir de outros projetos que tratam da regula\u00e7\u00e3o da tecnologia no Brasil e do trabalho de uma comiss\u00e3o de juristas formada em 2022. Em 2023, uma comiss\u00e3o tempor\u00e1ria promoveu dez audi\u00eancias p\u00fablicas com especialistas, para colaborar com o relat\u00f3rio do senador Eduardo Gomes (PL-TO), que deve ser apresentado em breve. A expectativa \u00e9 que o marco regulat\u00f3rio seja votado pelo Senado neste primeiro semestre.<\/p>\n\n\n\n<p>Fonte: Ag\u00eancia Senado<\/p>\n","protected":false},"excerpt":{"rendered":"<p>A proposta de regulamenta\u00e7\u00e3o da intelig\u00eancia artificial (PL 2.338\/2023) foi apresentada pelo senador Rodrigo Pacheco (PSD-MG), a partir de outros projetos que tratam da regula\u00e7\u00e3o da tecnologia no Brasil e do trabalho de uma comiss\u00e3o de juristas formada em 2022. Em 2023, uma comiss\u00e3o tempor\u00e1ria promoveu dez audi\u00eancias p\u00fablicas com especialistas, para colaborar com o [&hellip;]<\/p>\n","protected":false},"author":2,"featured_media":118362,"comment_status":"open","ping_status":"open","sticky":false,"template":"","format":"standard","meta":{"footnotes":""},"categories":[5],"tags":[24],"class_list":{"0":"post-117951","1":"post","2":"type-post","3":"status-publish","4":"format-standard","5":"has-post-thumbnail","7":"category-geral","8":"tag-manchete"},"_links":{"self":[{"href":"https:\/\/diariodoplaneta.com.br\/index.php?rest_route=\/wp\/v2\/posts\/117951","targetHints":{"allow":["GET"]}}],"collection":[{"href":"https:\/\/diariodoplaneta.com.br\/index.php?rest_route=\/wp\/v2\/posts"}],"about":[{"href":"https:\/\/diariodoplaneta.com.br\/index.php?rest_route=\/wp\/v2\/types\/post"}],"author":[{"embeddable":true,"href":"https:\/\/diariodoplaneta.com.br\/index.php?rest_route=\/wp\/v2\/users\/2"}],"replies":[{"embeddable":true,"href":"https:\/\/diariodoplaneta.com.br\/index.php?rest_route=%2Fwp%2Fv2%2Fcomments&post=117951"}],"version-history":[{"count":0,"href":"https:\/\/diariodoplaneta.com.br\/index.php?rest_route=\/wp\/v2\/posts\/117951\/revisions"}],"wp:featuredmedia":[{"embeddable":true,"href":"https:\/\/diariodoplaneta.com.br\/index.php?rest_route=\/wp\/v2\/media\/118362"}],"wp:attachment":[{"href":"https:\/\/diariodoplaneta.com.br\/index.php?rest_route=%2Fwp%2Fv2%2Fmedia&parent=117951"}],"wp:term":[{"taxonomy":"category","embeddable":true,"href":"https:\/\/diariodoplaneta.com.br\/index.php?rest_route=%2Fwp%2Fv2%2Fcategories&post=117951"},{"taxonomy":"post_tag","embeddable":true,"href":"https:\/\/diariodoplaneta.com.br\/index.php?rest_route=%2Fwp%2Fv2%2Ftags&post=117951"}],"curies":[{"name":"wp","href":"https:\/\/api.w.org\/{rel}","templated":true}]}}