{"id":117815,"date":"2024-02-02T13:20:56","date_gmt":"2024-02-02T16:20:56","guid":{"rendered":"https:\/\/diariodoplaneta.com.br\/?p=117062"},"modified":"2024-02-02T13:20:56","modified_gmt":"2024-02-02T16:20:56","slug":"primeiro-tunel-imerso-da-america-latina-ligara-santos-a-guaruja","status":"publish","type":"post","link":"https:\/\/diariodoplaneta.com.br\/?p=117815","title":{"rendered":"Primeiro t\u00fanel imerso da Am\u00e9rica Latina ligar\u00e1 Santos a Guaruj\u00e1"},"content":{"rendered":"\n<p>O presidente Luiz In\u00e1cio Lula da Silva anunciou, nesta sexta-feira (2), as obras do t\u00fanel imerso que ligar\u00e1 os munic\u00edpios de Santos e Guaruj\u00e1, no litoral de S\u00e3o Paulo. A&nbsp;<a href=\"https:\/\/www.youtube.com\/watch?v=FZl-uNDvwN4\" target=\"_blank\" rel=\"noreferrer noopener\">solenidade<\/a>&nbsp;tamb\u00e9m ocorreu em comemora\u00e7\u00e3o aos 132 anos do Porto&nbsp;de Santos.<img decoding=\"async\" src=\"https:\/\/agenciabrasil.ebc.com.br\/ebc.png?id=1579206&amp;o=node\"><img decoding=\"async\" src=\"https:\/\/agenciabrasil.ebc.com.br\/ebc.gif?id=1579206&amp;o=node\"><\/p>\n\n\n\n<p>O empreendimento est\u00e1 inclu\u00eddo entre as obras do Novo Programa de Acelera\u00e7\u00e3o do Crescimento (PAC) e ser\u00e1 resultado de uma parceria p\u00fablico-privada (PPP), com R$ 5,8 bilh\u00f5es em investimentos<\/p>\n\n\n\n<p>Em&nbsp;discurso, Lula reafirmou o papel no Estado como&nbsp;<a href=\"https:\/\/agenciabrasil.ebc.com.br\/politica\/noticia\/2023-11\/presidente-volta-defender-estado-como-indutor-do-desenvolvimento\" target=\"_blank\" rel=\"noreferrer noopener\">indutor do desenvolvimento do pa\u00eds<\/a>&nbsp;e disse que h\u00e1 uma narrativa no Brasil para \u201cdestruir\u201d a imagem do poder p\u00fablico.<\/p>\n\n\n\n<blockquote class=\"wp-block-quote is-layout-flow wp-block-quote-is-layout-flow\">\n<p>\u201cN\u00f3s precisamos nos transformar num pa\u00eds altamente desenvolvido e \u00e9 por isso que n\u00f3s tiramos esse Porto [de Santos] da pol\u00edtica de privatiza\u00e7\u00e3o. Nesse nosso querido Brasil se estabeleceu uma narrativa de setores da elite econ\u00f4mica brasileira de destruir a imagem do Estado, de destruir a imagem do poder p\u00fablico, a ideia de que o Estado n\u00e3o vale nada\u201d, disse. \u201cN\u00f3s queremos provar que esse porto, com a sua Autoridade Portu\u00e1ria, vai fazer tanto ou mais do que qualquer empres\u00e1rio faria nesse pa\u00eds, por que o que n\u00f3s queremos provar \u00e9 que se o Estado for respons\u00e1vel, o Estado vai fazer o que tem que ser feito&#8221;, acrescentou Lula.<\/p>\n<\/blockquote>\n\n\n\n<p>Segundo o presidente, a constru\u00e7\u00e3o do t\u00fanel Santos-Guaruj\u00e1 \u00e9 muito custosa, por isso ser\u00e1 feita com parcerias privadas e aproveitando o projeto j\u00e1 desenvolvido pelo estado de S\u00e3o Paulo. \u201cN\u00f3s vamos fazer uma parceria para fazer conjuntamente esse nosso querido Eurot\u00fanel, que \u00e9 muito pequeno, mas \u00e9 muito importante\u201d, disse, em refer\u00eancia ao t\u00fanel que liga a Fran\u00e7a \u00e0 Inglaterra.<\/p>\n\n\n\n<h2 class=\"wp-block-heading\">Di\u00e1logo<\/h2>\n\n\n\n<p>O governador de S\u00e3o Paulo, Tarc\u00edsio de Freitas, participou da cerim\u00f4nia e, durante seu discurso, foi vaiado por parte dos presentes. Na sequ\u00eancia, Lula fez refer\u00eancia \u00e0 situa\u00e7\u00e3o e disse que a cerim\u00f4nia de hoje visa \u201crestaurar a normalidade no pa\u00eds\u201d. \u201cE a normalidade \u00e9 a gente respeitar o direito \u00e0 diferen\u00e7a\u201d, disse.<\/p>\n\n\n\n<blockquote class=\"wp-block-quote is-layout-flow wp-block-quote-is-layout-flow\">\n<p>\u201cEu j\u00e1 fui presidente da Rep\u00fablica com o [vice-presidente, Geraldo] Alckmin governador do estado, em partido diferente. O Alckmin derrotou a gente quatro vezes e n\u00f3s n\u00e3o temos que reclamar, temos que nos preparar para ganhar. N\u00f3s disputamos com o Tarc\u00edsio e perdemos as elei\u00e7\u00f5es, n\u00e3o d\u00e1 para querer dar um golpe em S\u00e3o Paulo, invadir o pr\u00e9dio de S\u00e3o Paulo. \u00c9 voltar para casa, se preparar e disputar outra vez e respeitar o direito do exerc\u00edcio da fun\u00e7\u00e3o de quem ganhou as elei\u00e7\u00f5es\u201d, argumentou Lula.<\/p>\n<\/blockquote>\n\n\n\n<p>Direcionando sua fala a Tarc\u00edsio, Lula afirmou que o governador \u201cter\u00e1 tudo que for necess\u00e1rio\u201d para governar S\u00e3o Paulo. \u201cEu n\u00e3o estou beneficiando o governador, eu estou beneficiando o estado mais importante da federa\u00e7\u00e3o com 42 milh\u00f5es de habitantes\u201d, acrescentou o presidente.<\/p>\n\n\n\n<h2 class=\"wp-block-heading\">T\u00fanel imerso<\/h2>\n\n\n\n<p>O t\u00fanel Santos-Guaruj\u00e1 ser\u00e1 o primeiro t\u00fanel imerso da Am\u00e9rica Latina, com 860 metros entre as margens. Ele ficar\u00e1 imerso sob o fundo do canal entre os dois munic\u00edpios a uma profundidade de 21 metros.<\/p>\n\n\n\n<p>Em comunicado, a Presid\u00eancia da Rep\u00fablica destacou que o t\u00fanel beneficiar\u00e1 mais de 5 milh\u00f5es de pessoas, incluindo 1,6 milh\u00e3o de habitantes da Baixada Santista e os mais de 4 milh\u00f5es de turistas que anualmente visitam Guaruj\u00e1 e o litoral norte paulista. Atualmente, para ir de uma cidade a outra pode-se utilizar o sistema de balsas, que faz o transporte de aproximadamente 23 mil ve\u00edculos por dia, ou a rodovia C\u00f4nego Domenico Rangoni.<\/p>\n\n\n\n<blockquote class=\"wp-block-quote is-layout-flow wp-block-quote-is-layout-flow\">\n<p>\u201cTodos os dias, 80 mil pessoas cruzam o canal. Atualmente, a espera nas filas para cruzar o canal pode se alongar por horas e, com o t\u00fanel, as travessias v\u00e3o demorar menos de dois minutos. A obra tamb\u00e9m ir\u00e1 proporcionar mais seguran\u00e7a \u00e0s embarca\u00e7\u00f5es que escalam o porto santista para realizar opera\u00e7\u00f5es\u201d, diz a nota.<\/p>\n<\/blockquote>\n\n\n\n<p>A solenidade de hoje tamb\u00e9m ocorreu em comemora\u00e7\u00e3o aos 132 anos do Porto de Santos. Considerado o maior do hemisf\u00e9rio Sul, respons\u00e1vel por quase 30% da balan\u00e7a comercial do Brasil, o porto registrou&nbsp;em dezembro de 2023&nbsp;movimenta\u00e7\u00e3o recorde de 15,6 milh\u00f5es de toneladas de cargas, crescimento de 29,1% em rela\u00e7\u00e3o a dezembro de 2022. Com o resultado, o total movimentado no ano passado foi de 173,3 milh\u00f5es de toneladas.<\/p>\n\n\n\n<h2 class=\"wp-block-heading\">Moradias<\/h2>\n\n\n\n<p>Ainda durante a visita ao litoral paulista, Lula fez a entrega simb\u00f3lica de 90 unidades do conjunto habitacional Parque da Montanha, no Guaruj\u00e1. Ao todo, 649 fam\u00edlias que vivem em palafitas \u00e0s margens do Porto de Santos ser\u00e3o beneficiadas. O investimento do governo federal, em parceria com a prefeitura local, foi de R$ 58,3 milh\u00f5es.<\/p>\n\n\n\n<p>Segundo a Presid\u00eancia, o Parque da Montanha \u00e9 o maior conjunto habitacional em execu\u00e7\u00e3o na Baixada Santista. No local, nos \u00faltimos seis anos, j\u00e1 foram entregues 814 moradias para fam\u00edlias oriundas da regi\u00e3o de palafitas do Complexo Marezinha\/Prainha.<\/p>\n\n\n\n<p><em>Fonte: Ag\u00eancia Brasil<\/em><\/p>\n","protected":false},"excerpt":{"rendered":"<p>O presidente Luiz In\u00e1cio Lula da Silva anunciou, nesta sexta-feira (2), as obras do t\u00fanel imerso que ligar\u00e1 os munic\u00edpios de Santos e Guaruj\u00e1, no litoral de S\u00e3o Paulo. A&nbsp;solenidade&nbsp;tamb\u00e9m ocorreu em comemora\u00e7\u00e3o aos 132 anos do Porto&nbsp;de Santos. O empreendimento est\u00e1 inclu\u00eddo entre as obras do Novo Programa de Acelera\u00e7\u00e3o do Crescimento (PAC) e [&hellip;]<\/p>\n","protected":false},"author":2,"featured_media":118176,"comment_status":"open","ping_status":"open","sticky":false,"template":"","format":"standard","meta":{"footnotes":""},"categories":[5],"tags":[24],"class_list":{"0":"post-117815","1":"post","2":"type-post","3":"status-publish","4":"format-standard","5":"has-post-thumbnail","7":"category-geral","8":"tag-manchete"},"_links":{"self":[{"href":"https:\/\/diariodoplaneta.com.br\/index.php?rest_route=\/wp\/v2\/posts\/117815","targetHints":{"allow":["GET"]}}],"collection":[{"href":"https:\/\/diariodoplaneta.com.br\/index.php?rest_route=\/wp\/v2\/posts"}],"about":[{"href":"https:\/\/diariodoplaneta.com.br\/index.php?rest_route=\/wp\/v2\/types\/post"}],"author":[{"embeddable":true,"href":"https:\/\/diariodoplaneta.com.br\/index.php?rest_route=\/wp\/v2\/users\/2"}],"replies":[{"embeddable":true,"href":"https:\/\/diariodoplaneta.com.br\/index.php?rest_route=%2Fwp%2Fv2%2Fcomments&post=117815"}],"version-history":[{"count":0,"href":"https:\/\/diariodoplaneta.com.br\/index.php?rest_route=\/wp\/v2\/posts\/117815\/revisions"}],"wp:featuredmedia":[{"embeddable":true,"href":"https:\/\/diariodoplaneta.com.br\/index.php?rest_route=\/wp\/v2\/media\/118176"}],"wp:attachment":[{"href":"https:\/\/diariodoplaneta.com.br\/index.php?rest_route=%2Fwp%2Fv2%2Fmedia&parent=117815"}],"wp:term":[{"taxonomy":"category","embeddable":true,"href":"https:\/\/diariodoplaneta.com.br\/index.php?rest_route=%2Fwp%2Fv2%2Fcategories&post=117815"},{"taxonomy":"post_tag","embeddable":true,"href":"https:\/\/diariodoplaneta.com.br\/index.php?rest_route=%2Fwp%2Fv2%2Ftags&post=117815"}],"curies":[{"name":"wp","href":"https:\/\/api.w.org\/{rel}","templated":true}]}}