{"id":117698,"date":"2024-02-20T15:46:58","date_gmt":"2024-02-20T18:46:58","guid":{"rendered":"https:\/\/diariodoplaneta.com.br\/?p=117698"},"modified":"2024-02-20T15:46:58","modified_gmt":"2024-02-20T18:46:58","slug":"servidores-do-banco-central-iniciam-paralisacao-de-48-horas","status":"publish","type":"post","link":"https:\/\/diariodoplaneta.com.br\/?p=117698","title":{"rendered":"Servidores do Banco Central iniciam paralisa\u00e7\u00e3o de 48 horas"},"content":{"rendered":"\n<p><br>Servidores do Banco Central iniciaram nesta ter\u00e7a-feira (20) uma paralisa\u00e7\u00e3o de 48 horas, com o objetivo de \u201cdemonstrar a insatisfa\u00e7\u00e3o e a unidade da categoria na busca por uma proposta satisfat\u00f3ria do governo quanto \u00e0 pauta de valoriza\u00e7\u00e3o da carreira de Especialista\u201d. Diante da situa\u00e7\u00e3o, o BC adiou para quinta-feira (22) a publica\u00e7\u00e3o do Boletim Focus.<img decoding=\"async\" src=\"https:\/\/agenciabrasil.ebc.com.br\/ebc.png?id=1581749&amp;o=node\"><img decoding=\"async\" src=\"https:\/\/agenciabrasil.ebc.com.br\/ebc.gif?id=1581749&amp;o=node\"><\/p>\n\n\n\n<p>De acordo com o Sindicato Nacional dos Funcion\u00e1rios do Banco Central (Sinal), a ades\u00e3o abrange pelo menos a metade dos servidores. A paralisa\u00e7\u00e3o foi aprovada durante uma assembleia da categoria no dia 9 de fevereiro, quando foi rejeitada a proposta do governo de conceder reajuste de 13%, parcelado para 2025 e 2026. Os servidores pedem reajuste de 36% e reestrutura\u00e7\u00e3o da carreira.<\/p>\n\n\n\n<p>Tamb\u00e9m foi decidido que os servidores deveriam entregar os cargos comissionados, o que incluiria cargos de ger\u00eancias e diretorias, com o objetivo de \u201cprovocar uma asfixia operacional e burocr\u00e1tica no \u00f3rg\u00e3o, como forma de pressionar o governo a atender \u00e0s demandas da categoria\u201d.<\/p>\n\n\n\n<h2 class=\"wp-block-heading\">Greve<\/h2>\n\n\n\n<p>Segundo o presidente nacional do Sinal, F\u00e1bio Faiad, 500 cargos foram entregues. A dispensa, no entanto, n\u00e3o foi efetivada at\u00e9 o momento pelo BC. O sindicato acrescenta que 60 adjuntos e consultores participam do movimento, e que os chefes de departamento emitiram uma \u201ccarta de cobran\u00e7a direcionada \u00e0 Diretoria Colegiada (DC) do Banco Central\u201d.<\/p>\n\n\n\n<p>Os servidores exigem, ainda, n\u00edvel superior para o cargo de t\u00e9cnico, a mudan\u00e7a de nome do cargo de analista para auditor e a cria\u00e7\u00e3o de uma \u201cretribui\u00e7\u00e3o por produtividade institucional\u201d, semelhante \u00e0 existente para os auditores-fiscais da Receita Federal.<\/p>\n\n\n\n<p>Em nota, o Sinal alerta que \u201cse a pr\u00f3xima reuni\u00e3o com o MGI [Minist\u00e9rio da Gest\u00e3o e Inova\u00e7\u00e3o], agendada para o dia 21 de fevereiro, n\u00e3o resultar em avan\u00e7os significativos, haver\u00e1 um indicativo para a deflagra\u00e7\u00e3o de uma greve por tempo indeterminado\u201d.<\/p>\n\n\n\n<p>A&nbsp;<strong>Ag\u00eancia Brasil<\/strong>&nbsp;procurou o BC para se manifestar sobre a paralisa\u00e7\u00e3o. \u201cSe houver alguma manifesta\u00e7\u00e3o, voc\u00eas ser\u00e3o informados com a presteza necess\u00e1ria\u201d, respondeu a assessoria.<\/p>\n\n\n\n<p><em>Fonte: Ag\u00eancia Brasil<\/em><\/p>\n","protected":false},"excerpt":{"rendered":"<p>Servidores do Banco Central iniciaram nesta ter\u00e7a-feira (20) uma paralisa\u00e7\u00e3o de 48 horas, com o objetivo de \u201cdemonstrar a insatisfa\u00e7\u00e3o e a unidade da categoria na busca por uma proposta satisfat\u00f3ria do governo quanto \u00e0 pauta de valoriza\u00e7\u00e3o da carreira de Especialista\u201d. Diante da situa\u00e7\u00e3o, o BC adiou para quinta-feira (22) a publica\u00e7\u00e3o do Boletim [&hellip;]<\/p>\n","protected":false},"author":2,"featured_media":118500,"comment_status":"open","ping_status":"open","sticky":false,"template":"","format":"standard","meta":{"footnotes":""},"categories":[20,5],"tags":[24],"class_list":{"0":"post-117698","1":"post","2":"type-post","3":"status-publish","4":"format-standard","5":"has-post-thumbnail","7":"category-economia","8":"category-geral","9":"tag-manchete"},"_links":{"self":[{"href":"https:\/\/diariodoplaneta.com.br\/index.php?rest_route=\/wp\/v2\/posts\/117698","targetHints":{"allow":["GET"]}}],"collection":[{"href":"https:\/\/diariodoplaneta.com.br\/index.php?rest_route=\/wp\/v2\/posts"}],"about":[{"href":"https:\/\/diariodoplaneta.com.br\/index.php?rest_route=\/wp\/v2\/types\/post"}],"author":[{"embeddable":true,"href":"https:\/\/diariodoplaneta.com.br\/index.php?rest_route=\/wp\/v2\/users\/2"}],"replies":[{"embeddable":true,"href":"https:\/\/diariodoplaneta.com.br\/index.php?rest_route=%2Fwp%2Fv2%2Fcomments&post=117698"}],"version-history":[{"count":0,"href":"https:\/\/diariodoplaneta.com.br\/index.php?rest_route=\/wp\/v2\/posts\/117698\/revisions"}],"wp:featuredmedia":[{"embeddable":true,"href":"https:\/\/diariodoplaneta.com.br\/index.php?rest_route=\/wp\/v2\/media\/118500"}],"wp:attachment":[{"href":"https:\/\/diariodoplaneta.com.br\/index.php?rest_route=%2Fwp%2Fv2%2Fmedia&parent=117698"}],"wp:term":[{"taxonomy":"category","embeddable":true,"href":"https:\/\/diariodoplaneta.com.br\/index.php?rest_route=%2Fwp%2Fv2%2Fcategories&post=117698"},{"taxonomy":"post_tag","embeddable":true,"href":"https:\/\/diariodoplaneta.com.br\/index.php?rest_route=%2Fwp%2Fv2%2Ftags&post=117698"}],"curies":[{"name":"wp","href":"https:\/\/api.w.org\/{rel}","templated":true}]}}