{"id":117235,"date":"2024-01-18T13:04:29","date_gmt":"2024-01-18T16:04:29","guid":{"rendered":"https:\/\/diariodoplaneta.com.br\/?p=116348"},"modified":"2024-01-18T13:04:29","modified_gmt":"2024-01-18T16:04:29","slug":"rio-tera-postos-medicos-no-circuito-de-blocos","status":"publish","type":"post","link":"https:\/\/diariodoplaneta.com.br\/?p=117235","title":{"rendered":"Rio ter\u00e1 postos m\u00e9dicos no circuito de blocos"},"content":{"rendered":"\n<p><br>A Secretaria Municipal de Sa\u00fade do Rio de Janeiro (SMS) preparou esquema especial de atendimento pr\u00e9-hospitalar nas \u00e1reas de maior concentra\u00e7\u00e3o de p\u00fablico do carnaval de rua na cidade, nos bairros do centro, de Copacabana e Ipanema. S\u00e3o quatro postos m\u00e9dicos que dar\u00e3o suporte a um total de 47 blocos.<img decoding=\"async\" src=\"https:\/\/agenciabrasil.ebc.com.br\/ebc.png?id=1576803&amp;o=node\"><img decoding=\"async\" src=\"https:\/\/agenciabrasil.ebc.com.br\/ebc.gif?id=1576803&amp;o=node\"><\/p>\n\n\n\n<p>O esquema come\u00e7a a operar no centro no pr\u00f3ximo&nbsp;fim de semana, dias 20 e 21 de janeiro, quando desfilam os dois primeiros megablocos da temporada, o Carrossel de Emo\u00e7\u00f5es e o Ch\u00e1 de Alice.<\/p>\n\n\n\n<p>A estrutura da secretaria&nbsp;conta ao todo com 16 leitos, sendo quatro de suporte avan\u00e7ado (um em cada posto),&nbsp;al\u00e9m de 20 poltronas de hidrata\u00e7\u00e3o e 142 ambul\u00e2ncias avan\u00e7adas para transfer\u00eancia dos casos mais graves para UPAs ou hospitais da rede. As remo\u00e7\u00f5es ser\u00e3o coordenadas pela Central Municipal de Regula\u00e7\u00e3o. No total, ser\u00e3o 200 profissionais na assist\u00eancia aos foli\u00f5es.<br><br>No centro s\u00e3o dois postos localizados na Pra\u00e7a Ana Am\u00e9lia e no Largo da Carioca e que funcionar\u00e3o nos dias 20, 21, 27 e 28 de janeiro e&nbsp;3, 4, 8, 9, 10, 11, 12, 13, 17 e 18 de fevereiro. O posto de Ipanema fica na Pra\u00e7a Nossa Senhora da Paz e dar\u00e1 suporte tamb\u00e9m aos blocos que desfilam na Lagoa e no Leblon, nos dias 27 e 28 de janeiro; 3, 4, 9, 10, 11, 12, 13 e 18 de fevereiro. Em Copacabana, atendendo ainda aos foli\u00f5es dos blocos do Leme, o posto fica na Pra\u00e7a do Lido e funcionar\u00e1 nos dias 10, 13 e 17 de fevereiro.<\/p>\n\n\n\n<p><em>Fonte: Ag\u00eancia Brasil<\/em><\/p>\n","protected":false},"excerpt":{"rendered":"<p>A Secretaria Municipal de Sa\u00fade do Rio de Janeiro (SMS) preparou esquema especial de atendimento pr\u00e9-hospitalar nas \u00e1reas de maior concentra\u00e7\u00e3o de p\u00fablico do carnaval de rua na cidade, nos bairros do centro, de Copacabana e Ipanema. S\u00e3o quatro postos m\u00e9dicos que dar\u00e3o suporte a um total de 47 blocos. O esquema come\u00e7a a operar [&hellip;]<\/p>\n","protected":false},"author":2,"featured_media":117549,"comment_status":"open","ping_status":"open","sticky":false,"template":"","format":"standard","meta":{"footnotes":""},"categories":[25,29],"tags":[],"class_list":{"0":"post-117235","1":"post","2":"type-post","3":"status-publish","4":"format-standard","5":"has-post-thumbnail","7":"category-regional","8":"category-sudeste-regional"},"_links":{"self":[{"href":"https:\/\/diariodoplaneta.com.br\/index.php?rest_route=\/wp\/v2\/posts\/117235","targetHints":{"allow":["GET"]}}],"collection":[{"href":"https:\/\/diariodoplaneta.com.br\/index.php?rest_route=\/wp\/v2\/posts"}],"about":[{"href":"https:\/\/diariodoplaneta.com.br\/index.php?rest_route=\/wp\/v2\/types\/post"}],"author":[{"embeddable":true,"href":"https:\/\/diariodoplaneta.com.br\/index.php?rest_route=\/wp\/v2\/users\/2"}],"replies":[{"embeddable":true,"href":"https:\/\/diariodoplaneta.com.br\/index.php?rest_route=%2Fwp%2Fv2%2Fcomments&post=117235"}],"version-history":[{"count":0,"href":"https:\/\/diariodoplaneta.com.br\/index.php?rest_route=\/wp\/v2\/posts\/117235\/revisions"}],"wp:featuredmedia":[{"embeddable":true,"href":"https:\/\/diariodoplaneta.com.br\/index.php?rest_route=\/wp\/v2\/media\/117549"}],"wp:attachment":[{"href":"https:\/\/diariodoplaneta.com.br\/index.php?rest_route=%2Fwp%2Fv2%2Fmedia&parent=117235"}],"wp:term":[{"taxonomy":"category","embeddable":true,"href":"https:\/\/diariodoplaneta.com.br\/index.php?rest_route=%2Fwp%2Fv2%2Fcategories&post=117235"},{"taxonomy":"post_tag","embeddable":true,"href":"https:\/\/diariodoplaneta.com.br\/index.php?rest_route=%2Fwp%2Fv2%2Ftags&post=117235"}],"curies":[{"name":"wp","href":"https:\/\/api.w.org\/{rel}","templated":true}]}}