{"id":117223,"date":"2024-01-17T19:05:18","date_gmt":"2024-01-17T22:05:18","guid":{"rendered":"https:\/\/diariodoplaneta.com.br\/?p=116314"},"modified":"2024-01-17T19:05:18","modified_gmt":"2024-01-17T22:05:18","slug":"em-davos-barroso-defende-debate-sobre-drogas-e-soberania-da-amazonia","status":"publish","type":"post","link":"https:\/\/diariodoplaneta.com.br\/?p=117223","title":{"rendered":"Em Davos, Barroso defende debate sobre drogas e soberania da Amaz\u00f4nia"},"content":{"rendered":"\n<p>O presidente do Supremo Tribunal Federal (STF), ministro Luis Roberto Barroso, defendeu nesta quarta-feira (17) que o pa\u00eds fa\u00e7a um debate \u201csem preconceitos\u201d sobre pol\u00edtica de drogas e destacou a seguran\u00e7a p\u00fablica como um dos principais problemas da Am\u00e9rica Latina, sobretudo na regi\u00e3o da Amaz\u00f4nia.<img decoding=\"async\" src=\"https:\/\/agenciabrasil.ebc.com.br\/ebc.png?id=1576721&amp;o=node\"><img decoding=\"async\" src=\"https:\/\/agenciabrasil.ebc.com.br\/ebc.gif?id=1576721&amp;o=node\"><\/p>\n\n\n\n<p>\u201cAcho que mais recentemente tem se agravado o problema da seguran\u00e7a publica e da viol\u00eancia, e acho que precisamos incluir essa preocupa\u00e7\u00e3o na agenda, em especial na agenda progressista\u201d, disse Barroso durante painel sobre a Am\u00e9rica Latina no F\u00f3rum Econ\u00f4mico Mundial, em Davos, na Su\u00ed\u00e7a.<\/p>\n\n\n\n<p>Em sua vis\u00e3o, \u201co pensamento progressista sempre negligenciou em alguma medida a quest\u00e3o da seguran\u00e7a publica, atribuindo-a t\u00e3o somente \u00e0 pobreza e \u00e0 desigualdade, o que \u00e9 um fato, mas pobre tamb\u00e9m precisa de seguran\u00e7a p\u00fablica e n\u00f3s nos atrasamos\u201d.<\/p>\n\n\n\n<p>Participaram tamb\u00e9m o presidente da Col\u00f4mbia, Gustavo Petro, e a ministra das Rela\u00e7\u00f5es Exteriores do Equador, Gabriela Sommerfeld. Ap\u00f3s o evento, Barroso conversou com jornalistas e exp\u00f4s sua preocupa\u00e7\u00e3o com o crime organizado e reiterou sua preocupa\u00e7\u00e3o com a soberania da Amaz\u00f4nia.<\/p>\n\n\n\n<p>\u201cO Brasil corre risco de perder a soberania da Amaz\u00f4nia, n\u00e3o para outros pa\u00edses, mas para o crime organizado\u201d, afirmou o presidente do STF. Ele elencou um rol de crimes ambientais &#8211; extra\u00e7\u00e3o ilegal de madeira, minera\u00e7\u00e3o ilegal, grilagem de terras e queimadas ilegais &#8211; e somou a eles o tr\u00e1fico de drogas.<\/p>\n\n\n\n<blockquote class=\"wp-block-quote is-layout-flow wp-block-quote-is-layout-flow\">\n<p>\u201cAgora [a Amaz\u00f4nia] tamb\u00e9m passou a ser rota do tr\u00e1fico, de modo que o Brasil precisa se conscientizar de que n\u00f3s temos que ter uma pol\u00edtica de seguran\u00e7a p\u00fablica mais abrangente e isso repercute sobre o Poder Judici\u00e1rio e \u00e9 uma preocupa\u00e7\u00e3o relevante que eu tenho\u201d, disse Barroso.<\/p>\n<\/blockquote>\n\n\n\n<p>Ele complementou afirmando que pretende organizar um evento no Conselho Nacional de Justi\u00e7a (CNJ), que tamb\u00e9m preside, sobre o tema de seguran\u00e7a p\u00fablica e do combate \u00e0s drogas, que segundo ele precisa ser enfrentado com \u201ccriatividade\u201d, \u201cousadia\u201d e \u201csem preconceito\u201d.<\/p>\n\n\n\n<blockquote class=\"wp-block-quote is-layout-flow wp-block-quote-is-layout-flow\">\n<p>\u201cEssa \u00e9 uma guerra que n\u00f3s estamos perdendo. De modo que n\u00e3o importa a vis\u00e3o de cada um sobre o endurecimento da repress\u00e3o ou sobre as experi\u00eancias de legaliza\u00e7\u00e3o que h\u00e1 em outros pa\u00edses. Seja qual for o caminho que se escolha, n\u00f3s temos que partir do pressuposto que o que n\u00f3s estamos fazendo n\u00e3o est\u00e1 dando certo. E o maior problema que eu vejo \u00e9 o dom\u00ednio que o tr\u00e1fico exerce sobre muitas comunidades pobres do Brasil\u201d, afirmou.<\/p>\n<\/blockquote>\n\n\n\n<p><em>Fonte: Ag\u00eancia Brasil<\/em><\/p>\n","protected":false},"excerpt":{"rendered":"<p>O presidente do Supremo Tribunal Federal (STF), ministro Luis Roberto Barroso, defendeu nesta quarta-feira (17) que o pa\u00eds fa\u00e7a um debate \u201csem preconceitos\u201d sobre pol\u00edtica de drogas e destacou a seguran\u00e7a p\u00fablica como um dos principais problemas da Am\u00e9rica Latina, sobretudo na regi\u00e3o da Amaz\u00f4nia. \u201cAcho que mais recentemente tem se agravado o problema da [&hellip;]<\/p>\n","protected":false},"author":2,"featured_media":117536,"comment_status":"open","ping_status":"open","sticky":false,"template":"","format":"standard","meta":{"footnotes":""},"categories":[5],"tags":[24],"class_list":{"0":"post-117223","1":"post","2":"type-post","3":"status-publish","4":"format-standard","5":"has-post-thumbnail","7":"category-geral","8":"tag-manchete"},"_links":{"self":[{"href":"https:\/\/diariodoplaneta.com.br\/index.php?rest_route=\/wp\/v2\/posts\/117223","targetHints":{"allow":["GET"]}}],"collection":[{"href":"https:\/\/diariodoplaneta.com.br\/index.php?rest_route=\/wp\/v2\/posts"}],"about":[{"href":"https:\/\/diariodoplaneta.com.br\/index.php?rest_route=\/wp\/v2\/types\/post"}],"author":[{"embeddable":true,"href":"https:\/\/diariodoplaneta.com.br\/index.php?rest_route=\/wp\/v2\/users\/2"}],"replies":[{"embeddable":true,"href":"https:\/\/diariodoplaneta.com.br\/index.php?rest_route=%2Fwp%2Fv2%2Fcomments&post=117223"}],"version-history":[{"count":0,"href":"https:\/\/diariodoplaneta.com.br\/index.php?rest_route=\/wp\/v2\/posts\/117223\/revisions"}],"wp:featuredmedia":[{"embeddable":true,"href":"https:\/\/diariodoplaneta.com.br\/index.php?rest_route=\/wp\/v2\/media\/117536"}],"wp:attachment":[{"href":"https:\/\/diariodoplaneta.com.br\/index.php?rest_route=%2Fwp%2Fv2%2Fmedia&parent=117223"}],"wp:term":[{"taxonomy":"category","embeddable":true,"href":"https:\/\/diariodoplaneta.com.br\/index.php?rest_route=%2Fwp%2Fv2%2Fcategories&post=117223"},{"taxonomy":"post_tag","embeddable":true,"href":"https:\/\/diariodoplaneta.com.br\/index.php?rest_route=%2Fwp%2Fv2%2Ftags&post=117223"}],"curies":[{"name":"wp","href":"https:\/\/api.w.org\/{rel}","templated":true}]}}