{"id":117205,"date":"2024-01-16T13:30:40","date_gmt":"2024-01-16T16:30:40","guid":{"rendered":"https:\/\/diariodoplaneta.com.br\/?p=116244"},"modified":"2024-01-16T13:30:40","modified_gmt":"2024-01-16T16:30:40","slug":"alunos-do-3o-ano-vao-receber-incentivo-financeiro-para-fazer-enem","status":"publish","type":"post","link":"https:\/\/diariodoplaneta.com.br\/?p=117205","title":{"rendered":"Alunos do 3\u00ba ano v\u00e3o receber incentivo financeiro para fazer Enem"},"content":{"rendered":"\n<p>O ministro da Educa\u00e7\u00e3o, Camilo Santana, anunciou nesta ter\u00e7a-feira (16) que alunos do 3\u00ba ano do ensino m\u00e9dio v\u00e3o receber incentivo financeiro para participar do Exame Nacional do Ensino M\u00e9dio (Enem). A informa\u00e7\u00e3o foi divulgada durante coletiva de imprensa para divulga\u00e7\u00e3o dos resultados do Enem 2023. A pasta tamb\u00e9m liberou os resultados individuais dos participantes.&nbsp;<img decoding=\"async\" src=\"https:\/\/agenciabrasil.ebc.com.br\/ebc.png?id=1576561&amp;o=node\"><img decoding=\"async\" src=\"https:\/\/agenciabrasil.ebc.com.br\/ebc.gif?id=1576561&amp;o=node\"><\/p>\n\n\n\n<p>De acordo com o ministro, o presidente Luiz In\u00e1cio Lula da Silva sanciona nesta ter\u00e7a-feira a lei que institui o programa P\u00e9-de-Meia. A iniciativa prev\u00ea uma esp\u00e9cie de bolsa-poupan\u00e7a para que estudantes de baixa renda concluam o ensino m\u00e9dio. \u201cPosso adiantar aqui que haver\u00e1 tamb\u00e9m um incentivo para o jovem que fizer o Enem.\u201d&nbsp;<\/p>\n\n\n\n<blockquote class=\"wp-block-quote is-layout-flow wp-block-quote-is-layout-flow\">\n<p>\u201cVai ser uma forma de estimular o jovem regular do ensino m\u00e9dio que vai receber esse aux\u00edlio financeiro nos 3 anos do ensino m\u00e9dio, mas, no \u00faltimo ano, no 3\u00ba ano, ele vai receber um percentual, um valor para fazer a prova do Enem\u201d, explicou.&nbsp;<\/p>\n<\/blockquote>\n\n\n\n<p>\u201cPrecisamos convencer e mostrar que, primeiro, n\u00e3o h\u00e1 custo nenhum para o jovem. Depois, que \u00e9 a oportunidade que ele tem para acessar o ensino superior. N\u00e3o h\u00e1 motivo de o jovem n\u00e3o fazer o Enem\u201d, disse.&nbsp;<\/p>\n\n\n\n<p>Dados da pasta mostram que cerca de metade dos estudantes que estavam concluindo o ensino m\u00e9dio em 2023 participaram da \u00faltima edi\u00e7\u00e3o do Enem. Outro agravante, segundo Santana, \u00e9 que, dentre os que se inscreveram, muitos n\u00e3o chegaram a fazer a prova. Dos 1,4 milh\u00e3o de concluintes do ensino m\u00e9dio que se inscreveram para o exame, apenas 1 milh\u00e3o participaram efetivamente.&nbsp;<\/p>\n\n\n\n<blockquote class=\"wp-block-quote is-layout-flow wp-block-quote-is-layout-flow\">\n<p>&#8220;Precisamos identificar os motivos em cada rede, em cada estado. E dialogar com as redes para identificar os motivos disso&#8221;, disse.&nbsp;<\/p>\n<\/blockquote>\n\n\n\n<p><em>Fonte: Ag\u00eancia Brasil<\/em><\/p>\n","protected":false},"excerpt":{"rendered":"<p>O ministro da Educa\u00e7\u00e3o, Camilo Santana, anunciou nesta ter\u00e7a-feira (16) que alunos do 3\u00ba ano do ensino m\u00e9dio v\u00e3o receber incentivo financeiro para participar do Exame Nacional do Ensino M\u00e9dio (Enem). A informa\u00e7\u00e3o foi divulgada durante coletiva de imprensa para divulga\u00e7\u00e3o dos resultados do Enem 2023. A pasta tamb\u00e9m liberou os resultados individuais dos participantes.&nbsp; [&hellip;]<\/p>\n","protected":false},"author":2,"featured_media":117516,"comment_status":"open","ping_status":"open","sticky":false,"template":"","format":"standard","meta":{"footnotes":""},"categories":[5],"tags":[24],"class_list":{"0":"post-117205","1":"post","2":"type-post","3":"status-publish","4":"format-standard","5":"has-post-thumbnail","7":"category-geral","8":"tag-manchete"},"_links":{"self":[{"href":"https:\/\/diariodoplaneta.com.br\/index.php?rest_route=\/wp\/v2\/posts\/117205","targetHints":{"allow":["GET"]}}],"collection":[{"href":"https:\/\/diariodoplaneta.com.br\/index.php?rest_route=\/wp\/v2\/posts"}],"about":[{"href":"https:\/\/diariodoplaneta.com.br\/index.php?rest_route=\/wp\/v2\/types\/post"}],"author":[{"embeddable":true,"href":"https:\/\/diariodoplaneta.com.br\/index.php?rest_route=\/wp\/v2\/users\/2"}],"replies":[{"embeddable":true,"href":"https:\/\/diariodoplaneta.com.br\/index.php?rest_route=%2Fwp%2Fv2%2Fcomments&post=117205"}],"version-history":[{"count":0,"href":"https:\/\/diariodoplaneta.com.br\/index.php?rest_route=\/wp\/v2\/posts\/117205\/revisions"}],"wp:featuredmedia":[{"embeddable":true,"href":"https:\/\/diariodoplaneta.com.br\/index.php?rest_route=\/wp\/v2\/media\/117516"}],"wp:attachment":[{"href":"https:\/\/diariodoplaneta.com.br\/index.php?rest_route=%2Fwp%2Fv2%2Fmedia&parent=117205"}],"wp:term":[{"taxonomy":"category","embeddable":true,"href":"https:\/\/diariodoplaneta.com.br\/index.php?rest_route=%2Fwp%2Fv2%2Fcategories&post=117205"},{"taxonomy":"post_tag","embeddable":true,"href":"https:\/\/diariodoplaneta.com.br\/index.php?rest_route=%2Fwp%2Fv2%2Ftags&post=117205"}],"curies":[{"name":"wp","href":"https:\/\/api.w.org\/{rel}","templated":true}]}}