{"id":117163,"date":"2024-01-12T14:24:25","date_gmt":"2024-01-12T17:24:25","guid":{"rendered":"https:\/\/diariodoplaneta.com.br\/?p=116111"},"modified":"2024-01-12T14:24:25","modified_gmt":"2024-01-12T17:24:25","slug":"corpos-de-ocupantes-de-helicoptero-sao-encontrados-junto-aos-destrocos","status":"publish","type":"post","link":"https:\/\/diariodoplaneta.com.br\/?p=117163","title":{"rendered":"Corpos de ocupantes de helic\u00f3ptero s\u00e3o encontrados junto aos destro\u00e7os"},"content":{"rendered":"\n<p>Os corpos dos quatro ocupantes do helic\u00f3ptero que desapareceu h\u00e1 12 dias em S\u00e3o Paulo foram encontrados junto \u00e0 aeronave. A Pol\u00edcia Militar (PM) encontrou os destro\u00e7os em uma mata fechada no munic\u00edpio de Paraibuna, no Vale do Para\u00edba. O aparelho foi localizado pelo \u00c1guia 24, da PM. Equipes de resgate est\u00e3o no local.&nbsp;&nbsp;<img decoding=\"async\" src=\"https:\/\/agenciabrasil.ebc.com.br\/ebc.png?id=1576232&amp;o=node\"><img decoding=\"async\" src=\"https:\/\/agenciabrasil.ebc.com.br\/ebc.gif?id=1576232&amp;o=node\"><\/p>\n\n\n\n<p>O helic\u00f3ptero saiu do Campo de Marte por volta das 13h15 do dia 31 de dezembro, com destino a Ilhabela, com o piloto e tr\u00eas passageiros. De acordo com as informa\u00e7\u00f5es, al\u00e9m do piloto estavam no helic\u00f3ptero Luciana Rodzewics, de 45 anos; a filha dela, Let\u00edcia Ayumi Rodzewics Sakumoto, de 20 anos; e Rafael Torres, um amigo da fam\u00edlia que fez o convite para o passeio.&nbsp;<\/p>\n\n\n\n<p>As buscas estavam sendo feitas pela For\u00e7a A\u00e9rea Brasileira, Pol\u00edcia Militar, Pol\u00edcia Civil e o Corpo de Bombeiros de S\u00e3o Paulo. Durante as buscas, as equipes sobrevoaram a regi\u00e3o da Serra do Mar, entre o litoral norte e o Vale do Para\u00edba, principalmente sobre as cidades de Paraibuna, Natividade da Serra, Reden\u00e7\u00e3o da Serra, Sales\u00f3polis e Caraguatatuba.<\/p>\n\n\n\n<p><em>Fonte: Ag\u00eancia  Brasil<\/em><\/p>\n","protected":false},"excerpt":{"rendered":"<p>Os corpos dos quatro ocupantes do helic\u00f3ptero que desapareceu h\u00e1 12 dias em S\u00e3o Paulo foram encontrados junto \u00e0 aeronave. A Pol\u00edcia Militar (PM) encontrou os destro\u00e7os em uma mata fechada no munic\u00edpio de Paraibuna, no Vale do Para\u00edba. O aparelho foi localizado pelo \u00c1guia 24, da PM. Equipes de resgate est\u00e3o no local.&nbsp;&nbsp; O [&hellip;]<\/p>\n","protected":false},"author":2,"featured_media":117465,"comment_status":"open","ping_status":"open","sticky":false,"template":"","format":"standard","meta":{"footnotes":""},"categories":[5],"tags":[24],"class_list":{"0":"post-117163","1":"post","2":"type-post","3":"status-publish","4":"format-standard","5":"has-post-thumbnail","7":"category-geral","8":"tag-manchete"},"_links":{"self":[{"href":"https:\/\/diariodoplaneta.com.br\/index.php?rest_route=\/wp\/v2\/posts\/117163","targetHints":{"allow":["GET"]}}],"collection":[{"href":"https:\/\/diariodoplaneta.com.br\/index.php?rest_route=\/wp\/v2\/posts"}],"about":[{"href":"https:\/\/diariodoplaneta.com.br\/index.php?rest_route=\/wp\/v2\/types\/post"}],"author":[{"embeddable":true,"href":"https:\/\/diariodoplaneta.com.br\/index.php?rest_route=\/wp\/v2\/users\/2"}],"replies":[{"embeddable":true,"href":"https:\/\/diariodoplaneta.com.br\/index.php?rest_route=%2Fwp%2Fv2%2Fcomments&post=117163"}],"version-history":[{"count":0,"href":"https:\/\/diariodoplaneta.com.br\/index.php?rest_route=\/wp\/v2\/posts\/117163\/revisions"}],"wp:featuredmedia":[{"embeddable":true,"href":"https:\/\/diariodoplaneta.com.br\/index.php?rest_route=\/wp\/v2\/media\/117465"}],"wp:attachment":[{"href":"https:\/\/diariodoplaneta.com.br\/index.php?rest_route=%2Fwp%2Fv2%2Fmedia&parent=117163"}],"wp:term":[{"taxonomy":"category","embeddable":true,"href":"https:\/\/diariodoplaneta.com.br\/index.php?rest_route=%2Fwp%2Fv2%2Fcategories&post=117163"},{"taxonomy":"post_tag","embeddable":true,"href":"https:\/\/diariodoplaneta.com.br\/index.php?rest_route=%2Fwp%2Fv2%2Ftags&post=117163"}],"curies":[{"name":"wp","href":"https:\/\/api.w.org\/{rel}","templated":true}]}}