{"id":115407,"date":"2023-12-27T15:54:04","date_gmt":"2023-12-27T18:54:04","guid":{"rendered":"https:\/\/diariodoplaneta.com.br\/?p=115372"},"modified":"2023-12-27T15:54:04","modified_gmt":"2023-12-27T18:54:04","slug":"pf-prende-em-foz-do-iguacu-um-dos-maiores-narcotraficantes-do-uruguai","status":"publish","type":"post","link":"https:\/\/diariodoplaneta.com.br\/?p=115407","title":{"rendered":"PF prende em Foz do Igua\u00e7u um dos maiores narcotraficantes do Uruguai"},"content":{"rendered":"\n<p>A Pol\u00edcia Federal prendeu em Foz do Igua\u00e7u (PR), nesta ter\u00e7a-feira (26), um dos maiores narcotraficantes do Uruguai. A informa\u00e7\u00e3o foi divulgada nesta quarta-feira (27) pela corpora\u00e7\u00e3o. O preso \u00e9 foragido da Justi\u00e7a paraguaia, onde sua pris\u00e3o preventiva por tr\u00e1fico de drogas, associa\u00e7\u00e3o criminosa e lavagem de dinheiro foi decretada em mar\u00e7o de 2022.<img decoding=\"async\" src=\"https:\/\/agenciabrasil.ebc.com.br\/ebc.png?id=1574535&amp;o=node\"><img decoding=\"async\" src=\"https:\/\/agenciabrasil.ebc.com.br\/ebc.gif?id=1574535&amp;o=node\"><\/p>\n\n\n\n<p>De acordo com a PF, as investiga\u00e7\u00f5es apontaram que o narcotraficante se encontrava no Brasil para acompanhar o nascimento de seu filho, cuja m\u00e3e \u00e9 de nacionalidade boliviana. Os mandados de pris\u00e3o e de busca e apreens\u00e3o cumpridos nesta ter\u00e7a-feira foram expedidos pelo Supremo Tribunal Federal (STF), a pedido da pol\u00edcia.<\/p>\n\n\n\n<p>O preso foi identificado na Opera\u00e7\u00e3o A Ultranza Py, da pol\u00edcia paraguaia, como pe\u00e7a-chave no envio de entorpecentes da Am\u00e9rica do Sul para a Europa. Ele&nbsp; integraria o grupo criminoso Primer Cartel Uruguayo.<\/p>\n\n\n\n<p>Fonte: Ag\u00eancia Brasil<\/p>\n","protected":false},"excerpt":{"rendered":"<p>A Pol\u00edcia Federal prendeu em Foz do Igua\u00e7u (PR), nesta ter\u00e7a-feira (26), um dos maiores narcotraficantes do Uruguai. A informa\u00e7\u00e3o foi divulgada nesta quarta-feira (27) pela corpora\u00e7\u00e3o. O preso \u00e9 foragido da Justi\u00e7a paraguaia, onde sua pris\u00e3o preventiva por tr\u00e1fico de drogas, associa\u00e7\u00e3o criminosa e lavagem de dinheiro foi decretada em mar\u00e7o de 2022. De [&hellip;]<\/p>\n","protected":false},"author":2,"featured_media":116305,"comment_status":"open","ping_status":"open","sticky":false,"template":"","format":"standard","meta":{"footnotes":""},"categories":[5],"tags":[24],"class_list":{"0":"post-115407","1":"post","2":"type-post","3":"status-publish","4":"format-standard","5":"has-post-thumbnail","7":"category-geral","8":"tag-manchete"},"_links":{"self":[{"href":"https:\/\/diariodoplaneta.com.br\/index.php?rest_route=\/wp\/v2\/posts\/115407","targetHints":{"allow":["GET"]}}],"collection":[{"href":"https:\/\/diariodoplaneta.com.br\/index.php?rest_route=\/wp\/v2\/posts"}],"about":[{"href":"https:\/\/diariodoplaneta.com.br\/index.php?rest_route=\/wp\/v2\/types\/post"}],"author":[{"embeddable":true,"href":"https:\/\/diariodoplaneta.com.br\/index.php?rest_route=\/wp\/v2\/users\/2"}],"replies":[{"embeddable":true,"href":"https:\/\/diariodoplaneta.com.br\/index.php?rest_route=%2Fwp%2Fv2%2Fcomments&post=115407"}],"version-history":[{"count":0,"href":"https:\/\/diariodoplaneta.com.br\/index.php?rest_route=\/wp\/v2\/posts\/115407\/revisions"}],"wp:featuredmedia":[{"embeddable":true,"href":"https:\/\/diariodoplaneta.com.br\/index.php?rest_route=\/wp\/v2\/media\/116305"}],"wp:attachment":[{"href":"https:\/\/diariodoplaneta.com.br\/index.php?rest_route=%2Fwp%2Fv2%2Fmedia&parent=115407"}],"wp:term":[{"taxonomy":"category","embeddable":true,"href":"https:\/\/diariodoplaneta.com.br\/index.php?rest_route=%2Fwp%2Fv2%2Fcategories&post=115407"},{"taxonomy":"post_tag","embeddable":true,"href":"https:\/\/diariodoplaneta.com.br\/index.php?rest_route=%2Fwp%2Fv2%2Ftags&post=115407"}],"curies":[{"name":"wp","href":"https:\/\/api.w.org\/{rel}","templated":true}]}}