{"id":115396,"date":"2023-12-27T13:19:15","date_gmt":"2023-12-27T16:19:15","guid":{"rendered":"https:\/\/diariodoplaneta.com.br\/?p=115337"},"modified":"2023-12-27T13:19:15","modified_gmt":"2023-12-27T16:19:15","slug":"lula-assina-decreto-que-reajusta-salario-minimo-para-r-1-412","status":"publish","type":"post","link":"https:\/\/diariodoplaneta.com.br\/?p=115396","title":{"rendered":"Lula assina\u00a0decreto que reajusta sal\u00e1rio m\u00ednimo para R$ 1.412"},"content":{"rendered":"\n<p><br>O presidente Luiz In\u00e1cio Lula da Silva assinou o decreto que reajustar\u00e1, a partir de 1\u00ba de janeiro de 2024, o valor do sal\u00e1rio-m\u00ednimo, que passar\u00e1 a ser de R$ 1.412. De acordo com o Pal\u00e1cio do Planalto, Lula deixou o decreto assinado antes de viajar para a base naval da Restinga da Marambaia,&nbsp;<a href=\"https:\/\/agenciabrasil.ebc.com.br\/geral\/noticia\/2023-12\/lula-passara-reveillon-em-base-militar-no-rio\">onde passar\u00e1 o R\u00e9veillon<\/a>.<img decoding=\"async\" src=\"https:\/\/agenciabrasil.ebc.com.br\/ebc.png?id=1574509&amp;o=node\"><img decoding=\"async\" src=\"https:\/\/agenciabrasil.ebc.com.br\/ebc.gif?id=1574509&amp;o=node\"><\/p>\n\n\n\n<p>A expectativa \u00e9 de que o decreto seja publicado ainda nesta quarta-feira (27) em edi\u00e7\u00e3o extra do Di\u00e1rio Oficial da Uni\u00e3o.<\/p>\n\n\n\n<p>O novo valor representa um aumento de R$ 92 ante ao valor atual (R$ 1.320). A valoriza\u00e7\u00e3o acima da infla\u00e7\u00e3o constava em medida provis\u00f3ria enviada pelo presidente Lula em maio ao Congresso, que a aprovou em agosto. O novo valor, ent\u00e3o, foi&nbsp;<a href=\"https:\/\/agenciabrasil.ebc.com.br\/politica\/noticia\/2023-12\/congresso-nacional-aprova-projeto-da-lei-orcamentaria-para-2024\">inclu\u00eddo na lei or\u00e7ament\u00e1ria para 2024<\/a>, aprovada pelo parlamento no dia 22 de dezembro.<\/p>\n\n\n\n<p>A defini\u00e7\u00e3o do novo valor deriva de uma f\u00f3rmula que havia sido adotada durante os governos anteriores do PT, com base no \u00cdndice Nacional de Pre\u00e7os ao Consumidor (INPC) e a varia\u00e7\u00e3o do Produto Interno Brito (PIB, que \u00e9 a soma de todas as riquezas produzidas no pa\u00eds).<\/p>\n\n\n\n<p>Como entrar\u00e1 em vigor a partir do primeiro dia de janeiro, o novo valor come\u00e7ar\u00e1 a ser depositado no in\u00edcio de fevereiro.<\/p>\n\n\n\n<p><em>Fonte: Ag\u00eancia Brasil<\/em><\/p>\n","protected":false},"excerpt":{"rendered":"<p>O presidente Luiz In\u00e1cio Lula da Silva assinou o decreto que reajustar\u00e1, a partir de 1\u00ba de janeiro de 2024, o valor do sal\u00e1rio-m\u00ednimo, que passar\u00e1 a ser de R$ 1.412. De acordo com o Pal\u00e1cio do Planalto, Lula deixou o decreto assinado antes de viajar para a base naval da Restinga da Marambaia,&nbsp;onde passar\u00e1 [&hellip;]<\/p>\n","protected":false},"author":2,"featured_media":115983,"comment_status":"open","ping_status":"open","sticky":false,"template":"","format":"standard","meta":{"footnotes":""},"categories":[20,5],"tags":[24],"class_list":{"0":"post-115396","1":"post","2":"type-post","3":"status-publish","4":"format-standard","5":"has-post-thumbnail","7":"category-economia","8":"category-geral","9":"tag-manchete"},"_links":{"self":[{"href":"https:\/\/diariodoplaneta.com.br\/index.php?rest_route=\/wp\/v2\/posts\/115396","targetHints":{"allow":["GET"]}}],"collection":[{"href":"https:\/\/diariodoplaneta.com.br\/index.php?rest_route=\/wp\/v2\/posts"}],"about":[{"href":"https:\/\/diariodoplaneta.com.br\/index.php?rest_route=\/wp\/v2\/types\/post"}],"author":[{"embeddable":true,"href":"https:\/\/diariodoplaneta.com.br\/index.php?rest_route=\/wp\/v2\/users\/2"}],"replies":[{"embeddable":true,"href":"https:\/\/diariodoplaneta.com.br\/index.php?rest_route=%2Fwp%2Fv2%2Fcomments&post=115396"}],"version-history":[{"count":0,"href":"https:\/\/diariodoplaneta.com.br\/index.php?rest_route=\/wp\/v2\/posts\/115396\/revisions"}],"wp:featuredmedia":[{"embeddable":true,"href":"https:\/\/diariodoplaneta.com.br\/index.php?rest_route=\/wp\/v2\/media\/115983"}],"wp:attachment":[{"href":"https:\/\/diariodoplaneta.com.br\/index.php?rest_route=%2Fwp%2Fv2%2Fmedia&parent=115396"}],"wp:term":[{"taxonomy":"category","embeddable":true,"href":"https:\/\/diariodoplaneta.com.br\/index.php?rest_route=%2Fwp%2Fv2%2Fcategories&post=115396"},{"taxonomy":"post_tag","embeddable":true,"href":"https:\/\/diariodoplaneta.com.br\/index.php?rest_route=%2Fwp%2Fv2%2Ftags&post=115396"}],"curies":[{"name":"wp","href":"https:\/\/api.w.org\/{rel}","templated":true}]}}