{"id":115264,"date":"2023-12-07T08:18:56","date_gmt":"2023-12-07T11:18:56","guid":{"rendered":"https:\/\/diariodoplaneta.com.br\/?p=114400"},"modified":"2023-12-07T08:18:56","modified_gmt":"2023-12-07T11:18:56","slug":"mauro-vieira-diz-que-e-necessario-preservar-a-paz-na-america-do-sul","status":"publish","type":"post","link":"https:\/\/diariodoplaneta.com.br\/?p=115264","title":{"rendered":"Mauro Vieira diz que \u00e9 necess\u00e1rio preservar a paz na Am\u00e9rica do Sul"},"content":{"rendered":"\n<p>O ministro das Rela\u00e7\u00f5es Exteriores, Mauro Vieira, defendeu, nesta quarta-feira (6), na reuni\u00e3o de chanceleres do Mercosul, que os pa\u00edses da Am\u00e9rica do Sul devem priorizar o di\u00e1logo e a manuten\u00e7\u00e3o da paz no continente. A fala acontece em meio ao acirramento de tens\u00f5es entre a Venezuela e a Guiana, depois de um referendo, promovido pelo governo venezuelano, que aprovou a transforma\u00e7\u00e3o do territ\u00f3rio de Essequibo em estado do pa\u00eds comandado por Nicol\u00e1s Maduro.<img decoding=\"async\" src=\"https:\/\/agenciabrasil.ebc.com.br\/ebc.png?id=1570987&amp;o=node\"><img decoding=\"async\" src=\"https:\/\/agenciabrasil.ebc.com.br\/ebc.gif?id=1570987&amp;o=node\"><\/p>\n\n\n\n<p>\u201cEm um momento conturbado, com muitos conflitos, \u00e9 sempre importante lembrar a contribui\u00e7\u00e3o do Mercosul para que a Am\u00e9rica do Sul constitua hoje a zona de paz mais extensa do mundo. E a manuten\u00e7\u00e3o da paz \u00e9 condi\u00e7\u00e3o imprescind\u00edvel para o desenvolvimento econ\u00f4mico. \u00c9 essencial que continuemos dialogando e trabalhando para que nossa regi\u00e3o siga nessa trilha\u201d, disse Vieira.<\/p>\n\n\n\n<h2 class=\"wp-block-heading\">Fortalecimento do bloco<\/h2>\n\n\n\n<p>Na abertura do encontro desta quarta-feira, que foi realizado quase integralmente de portas fechadas, sem acesso para a imprensa, o ministro destacou a import\u00e2ncia de continuar fortalecendo o bloco regional para o desenvolvimento de todo o continente.<\/p>\n\n\n\n<p>\u201cAo longo de tr\u00eas d\u00e9cadas, desde a sua cria\u00e7\u00e3o, o Mercosul virou um elemento central de coes\u00e3o, articula\u00e7\u00e3o e integra\u00e7\u00e3o da Am\u00e9rica do Sul. Gra\u00e7as ao Mercosul e aos esfor\u00e7os conjuntos dos estados associados, constitu\u00edmos desde 2019 uma zona de livre com\u00e9rcio de fato, que estimula a produ\u00e7\u00e3o e o com\u00e9rcio de bens, com valor agregado para todos os povos\u201d.<\/p>\n\n\n\n<p>A 63\u00aa Reuni\u00e3o Ordin\u00e1ria do Conselho do Mercado Comum acontece no Museu do Amanh\u00e3, no Rio de Janeiro. Hoje, participaram ministros das Rela\u00e7\u00f5es Exteriores, das \u00e1reas econ\u00f4micas e presidentes de Bancos Centrais do Mercosul, Estados Associados e convidados especiais. Representaram o Brasil o vice-presidente Alckmin, o chanceler Mauro Vieira e a ministra do Planejamento e Or\u00e7amento, Simone Tebet. Amanh\u00e3, haver\u00e1 o encontro de chefes de Estado.<\/p>\n\n\n\n<p><em>Fonte: Ag\u00eancia Brasil<\/em><\/p>\n","protected":false},"excerpt":{"rendered":"<p>O ministro das Rela\u00e7\u00f5es Exteriores, Mauro Vieira, defendeu, nesta quarta-feira (6), na reuni\u00e3o de chanceleres do Mercosul, que os pa\u00edses da Am\u00e9rica do Sul devem priorizar o di\u00e1logo e a manuten\u00e7\u00e3o da paz no continente. A fala acontece em meio ao acirramento de tens\u00f5es entre a Venezuela e a Guiana, depois de um referendo, promovido [&hellip;]<\/p>\n","protected":false},"author":2,"featured_media":115598,"comment_status":"open","ping_status":"open","sticky":false,"template":"","format":"standard","meta":{"footnotes":""},"categories":[17],"tags":[],"class_list":{"0":"post-115264","1":"post","2":"type-post","3":"status-publish","4":"format-standard","5":"has-post-thumbnail","7":"category-mundo"},"_links":{"self":[{"href":"https:\/\/diariodoplaneta.com.br\/index.php?rest_route=\/wp\/v2\/posts\/115264","targetHints":{"allow":["GET"]}}],"collection":[{"href":"https:\/\/diariodoplaneta.com.br\/index.php?rest_route=\/wp\/v2\/posts"}],"about":[{"href":"https:\/\/diariodoplaneta.com.br\/index.php?rest_route=\/wp\/v2\/types\/post"}],"author":[{"embeddable":true,"href":"https:\/\/diariodoplaneta.com.br\/index.php?rest_route=\/wp\/v2\/users\/2"}],"replies":[{"embeddable":true,"href":"https:\/\/diariodoplaneta.com.br\/index.php?rest_route=%2Fwp%2Fv2%2Fcomments&post=115264"}],"version-history":[{"count":0,"href":"https:\/\/diariodoplaneta.com.br\/index.php?rest_route=\/wp\/v2\/posts\/115264\/revisions"}],"wp:featuredmedia":[{"embeddable":true,"href":"https:\/\/diariodoplaneta.com.br\/index.php?rest_route=\/wp\/v2\/media\/115598"}],"wp:attachment":[{"href":"https:\/\/diariodoplaneta.com.br\/index.php?rest_route=%2Fwp%2Fv2%2Fmedia&parent=115264"}],"wp:term":[{"taxonomy":"category","embeddable":true,"href":"https:\/\/diariodoplaneta.com.br\/index.php?rest_route=%2Fwp%2Fv2%2Fcategories&post=115264"},{"taxonomy":"post_tag","embeddable":true,"href":"https:\/\/diariodoplaneta.com.br\/index.php?rest_route=%2Fwp%2Fv2%2Ftags&post=115264"}],"curies":[{"name":"wp","href":"https:\/\/api.w.org\/{rel}","templated":true}]}}