{"id":115229,"date":"2023-12-05T18:10:29","date_gmt":"2023-12-05T21:10:29","guid":{"rendered":"https:\/\/diariodoplaneta.com.br\/?p=114284"},"modified":"2023-12-05T18:10:29","modified_gmt":"2023-12-05T21:10:29","slug":"trafico-de-drogas-grupo-suspeito-de-vender-r-7-milhoes-em-cetamina-e-alvo-da-policia","status":"publish","type":"post","link":"https:\/\/diariodoplaneta.com.br\/?p=115229","title":{"rendered":"Tr\u00e1fico de drogas: grupo suspeito de vender R$ 7 milh\u00f5es em cetamina \u00e9 alvo da pol\u00edcia\u00a0"},"content":{"rendered":"\n<p>Um suposto grupo conhecido como Orcrim, que estaria envolvido no tr\u00e1fico ilegal de medicamentos veter\u00edn\u00e1rios, foi alvo de investiga\u00e7\u00f5es da Coordena\u00e7\u00e3o de Repress\u00e3o \u00e0s Drogas do Distrito Federal (CORD). Nesta ter\u00e7a-feira (5), foram expedidos 23 mandados de busca e apreens\u00e3o contra os indiv\u00edduos que teriam liga\u00e7\u00e3o com o esquema no DF, S\u00e3o Paulo (SP) e no Rio de Janeiro (RJ).&nbsp;<\/p>\n\n\n\n<p>Nas imagens divulgadas pela corpora\u00e7\u00e3o, \u00e9 poss\u00edvel ter dimens\u00e3o da estrutura utilizada para armazenar os rem\u00e9dios \u00e0 base de cetamina. Segundo o delegado respons\u00e1vel pelo caso, Rog\u00e9rio Henrique de Oliveira, a subst\u00e2ncia \u00e9 um anest\u00e9sico veterin\u00e1rio que tem sido utilizado para uso recreativo.\u00a0<\/p>\n\n\n\n<figure class=\"wp-block-embed is-type-video is-provider-youtube wp-block-embed-youtube wp-embed-aspect-16-9 wp-has-aspect-ratio\"><div class=\"wp-block-embed__wrapper\">\n<iframe loading=\"lazy\" title=\"Grupo suspeito de vender R$ 7 milh\u00f5es em cetamina \u00e9 alvo da pol\u00edcia\" width=\"1170\" height=\"658\" src=\"https:\/\/www.youtube.com\/embed\/ITJrNVa_dw8?feature=oembed\" frameborder=\"0\" allow=\"accelerometer; autoplay; clipboard-write; encrypted-media; gyroscope; picture-in-picture; web-share\" allowfullscreen><\/iframe>\n<\/div><\/figure>\n\n\n\n<p>As apura\u00e7\u00f5es da Pol\u00edcia Civil do Distrito Federal (PCDF) apontaram que a Orcrim teria come\u00e7ado as atividades em 2021 com a funda\u00e7\u00e3o de uma agropecu\u00e1ria, em SP,&nbsp; para facilitar o acesso \u00e0 droga. Dentre as movimenta\u00e7\u00f5es financeiras, o grupo teria arrecadado cerca de R$ 7 milh\u00f5es com a venda irregular do entorpecente somente em 2022.&nbsp;<\/p>\n\n\n\n<p>A CORD identificou que, para n\u00e3o levantar suspeitas, a associa\u00e7\u00e3o teria montado uma \u201cequipe\u201d de pessoas jur\u00eddicas e f\u00edsicas com documentos falsos. At\u00e9 uma m\u00e9dica veterin\u00e1ria, que n\u00e3o teve sua identidade divulgada, teria se unido ao esquema para que os suspeitos fossem cadastrados no sistema de controle de aquisi\u00e7\u00f5es de medicamentos do Minist\u00e9rio da Agricultura.<\/p>\n\n\n\n<p>Com o acesso f\u00e1cil, a venda ilegal e superfaturada foram viabilizadas. \u201cCada ampola de cetamina era comprada por R$ 90 a R$100 e revendida a traficantes locais por R$ 400, tornando-se o lucro altamente\u201d, explicou a CORD \u00e0 Atividade News. Os entorpecentes, em sua maioria, eram enviados aos compradores por meio dos correios.<\/p>\n\n\n\n<p>Al\u00e9m das buscas e apreens\u00f5es, seis mandados de pris\u00e3o foram encaminhados. As contas banc\u00e1rias dos suspeitos tamb\u00e9m passaram por bloqueios.&nbsp;<\/p>\n\n\n\n<p><strong>Atividades do grupo no DF&nbsp;<\/strong><\/p>\n\n\n\n<p>As movimenta\u00e7\u00f5es da associa\u00e7\u00e3o no DF foram detectadas em fevereiro deste ano pela PCDF. De acordo com o \u00f3rg\u00e3o, dois indiv\u00edduos foram identificados ao receberem pacotes suspeitos de cetamina. Em uma das entregas da empresa, os investigadores apreenderam R$ 25 mil em cetamina. Ao todo, eram 252 fracos.&nbsp;<\/p>\n","protected":false},"excerpt":{"rendered":"<p>Um suposto grupo conhecido como Orcrim, que estaria envolvido no tr\u00e1fico ilegal de medicamentos veter\u00edn\u00e1rios, foi alvo de investiga\u00e7\u00f5es da Coordena\u00e7\u00e3o de Repress\u00e3o \u00e0s Drogas do Distrito Federal (CORD). Nesta ter\u00e7a-feira (5), foram expedidos 23 mandados de busca e apreens\u00e3o contra os indiv\u00edduos que teriam liga\u00e7\u00e3o com o esquema no DF, S\u00e3o Paulo (SP) e [&hellip;]<\/p>\n","protected":false},"author":2,"featured_media":115559,"comment_status":"open","ping_status":"open","sticky":false,"template":"","format":"standard","meta":{"footnotes":""},"categories":[12,25],"tags":[26],"class_list":{"0":"post-115229","1":"post","2":"type-post","3":"status-publish","4":"format-standard","5":"has-post-thumbnail","7":"category-distrito-federal","8":"category-regional","9":"tag-videos"},"_links":{"self":[{"href":"https:\/\/diariodoplaneta.com.br\/index.php?rest_route=\/wp\/v2\/posts\/115229","targetHints":{"allow":["GET"]}}],"collection":[{"href":"https:\/\/diariodoplaneta.com.br\/index.php?rest_route=\/wp\/v2\/posts"}],"about":[{"href":"https:\/\/diariodoplaneta.com.br\/index.php?rest_route=\/wp\/v2\/types\/post"}],"author":[{"embeddable":true,"href":"https:\/\/diariodoplaneta.com.br\/index.php?rest_route=\/wp\/v2\/users\/2"}],"replies":[{"embeddable":true,"href":"https:\/\/diariodoplaneta.com.br\/index.php?rest_route=%2Fwp%2Fv2%2Fcomments&post=115229"}],"version-history":[{"count":0,"href":"https:\/\/diariodoplaneta.com.br\/index.php?rest_route=\/wp\/v2\/posts\/115229\/revisions"}],"wp:featuredmedia":[{"embeddable":true,"href":"https:\/\/diariodoplaneta.com.br\/index.php?rest_route=\/wp\/v2\/media\/115559"}],"wp:attachment":[{"href":"https:\/\/diariodoplaneta.com.br\/index.php?rest_route=%2Fwp%2Fv2%2Fmedia&parent=115229"}],"wp:term":[{"taxonomy":"category","embeddable":true,"href":"https:\/\/diariodoplaneta.com.br\/index.php?rest_route=%2Fwp%2Fv2%2Fcategories&post=115229"},{"taxonomy":"post_tag","embeddable":true,"href":"https:\/\/diariodoplaneta.com.br\/index.php?rest_route=%2Fwp%2Fv2%2Ftags&post=115229"}],"curies":[{"name":"wp","href":"https:\/\/api.w.org\/{rel}","templated":true}]}}