{"id":115053,"date":"2023-12-20T15:02:59","date_gmt":"2023-12-20T18:02:59","guid":{"rendered":"https:\/\/diariodoplaneta.com.br\/?p=115053"},"modified":"2023-12-20T15:02:59","modified_gmt":"2023-12-20T18:02:59","slug":"lula-elogia-capacidade-de-negociacao-do-governo","status":"publish","type":"post","link":"https:\/\/diariodoplaneta.com.br\/?p=115053","title":{"rendered":"Lula elogia capacidade de negocia\u00e7\u00e3o do governo"},"content":{"rendered":"\n<p>O presidente Luiz In\u00e1cio Lula da Silva elogiou, nesta quarta-feira (20), a capacidade de negocia\u00e7\u00e3o de ministros e de parlamentares l\u00edderes do governo com o Congresso Nacional para aprova\u00e7\u00e3o de mat\u00e9rias de interesse, entre elas a reforma tribut\u00e1ria, que ser\u00e1 promulgada hoje. Lula coordenou a \u00faltima reuni\u00e3o ministerial do ano, no Pal\u00e1cio do Planalto, e pediu aos ministros para estarem em Bras\u00edlia no dia 8 de janeiro, para um ato alusivo aos&nbsp;<a href=\"https:\/\/agenciabrasil.ebc.com.br\/geral\/noticia\/2023-01\/acampamento-bolsonarista-foi-central-em-ataques-do-dia-8-de-janeiro\" target=\"_blank\" rel=\"noreferrer noopener\">ataques golpistas<\/a>&nbsp;que resultaram na invas\u00e3o e depreda\u00e7\u00e3o das sedes dos tr\u00eas poderes.<img decoding=\"async\" src=\"https:\/\/agenciabrasil.ebc.com.br\/ebc.png?id=1573558&amp;o=node\"><img decoding=\"async\" src=\"https:\/\/agenciabrasil.ebc.com.br\/ebc.gif?id=1573558&amp;o=node\"><\/p>\n\n\n\n<p>\u201c\u00c9 preciso a gente come\u00e7ar enaltecendo o trabalho extraordin\u00e1rio da aprova\u00e7\u00e3o das coisas que n\u00f3s conseguimos aprovar no Congresso Nacional. \u00c9 importante a gente comemorar o feito extraordin\u00e1rio da aprova\u00e7\u00e3o da primeira pol\u00edtica de reforma tribut\u00e1ria aprovada num regime democr\u00e1tico, num Congresso Nacional, onde partidariamente todos os partidos s\u00e3o de m\u00e9dios para baixo, n\u00e3o tem nenhum partido com 200 deputados, com 150 deputados, e n\u00f3s conseguimos isso apenas colocando em pr\u00e1tica a arte da negocia\u00e7\u00e3o\u201d, disse Lula.<\/p>\n\n\n\n<p>O presidente avaliou que essa negocia\u00e7\u00e3o foi \u201cmuitas vezes mal interpretada\u201d, \u201cacusada de coisa de menor n\u00edvel\u201d, mas afirmou que o governo conversa com todos os parlamentares, sem distin\u00e7\u00e3o. \u201cA gente n\u00e3o pergunta de que partido \u00e9 a pessoa, a gente leva a proposta e em cima daquela proposta a gente estabelece as conversa\u00e7\u00f5es necess\u00e1rias\u201d, disse, citando a articula\u00e7\u00e3o do ministro da Fazenda, Fernando Haddad, para aprova\u00e7\u00e3o da reforma tribut\u00e1ria.<\/p>\n\n\n\n<p>O texto passou pela \u00faltima vota\u00e7\u00e3o na C\u00e2mara dos Deputados no \u00faltimo dia 15 de dezembro, ap\u00f3s 30 anos de discuss\u00e3o. A&nbsp;<a href=\"https:\/\/agenciabrasil.ebc.com.br\/economia\/noticia\/2023-12\/cesta-basica-combustivel-servicos-o-que-muda-com-reforma-tributaria\" target=\"_blank\" rel=\"noreferrer noopener\">reforma tribut\u00e1ria&nbsp;<\/a>simplificar\u00e1 a tributa\u00e7\u00e3o sobre o consumo e provocar\u00e1 mudan\u00e7a na vida dos brasileiros na hora de comprar produtos e servi\u00e7os.<\/p>\n\n\n\n<p>Para Lula, ainda n\u00e3o se sabe \u201cse ela vai dar todos os frutos que a gente espera\u201d. \u201c\u00c9 como se fosse uma \u00e1rvore que est\u00e1 plantada, agora n\u00f3s temos que jogar \u00e1gua, colocar fertilizante, continuar conversando para aperfei\u00e7oar, para que a gente d\u00ea ao povo brasileiro e ao mundo inteiro que quer investir no Brasil a certeza de que esse pa\u00eds est\u00e1 tratando com muita seriedade a quest\u00e3o econ\u00f4mica, que a gente n\u00e3o pensa, em nenhum momento que \u00e9 poss\u00edvel fazer m\u00e1gica com a economia, que a gente pode dar um cavalo de pau num navio do tamanho do Brasil\u201d, disse, afirmando que a articula\u00e7\u00e3o continuar\u00e1 sendo foco da governan\u00e7a.<\/p>\n\n\n\n<p>\u201cA gente vai continuar, no ano de 2024, com esse mesmo jeito de governar, conversando com todo mundo; perde alguma coisa, ganha outra coisa, mas estabelecer como regra extraordin\u00e1ria a capacidade de conversa\u00e7\u00e3o, a capacidade do di\u00e1logo. Pobre do governante que acha que pode trocar a mesa de di\u00e1logo por uma metralhadora, por um fuzil ou por um canh\u00e3o. Quando se chega a essa tomada de posi\u00e7\u00e3o, a\u00ed a ignor\u00e2ncia venceu a intelig\u00eancia. A\u00ed a gente n\u00e3o pode botar nenhuma palavra ligada \u00e0 democracia, porque a democracia pressup\u00f5e toler\u00e2ncia, conviv\u00eancia democr\u00e1tica na diversidade\u201d, acrescentou Lula.<\/p>\n\n\n\n<p>Ao abrir a reuni\u00e3o, o presidente avaliou que o pa\u00eds est\u00e1 com uma situa\u00e7\u00e3o \u201cmuito boa\u201d e aposta no&nbsp;<a href=\"https:\/\/agenciabrasil.ebc.com.br\/politica\/noticia\/2023-12\/lula-critica-previsao-da-ocde-sobre-economia-brasileira\" target=\"_blank\" rel=\"noreferrer noopener\">crescimento do pa\u00eds maior que as previs\u00f5es<\/a>. \u201cO que n\u00f3s estamos colhendo hoje \u00e9 um pouco daquilo que foi plantado, aquilo que a gente dizia desde o come\u00e7o, para voc\u00ea ter uma boa governan\u00e7a, voc\u00ea precisa ter credibilidade, voc\u00ea precisa ter estabilidade, estabilidade pol\u00edtica, estabilidade jur\u00eddica, estabilidade social e voc\u00ea tem que ter uma coisa chamada previsibilidade. Ningu\u00e9m quer enganar ningu\u00e9m. A gente quer um pa\u00eds que tudo d\u00ea certo para todos\u201d, disse.<\/p>\n\n\n\n<p>Ele afirmou ainda que \u201ch\u00e1 defeitos\u201d no governo e que conversaria com os ministros sobre \u201calgumas coisas que a gente tem que consertar\u201d para os pr\u00f3ximos anos.<\/p>\n\n\n\n<h2 class=\"wp-block-heading\">Fl\u00e1vio Dino<\/h2>\n\n\n\n<p>Ap\u00f3s a fala inicial de Lula, transmitida ao vivo, a reuni\u00e3o seguiu privada. Segundo ele, alguns ministros fariam apresenta\u00e7\u00f5es, entre eles, o ministro da Justi\u00e7a e Seguran\u00e7a P\u00fablica, Fl\u00e1vio Dino. Ele foi escolhido pelo presidente para ocupar uma vaga no Supremo Tribunal Federal (STF), com o&nbsp;<a href=\"https:\/\/agenciabrasil.ebc.com.br\/politica\/noticia\/2023-12\/senado-aprova-indicacao-de-flavio-dino-para-ministro-do-stf\" target=\"_blank\" rel=\"noreferrer noopener\">Senado aprovando seu nome<\/a>. A posse foi marcada para 22 de fevereiro.<\/p>\n\n\n\n<blockquote class=\"wp-block-quote is-layout-flow wp-block-quote-is-layout-flow\">\n<p>\u201cSegundo a extrema-direita, foi o primeiro comunista a assumir a Suprema Corte. E eu espero que seja um comunista do bem, que tenha amor, carinho e, sobretudo, que seja justo. Porque ali n\u00e3o pode prevalecer apenas a vis\u00e3o ideol\u00f3gica, ali, meu caro Fl\u00e1vio Dino, com a tua compet\u00eancia, s\u00f3 tem uma coisa que voc\u00ea n\u00e3o pode trair, \u00e9 o teu compromisso com o povo brasileiro e o compromisso com a verdade\u201d, disse Lula.<\/p>\n<\/blockquote>\n\n\n\n<p>O presidente alertou Dino que um ministro da Suprema Corte \u201cn\u00e3o tem que ficar dando entrevista, n\u00e3o tem que ficar dando palpite sobre o voto\u201d. \u201cEle fala nos autos do processo e \u00e9 isso que interessa para quem recorre \u00e0 Suprema Corte. Eu estou confiante que voc\u00ea ser\u00e1 motivo de orgulho para o nosso pa\u00eds\u201d, destacou.<\/p>\n\n\n\n<p>Ainda de acordo com Lula, o ministro da Justi\u00e7a ficar\u00e1 no governo at\u00e9 8 de janeiro, para participar do ato em Bras\u00edlia. O presidente confirmou na reuni\u00e3o que convocar\u00e1 um ato para lembrar os ataques golpistas, quando v\u00e2ndalos depredaram o Pal\u00e1cio do Planalto, STF e o Congresso Nacional.<\/p>\n\n\n\n<blockquote class=\"wp-block-quote is-layout-flow wp-block-quote-is-layout-flow\">\n<p>\u201cN\u00f3s estamos tentando convocar um ato que vai ser convocado por mim, pelo presidente da Suprema Corte, pelo presidente do Senado e pelo presidente da C\u00e2mara\u201d, disse.<\/p>\n<\/blockquote>\n\n\n\n<p><em>Fonte: Ag\u00eancia Brasil<\/em><\/p>\n","protected":false},"excerpt":{"rendered":"<p>O presidente Luiz In\u00e1cio Lula da Silva elogiou, nesta quarta-feira (20), a capacidade de negocia\u00e7\u00e3o de ministros e de parlamentares l\u00edderes do governo com o Congresso Nacional para aprova\u00e7\u00e3o de mat\u00e9rias de interesse, entre elas a reforma tribut\u00e1ria, que ser\u00e1 promulgada hoje. Lula coordenou a \u00faltima reuni\u00e3o ministerial do ano, no Pal\u00e1cio do Planalto, e [&hellip;]<\/p>\n","protected":false},"author":2,"featured_media":115969,"comment_status":"open","ping_status":"open","sticky":false,"template":"","format":"standard","meta":{"footnotes":""},"categories":[13],"tags":[24],"class_list":{"0":"post-115053","1":"post","2":"type-post","3":"status-publish","4":"format-standard","5":"has-post-thumbnail","7":"category-politica","8":"tag-manchete"},"_links":{"self":[{"href":"https:\/\/diariodoplaneta.com.br\/index.php?rest_route=\/wp\/v2\/posts\/115053","targetHints":{"allow":["GET"]}}],"collection":[{"href":"https:\/\/diariodoplaneta.com.br\/index.php?rest_route=\/wp\/v2\/posts"}],"about":[{"href":"https:\/\/diariodoplaneta.com.br\/index.php?rest_route=\/wp\/v2\/types\/post"}],"author":[{"embeddable":true,"href":"https:\/\/diariodoplaneta.com.br\/index.php?rest_route=\/wp\/v2\/users\/2"}],"replies":[{"embeddable":true,"href":"https:\/\/diariodoplaneta.com.br\/index.php?rest_route=%2Fwp%2Fv2%2Fcomments&post=115053"}],"version-history":[{"count":0,"href":"https:\/\/diariodoplaneta.com.br\/index.php?rest_route=\/wp\/v2\/posts\/115053\/revisions"}],"wp:featuredmedia":[{"embeddable":true,"href":"https:\/\/diariodoplaneta.com.br\/index.php?rest_route=\/wp\/v2\/media\/115969"}],"wp:attachment":[{"href":"https:\/\/diariodoplaneta.com.br\/index.php?rest_route=%2Fwp%2Fv2%2Fmedia&parent=115053"}],"wp:term":[{"taxonomy":"category","embeddable":true,"href":"https:\/\/diariodoplaneta.com.br\/index.php?rest_route=%2Fwp%2Fv2%2Fcategories&post=115053"},{"taxonomy":"post_tag","embeddable":true,"href":"https:\/\/diariodoplaneta.com.br\/index.php?rest_route=%2Fwp%2Fv2%2Ftags&post=115053"}],"curies":[{"name":"wp","href":"https:\/\/api.w.org\/{rel}","templated":true}]}}