{"id":114941,"date":"2023-12-19T13:42:58","date_gmt":"2023-12-19T16:42:58","guid":{"rendered":"https:\/\/diariodoplaneta.com.br\/?p=114941"},"modified":"2023-12-19T13:42:58","modified_gmt":"2023-12-19T16:42:58","slug":"bc-equilibrio-de-contas-publicas-e-importante-para-queda-da-inflacao","status":"publish","type":"post","link":"https:\/\/diariodoplaneta.com.br\/?p=114941","title":{"rendered":"BC: equil\u00edbrio de contas p\u00fablicas \u00e9 importante para queda da infla\u00e7\u00e3o"},"content":{"rendered":"\n<p>O Comit\u00ea de Pol\u00edtica Monet\u00e1ria (Copom) do Banco Central (BC) refor\u00e7ou a import\u00e2ncia do cumprimento da pol\u00edtica fiscal do governo para equil\u00edbrio das contas p\u00fablicas e consequente queda da infla\u00e7\u00e3o. As expectativas de infla\u00e7\u00e3o acima da meta preocupam o BC e \u00e9 um fator que impacta a decis\u00e3o do BC sobre a taxa b\u00e1sica de juros, a Selic.&nbsp;<img decoding=\"async\" src=\"https:\/\/agenciabrasil.ebc.com.br\/ebc.png?id=1573281&amp;o=node\"><img decoding=\"async\" src=\"https:\/\/agenciabrasil.ebc.com.br\/ebc.gif?id=1573281&amp;o=node\"><\/p>\n\n\n\n<p>Para os membros do colegiado, em reuni\u00e3o na semana passada, a redu\u00e7\u00e3o das expectativas requer o cont\u00ednuo fortalecimento da credibilidade e da reputa\u00e7\u00e3o tanto das institui\u00e7\u00f5es p\u00fablicas como dos arcabou\u00e7os fiscal e monet\u00e1rio, que comp\u00f5em a pol\u00edtica econ\u00f4mica brasileira.&nbsp;<\/p>\n\n\n\n<p>\u201cCom rela\u00e7\u00e3o ao cen\u00e1rio fiscal, tendo em conta a import\u00e2ncia da execu\u00e7\u00e3o das metas fiscais j\u00e1 estabelecidas para a ancoragem das expectativas de infla\u00e7\u00e3o e, consequentemente, para a condu\u00e7\u00e3o da pol\u00edtica monet\u00e1ria, o Comit\u00ea reafirma a import\u00e2ncia da firme persecu\u00e7\u00e3o dessas metas\u201d, diz a ata da reuni\u00e3o, divulgada nesta ter\u00e7a-feira (19) pelo BC.&nbsp;<\/p>\n\n\n\n<blockquote class=\"wp-block-quote is-layout-flow wp-block-quote-is-layout-flow\">\n<p>\u201cO Comit\u00ea refor\u00e7ou a vis\u00e3o de que o esmorecimento no esfor\u00e7o de reformas estruturais e disciplina fiscal, o aumento de cr\u00e9dito direcionado e as incertezas sobre a estabiliza\u00e7\u00e3o da d\u00edvida p\u00fablica t\u00eam o potencial de elevar a taxa de juros neutra da economia, com impactos delet\u00e9rios sobre a pot\u00eancia da pol\u00edtica monet\u00e1ria e, consequentemente, sobre o custo de desinfla\u00e7\u00e3o em termos de atividade\u201d, acrescenta o documento.&nbsp;<\/p>\n<\/blockquote>\n\n\n\n<p>A taxa neutra \u00e9 aquela que nem estimula, nem desestimula a economia, ou seja, \u00e9 a taxa de juros real consistente para manter o n\u00edvel de atividade econ\u00f4mica, com o fomento ao pleno emprego e a infla\u00e7\u00e3o na meta.&nbsp;<\/p>\n\n\n\n<p>Quando o BC quer conter a demanda aquecida e frear a infla\u00e7\u00e3o, ele aumenta a taxa b\u00e1sica de juros para uma posi\u00e7\u00e3o acima do juro neutro. J\u00e1 para incentivar a produ\u00e7\u00e3o e o consumo, o Copom diminui a Selic. Em caso de economia est\u00e1vel, com a infla\u00e7\u00e3o no centro da meta, a Selic tende a ficar pr\u00f3xima da taxa neutra. Ent\u00e3o, quanto maior for o juro neutro, maior ser\u00e1 a Selic.&nbsp;<\/p>\n\n\n\n<p>De acordo com o \u00faltimo Relat\u00f3rio de Infla\u00e7\u00e3o da institui\u00e7\u00e3o financeira, a m\u00e9dia da taxa de juros real neutra est\u00e1 em 4,8%, com intervalo entre 4,5% e 5%.&nbsp;<\/p>\n\n\n\n<p>O comit\u00ea relembrou que n\u00e3o h\u00e1 rela\u00e7\u00e3o mec\u00e2nica desses fatores com a pol\u00edtica monet\u00e1ria mas as vari\u00e1veis, como a din\u00e2mica fiscal ou o cen\u00e1rio externo, podem alterar as expectativas de mercado, fator que impacta a decis\u00e3o do BC sobre os juros.&nbsp;<\/p>\n\n\n\n<blockquote class=\"wp-block-quote is-layout-flow wp-block-quote-is-layout-flow\">\n<p>\u201cHouve um progresso desinflacion\u00e1rio relevante, em linha com o antecipado pelo comit\u00ea, mas ainda h\u00e1 um caminho longo a percorrer para a ancoragem das expectativas e o retorno da infla\u00e7\u00e3o \u00e0 meta, o que exige serenidade e modera\u00e7\u00e3o na condu\u00e7\u00e3o da pol\u00edtica monet\u00e1ria\u201d, diz a ata.&nbsp;<\/p>\n<\/blockquote>\n\n\n\n<h2 class=\"wp-block-heading\">Taxa Selic&nbsp;<\/h2>\n\n\n\n<p>Na semana passada, o Copom decidiu reduzir a taxa Selic, de 12,25% ao ano para 11,75% ao ano. O comportamento dos pre\u00e7os fez o BC cortar os juros pela quarta vez no semestre, em um ciclo que deve seguir com cortes de 0,5 ponto percentual nas pr\u00f3ximas reuni\u00f5es. Ap\u00f3s sucessivas quedas no fim do primeiro semestre, a infla\u00e7\u00e3o voltou a subir na segunda metade do ano, mas essa alta era esperada por economistas.&nbsp;<\/p>\n\n\n\n<p>A taxa Selic \u00e9 o principal instrumento de BC para alcan\u00e7ar a meta de infla\u00e7\u00e3o, definida pelo Conselho Monet\u00e1rio Nacional (CMN). A autarquia n\u00e3o adiantou quando parar\u00e1 de reduzir a Selic e informou que o momento depender\u00e1 do comportamento da infla\u00e7\u00e3o no primeiro semestre de 2024.&nbsp;<\/p>\n\n\n\n<blockquote class=\"wp-block-quote is-layout-flow wp-block-quote-is-layout-flow\">\n<p>\u201cA magnitude total do ciclo de flexibiliza\u00e7\u00e3o ao longo do tempo depender\u00e1 da evolu\u00e7\u00e3o da din\u00e2mica inflacion\u00e1ria, em especial dos componentes mais sens\u00edveis \u00e0 pol\u00edtica monet\u00e1ria e \u00e0 atividade econ\u00f4mica, das expectativas de infla\u00e7\u00e3o, em particular daquelas de maior prazo, de suas proje\u00e7\u00f5es de infla\u00e7\u00e3o, do hiato do produto e do balan\u00e7o de riscos\u201d, diz a ata.&nbsp;<\/p>\n<\/blockquote>\n\n\n\n<blockquote class=\"wp-block-quote is-layout-flow wp-block-quote-is-layout-flow\">\n<p>\u201cO comit\u00ea refor\u00e7a a necessidade de perseverar com uma pol\u00edtica monet\u00e1ria contracionista at\u00e9 que se consolide n\u00e3o apenas o processo de desinfla\u00e7\u00e3o como tamb\u00e9m a ancoragem das expectativas em torno de suas metas\u201d, afirmou o colegiado.&nbsp;<\/p>\n<\/blockquote>\n\n\n\n<p>Para o BC, a decis\u00e3o \u00e9 compat\u00edvel com a estrat\u00e9gia de converg\u00eancia da infla\u00e7\u00e3o para o redor da meta para 2024 e o de 2025.&nbsp;<\/p>\n\n\n\n<p>A&nbsp;<a href=\"http:\/\/agenciabrasil.ebc.com.br\/economia\/noticia\/2023-06\/meta-de-inflacao-passa-a-ser-continua-a-partir-de-2025\" target=\"_blank\" rel=\"noreferrer noopener\">meta definida<\/a>&nbsp;pelo Conselho Monet\u00e1rio Nacional para os pr\u00f3ximos dois anos \u00e9 de 3%, com intervalo de toler\u00e2ncia de 1,5 ponto percentual para cima ou para baixo. Ou seja, o limite inferior \u00e9 1,75% e o superior 4,75%.&nbsp;<\/p>\n\n\n\n<p>Na ocasi\u00e3o,&nbsp;as expectativas de infla\u00e7\u00e3o para 2024 e 2025 estavam em torno de 3,9% e 3,5%, respectivamente. Os dados s\u00e3o do boletim Focus, pesquisa divulgada semanalmente pelo BC com a proje\u00e7\u00e3o de analistas do mercado para os principais indicadores econ\u00f4micos.&nbsp;<\/p>\n\n\n\n<p>Em novembro, o&nbsp;<a href=\"http:\/\/agenciabrasil.ebc.com.br\/economia\/noticia\/2023-12\/pressionada-por-alimentos-inflacao-de-novembro-sobe-para-028\" target=\"_blank\" rel=\"noreferrer noopener\">aumento de pre\u00e7os dos alimentos&nbsp;<\/a>pressionou o resultado da infla\u00e7\u00e3o. O IPCA ficou em 0,28% [http:\/\/agenciabrasil.ebc.com.br\/economia\/noticia\/2023-12\/pressionada-por-alimentos-inflacao-de-novembro-sobe-para-028], segundo o Instituto Brasileiro de Geografia e Estat\u00edstica (IBGE). O percentual foi maior que a taxa de setembro, que teve alta de 0,24%. &nbsp;<\/p>\n\n\n\n<p>A infla\u00e7\u00e3o acumulada este ano atingiu 4,04%. Nos \u00faltimos 12 meses, o \u00edndice est\u00e1 em 4,68%.&nbsp;<\/p>\n\n\n\n<h2 class=\"wp-block-heading\">Atividade econ\u00f4mica&nbsp;<\/h2>\n\n\n\n<p>O Copom ainda avaliou um conjunto de indicadores recentes que indica o cen\u00e1rio de desacelera\u00e7\u00e3o da economia, como era esperado com a manuten\u00e7\u00e3o da Selic em alta por tempo prolongado. \u201cA divulga\u00e7\u00e3o do PIB [Produto Interno Bruto &#8211; a soma de todos os bens e servi\u00e7os produzidos no pa\u00eds] do terceiro trimestre confirmou a modera\u00e7\u00e3o de crescimento que estava antecipada, mas com resili\u00eancia no consumo das fam\u00edlias. O mercado de trabalho segue aquecido, mas apresenta alguma modera\u00e7\u00e3o na margem\u201d, diz a ata. &nbsp;<\/p>\n\n\n\n<p>Superando as proje\u00e7\u00f5es, no terceiro trimestre do ano a economia brasileira cresceu 0,1% [https:\/\/agenciabrasil.ebc.com.br\/economia\/noticia\/2023-12\/pib-cresce-01-no-terceiro-trimestre-diz-ibge], na compara\u00e7\u00e3o com o segundo trimestre de 2023, de acordo com o Instituto Brasileiro de Geografia e Estat\u00edstica (IBGE). Entre janeiro e setembro, a alta acumulada foi de 3,2%.&nbsp;<\/p>\n\n\n\n<p>Pra o BC, a resili\u00eancia do consumo das fam\u00edlias pode estar relacionada a um aumento da renda bruta em fun\u00e7\u00e3o da expans\u00e3o do mercado de trabalho, de benef\u00edcios sociais e de ganhos de renda relacionados \u00e0 queda da infla\u00e7\u00e3o em importantes segmentos da cesta de consumo. Por outro lado, a forma\u00e7\u00e3o bruta em capital fixo (investimentos das empresas), que \u00e9 mais sens\u00edvel \u00e0s condi\u00e7\u00f5es financeiras e \u00e0s perspectivas e incertezas futuras, segue em queda, ap\u00f3s uma forte eleva\u00e7\u00e3o ao longo do per\u00edodo da pandemia.&nbsp;<\/p>\n\n\n\n<p>\u201cAlguns membros avaliaram que a persist\u00eancia de uma conjun\u00e7\u00e3o de maior resili\u00eancia do consumo e queda no investimento poderia provocar, no m\u00e9dio prazo, um excesso de demanda em rela\u00e7\u00e3o \u00e0 oferta, com potenciais impactos sobre pre\u00e7os\u201d, destacou o BC.&nbsp;<\/p>\n\n\n\n<p>A autarquia tamb\u00e9m observa uma maior desacelera\u00e7\u00e3o na concess\u00e3o de&nbsp;<a href=\"https:\/\/agenciabrasil.ebc.com.br\/economia\/noticia\/2023-12\/juros-recuam-para-o-credito-rotativo-e-cheque-especial\" target=\"_blank\" rel=\"noreferrer noopener\">cr\u00e9dito<\/a>&nbsp;\u00e0s empresas. De acordo com a ata, mesmo com as condi\u00e7\u00f5es monet\u00e1rias restritivas, j\u00e1 \u00e9 poss\u00edvel observar a transmiss\u00e3o do ciclo de pol\u00edtica monet\u00e1ria esperada pelo mercado, de redu\u00e7\u00e3o dos juros b\u00e1sico, para as taxas correntes de novas concess\u00f5es de cr\u00e9dito, levando, em particular, a um maior dinamismo no mercado de capitais no per\u00edodo recente.&nbsp;<\/p>\n\n\n\n<p>Fonte: Ag\u00eancia Brasil<\/p>\n","protected":false},"excerpt":{"rendered":"<p>O Comit\u00ea de Pol\u00edtica Monet\u00e1ria (Copom) do Banco Central (BC) refor\u00e7ou a import\u00e2ncia do cumprimento da pol\u00edtica fiscal do governo para equil\u00edbrio das contas p\u00fablicas e consequente queda da infla\u00e7\u00e3o. As expectativas de infla\u00e7\u00e3o acima da meta preocupam o BC e \u00e9 um fator que impacta a decis\u00e3o do BC sobre a taxa b\u00e1sica de [&hellip;]<\/p>\n","protected":false},"author":2,"featured_media":115886,"comment_status":"open","ping_status":"open","sticky":false,"template":"","format":"standard","meta":{"footnotes":""},"categories":[5],"tags":[24],"class_list":{"0":"post-114941","1":"post","2":"type-post","3":"status-publish","4":"format-standard","5":"has-post-thumbnail","7":"category-geral","8":"tag-manchete"},"_links":{"self":[{"href":"https:\/\/diariodoplaneta.com.br\/index.php?rest_route=\/wp\/v2\/posts\/114941","targetHints":{"allow":["GET"]}}],"collection":[{"href":"https:\/\/diariodoplaneta.com.br\/index.php?rest_route=\/wp\/v2\/posts"}],"about":[{"href":"https:\/\/diariodoplaneta.com.br\/index.php?rest_route=\/wp\/v2\/types\/post"}],"author":[{"embeddable":true,"href":"https:\/\/diariodoplaneta.com.br\/index.php?rest_route=\/wp\/v2\/users\/2"}],"replies":[{"embeddable":true,"href":"https:\/\/diariodoplaneta.com.br\/index.php?rest_route=%2Fwp%2Fv2%2Fcomments&post=114941"}],"version-history":[{"count":0,"href":"https:\/\/diariodoplaneta.com.br\/index.php?rest_route=\/wp\/v2\/posts\/114941\/revisions"}],"wp:featuredmedia":[{"embeddable":true,"href":"https:\/\/diariodoplaneta.com.br\/index.php?rest_route=\/wp\/v2\/media\/115886"}],"wp:attachment":[{"href":"https:\/\/diariodoplaneta.com.br\/index.php?rest_route=%2Fwp%2Fv2%2Fmedia&parent=114941"}],"wp:term":[{"taxonomy":"category","embeddable":true,"href":"https:\/\/diariodoplaneta.com.br\/index.php?rest_route=%2Fwp%2Fv2%2Fcategories&post=114941"},{"taxonomy":"post_tag","embeddable":true,"href":"https:\/\/diariodoplaneta.com.br\/index.php?rest_route=%2Fwp%2Fv2%2Ftags&post=114941"}],"curies":[{"name":"wp","href":"https:\/\/api.w.org\/{rel}","templated":true}]}}