{"id":114116,"date":"2023-11-09T10:18:46","date_gmt":"2023-11-09T13:18:46","guid":{"rendered":"https:\/\/diariodoplaneta.com.br\/?p=113215"},"modified":"2023-11-09T10:18:46","modified_gmt":"2023-11-09T13:18:46","slug":"homem-fica-com-o-braco-preso-em-maquina-impressora","status":"publish","type":"post","link":"https:\/\/diariodoplaneta.com.br\/?p=114116","title":{"rendered":"Homem fica com o bra\u00e7o preso em m\u00e1quina impressora"},"content":{"rendered":"\n<p>Um homem de 30 anos precisou da ajuda do Corpo de Bombeiros Militar do Distrito Federal (CBMDF) ap\u00f3s ficar com o bra\u00e7o preso em uma m\u00e1quina impressora. O caso foi registrado nesta quarta-feira (8) na quadra 4, conjunto E, na \u00c1rea de Desenvolvimento Econ\u00f4mico (ADE) de Ceil\u00e2ndia.<\/p>\n\n\n\n<p>A v\u00edtima ficou com o bra\u00e7o direito preso nos rolos da impressora gr\u00e1fica para cartazes, de grande porte. Por causa da complexidade da ocorr\u00eancia, a guarni\u00e7\u00e3o do resgate a\u00e9reo medicou e estabilizou o homem ainda no local. A equipe de salvamento providenciou a desmontagem do equipamento com a ajuda de um t\u00e9cnico especializado.<\/p>\n\n\n\n<p>Com o uso das ferramentas adequadas, foi poss\u00edvel desmontar a impressora no local exato para for\u00e7ar o rolo da m\u00e1quina, e, assim, liberar espa\u00e7o para a retirada do bra\u00e7o da v\u00edtima. Ela foi transportada pelo Resgate A\u00e9reo para o Instituto Hospital de Base de Bras\u00edlia (IHBB),por volta das 20h.<\/p>\n\n\n\n<p>O CBMDF n\u00e3o soube informar como aconteceu o acidente.<\/p>\n\n\n<div class=\"wp-block-image\">\n<figure class=\"aligncenter size-full is-resized\"><img decoding=\"async\" src=\"https:\/\/diariodoplaneta.com.br\/wp-content\/uploads\/2023\/11\/image-9.png\" alt=\"\" class=\"wp-image-113217\" style=\"width:599px;height:auto\"\/><\/figure>\n<\/div>","protected":false},"excerpt":{"rendered":"<p>Um homem de 30 anos precisou da ajuda do Corpo de Bombeiros Militar do Distrito Federal (CBMDF) ap\u00f3s ficar com o bra\u00e7o preso em uma m\u00e1quina impressora. O caso foi registrado nesta quarta-feira (8) na quadra 4, conjunto E, na \u00c1rea de Desenvolvimento Econ\u00f4mico (ADE) de Ceil\u00e2ndia. A v\u00edtima ficou com o bra\u00e7o direito preso [&hellip;]<\/p>\n","protected":false},"author":2,"featured_media":114262,"comment_status":"open","ping_status":"open","sticky":false,"template":"","format":"standard","meta":{"footnotes":""},"categories":[12,25],"tags":[],"class_list":{"0":"post-114116","1":"post","2":"type-post","3":"status-publish","4":"format-standard","5":"has-post-thumbnail","7":"category-distrito-federal","8":"category-regional"},"_links":{"self":[{"href":"https:\/\/diariodoplaneta.com.br\/index.php?rest_route=\/wp\/v2\/posts\/114116","targetHints":{"allow":["GET"]}}],"collection":[{"href":"https:\/\/diariodoplaneta.com.br\/index.php?rest_route=\/wp\/v2\/posts"}],"about":[{"href":"https:\/\/diariodoplaneta.com.br\/index.php?rest_route=\/wp\/v2\/types\/post"}],"author":[{"embeddable":true,"href":"https:\/\/diariodoplaneta.com.br\/index.php?rest_route=\/wp\/v2\/users\/2"}],"replies":[{"embeddable":true,"href":"https:\/\/diariodoplaneta.com.br\/index.php?rest_route=%2Fwp%2Fv2%2Fcomments&post=114116"}],"version-history":[{"count":0,"href":"https:\/\/diariodoplaneta.com.br\/index.php?rest_route=\/wp\/v2\/posts\/114116\/revisions"}],"wp:featuredmedia":[{"embeddable":true,"href":"https:\/\/diariodoplaneta.com.br\/index.php?rest_route=\/wp\/v2\/media\/114262"}],"wp:attachment":[{"href":"https:\/\/diariodoplaneta.com.br\/index.php?rest_route=%2Fwp%2Fv2%2Fmedia&parent=114116"}],"wp:term":[{"taxonomy":"category","embeddable":true,"href":"https:\/\/diariodoplaneta.com.br\/index.php?rest_route=%2Fwp%2Fv2%2Fcategories&post=114116"},{"taxonomy":"post_tag","embeddable":true,"href":"https:\/\/diariodoplaneta.com.br\/index.php?rest_route=%2Fwp%2Fv2%2Ftags&post=114116"}],"curies":[{"name":"wp","href":"https:\/\/api.w.org\/{rel}","templated":true}]}}