{"id":114106,"date":"2023-11-09T09:43:58","date_gmt":"2023-11-09T12:43:58","guid":{"rendered":"https:\/\/diariodoplaneta.com.br\/?p=113173"},"modified":"2023-11-09T09:43:58","modified_gmt":"2023-11-09T12:43:58","slug":"fab-vai-mobilizar-600-militares-para-reforco-de-acoes-durante-a-glo","status":"publish","type":"post","link":"https:\/\/diariodoplaneta.com.br\/?p=114106","title":{"rendered":"FAB vai mobilizar 600 militares para refor\u00e7o de a\u00e7\u00f5es durante a GLO"},"content":{"rendered":"\n<p>As atividades da For\u00e7a A\u00e9rea Brasileira (FAB) no \u00e2mbito da nova miss\u00e3o de Garantia da Lei e da Ordem (GLO) ser\u00e3o voltadas para refor\u00e7ar as atividades que j\u00e1 s\u00e3o realizadas rotineiramente pelos \u00f3rg\u00e3os e ag\u00eancias que atuam nos aeroportos internacionais do Gale\u00e3o, no Rio de Janeiro, e de Guarulhos, em S\u00e3o Paulo. Segundo o major-brigadeiro do ar Luiz Guilherme da Silva Magar\u00e3o, 600 militares ser\u00e3o mobilizados para desempenhar atividades em rod\u00edzio. Tamb\u00e9m ser\u00e3o utilizados c\u00e3es farejadores.<img decoding=\"async\" src=\"https:\/\/agenciabrasil.ebc.com.br\/ebc.png?id=1565421&amp;o=node\"><img decoding=\"async\" src=\"https:\/\/agenciabrasil.ebc.com.br\/ebc.gif?id=1565421&amp;o=node\"><\/p>\n\n\n\n<blockquote class=\"wp-block-quote is-layout-flow wp-block-quote-is-layout-flow\">\n<p>&#8220;O efetivo est\u00e1 dividido para atuar no Gale\u00e3o e em Guarulhos. Vamos atuar junto aos \u00f3rg\u00e3os que j\u00e1 atuam nos aeroportos no seu cotidiano, como uma maneira de refor\u00e7ar a seguran\u00e7a e o combate aos il\u00edcitos, como o transporte de drogas e de armas e outros delitos que porventura venham a ser identificados. Desde o in\u00edcio desse planejamento, o esp\u00edrito \u00e9 de colabora\u00e7\u00e3o e de coopera\u00e7\u00e3o, para aumentar a efetividade do trabalho. Vamos complementar as a\u00e7\u00f5es que j\u00e1 s\u00e3o rotineiramente feitas no aeroporto&#8221;, disse.<\/p>\n<\/blockquote>\n\n\n\n<p>Magar\u00e3o \u00e9 o comandante da FAB designado para liderar as atividades da miss\u00e3o de GLO. Nesta quarta-feira (8), no aeroporto do Gale\u00e3o, ele apresentou as diretrizes que nortear\u00e3o os trabalhos. &#8220;Poderemos sim participar de revistas de passageiros e tamb\u00e9m de revistas de cargas e de bagagens. Mas vamos atuar sem prejudicar a fluidez do com\u00e9rcio exterior e garantindo o sigilo fiscal e a intimidade dos viajantes, respeitando o direito das pessoas&#8221;, acrescentou.<\/p>\n\n\n\n<p>A abrang\u00eancia da nova miss\u00e3o de GLO est\u00e1 delimitada pelo Decreto n\u00ba 11.765,&nbsp;<a href=\"https:\/\/agenciabrasil.ebc.com.br\/politica\/noticia\/2023-11\/lula-anuncia-decreto-de-glo-em-portos-e-aeroportos\">assinado pelo presidente Luiz&nbsp;In\u00e1cio Lula da Silva&nbsp;<\/a>na \u00faltima quarta-feira (1\u00ba). Al\u00e9m da atua\u00e7\u00e3o da FAB nos aeroportos do Gale\u00e3o e de Guarulhos, foram autorizadas a\u00e7\u00f5es da Marinha nos portos do Rio de Janeiro, de Itagua\u00ed (RJ) e de Santos (SP). Os militares poder\u00e3o atuar com vi\u00e9s preventivo e repressivo at\u00e9 3 de maio de 2024. O objetivo \u00e9 apoiar a\u00e7\u00f5es de combate ao tr\u00e1fico de armas e de drogas e outros tipos de crimes.<\/p>\n\n\n\n<p>Previstas na Constitui\u00e7\u00e3o Federal,&nbsp;<a href=\"https:\/\/agenciabrasil.ebc.com.br\/geral\/noticia\/2023-11\/saiba-como-vai-funcionar-glo-nos-portos-e-aeroportos-do-rj-e-de-sp\">as miss\u00f5es de GLOs conferem \u00e0s For\u00e7as Armadas<\/a>&nbsp;a autonomia necess\u00e1ria para que atuem com poder de pol\u00edcia, por tempo determinado, em \u00e1rea previamente definida. Cabe ao presidente da Rep\u00fablica decret\u00e1-las, o que s\u00f3 deve ocorrer em situa\u00e7\u00f5es graves de perturba\u00e7\u00e3o da ordem. Desde 1992, j\u00e1 foram realizadas 145 miss\u00f5es de GLO no pa\u00eds, mas boa parte delas foram voltadas para preserva\u00e7\u00e3o da seguran\u00e7a p\u00fablica em tr\u00eas situa\u00e7\u00f5es espec\u00edficas: greves de policiais militares, grandes eventos e processos eleitorais.<\/p>\n\n\n\n<p>A nova miss\u00e3o de GLO foi decretada ap\u00f3s epis\u00f3dios envolvendo a seguran\u00e7a p\u00fablica no Rio de Janeiro, que levaram o governador Cl\u00e1udio Castro a pedir ajuda federal. No in\u00edcio do m\u00eas passado, opera\u00e7\u00f5es das pol\u00edcias civil e militar tiveram como alvo lideran\u00e7as do Comando Vermelho. Investiga\u00e7\u00f5es apontaram que a fac\u00e7\u00e3o de traficantes estaria envolvida na&nbsp;<a href=\"https:\/\/agenciabrasil.ebc.com.br\/geral\/noticia\/2023-10\/policia-do-rio-investiga-se-medicos-foram-mortos-por-engano\">execu\u00e7\u00e3o de tr\u00eas m\u00e9dicos<\/a>&nbsp;em um quiosque na Barra da Tijuca. As v\u00edtimas teriam sido mortas por engano, pois uma delas foi confundida com um miliciano.<\/p>\n\n\n\n<p>Tamb\u00e9m no m\u00eas passado,&nbsp;<a href=\"https:\/\/agenciabrasil.ebc.com.br\/geral\/noticia\/2023-10\/policia-do-rio-recupera-8-de-21-armas-furtadas-do-exercito-em-barueri\">armas furtadas do Ex\u00e9rcito<\/a>&nbsp;em Barueri (SP) foram encontradas na capital fluminense. Al\u00e9m disso, h\u00e1 duas semanas,&nbsp;<a href=\"https:\/\/agenciabrasil.ebc.com.br\/geral\/noticia\/2023-10\/apos-ataques-onibus-moradores-relatam-caos-na-zona-oeste-do-rio\">35 \u00f4nibus e um trem foram incendiados&nbsp;<\/a>&nbsp;na zona oeste da cidade ap\u00f3s um miliciano morrer durante confronto com policiais.<\/p>\n\n\n\n<p>Como est\u00e1 limitada a \u00e1reas espec\u00edficas de controle federal, a miss\u00e3o de GLO n\u00e3o interfere em atribui\u00e7\u00f5es das for\u00e7as de seguran\u00e7a dos estados. Foi instalado um comit\u00ea de acompanhamento das a\u00e7\u00f5es de seguran\u00e7a, sob coordena\u00e7\u00e3o dos ministros da Justi\u00e7a, Fl\u00e1vio Dino, e da Defesa, Jos\u00e9 Mucio. Na segunda-feira (6), dia em que a miss\u00e3o teve in\u00edcio, a Marinha tamb\u00e9m apresentou detalhes de sua atua\u00e7\u00e3o. O vice-almirante Renato Rangel Ferreira disse que se trata de uma opera\u00e7\u00e3o com foco diferente de todas as outras e&nbsp;<a href=\"https:\/\/agenciabrasil.ebc.com.br\/geral\/noticia\/2023-11\/comandante-de-operacoes-da-marinha-detalha-foco-da-glo-do-mar\">a classificou de &#8220;GLO do mar&#8221;<\/a>.<\/p>\n\n\n\n<h2 class=\"wp-block-heading\">Articula\u00e7\u00e3o<\/h2>\n\n\n\n<p>Especificamente no caso de Guarulhos, a FAB tamb\u00e9m ir\u00e1 atuar tamb\u00e9m no acesso ao aeroporto em parceria com a Pol\u00edcia Rodovi\u00e1ria Federal. J\u00e1 nas vias que levam ao Gale\u00e3o, estar\u00e3o presentes as for\u00e7as de seguran\u00e7a que j\u00e1 fazem o patrulhamento cotidianamente, sobretudo pela Pol\u00edcia Militar do Rio de Janeiro.<\/p>\n\n\n\n<p>Segundo Magar\u00e3o, h\u00e1 detalhes da atua\u00e7\u00e3o da FAB que ainda est\u00e3o sendo coordenados com os \u00f3rg\u00e3os e as ag\u00eancias que atuam nos aeroportos, em busca de um entendimento comum sobre como o emprego dos militares ser\u00e1 mais efetivo. O superintendente da Receita Federal, Claudiney Cubeiro dos Santos, reiterou a articula\u00e7\u00e3o. &#8220;A Receita Federal continua desempenhando as suas atribui\u00e7\u00f5es. Teremos uma integra\u00e7\u00e3o entre os \u00f3rg\u00e3os e isso nos fortalece. \u00c9 uma integra\u00e7\u00e3o para combater o crime organizado&#8221;, avaliou.<\/p>\n\n\n\n<p>De acordo com o delegado da Pol\u00edcia Federal (PF) Jacson Rosales, quest\u00f5es como as revistas pessoais e a revista de bagagens est\u00e3o sendo discutidas. &#8220;Estamos alinhando para que a sociedade seja o menos impactada poss\u00edvel com essas a\u00e7\u00f5es&#8221;, disse. Rosales pontua que, embora a decreta\u00e7\u00e3o de seis meses de GLO gere na sociedade uma expectativa por um maior n\u00famero de pris\u00f5es e apreens\u00f5es de subst\u00e2ncias il\u00edcitas nos aeroportos, essa n\u00e3o deve ser a forma de medir o sucesso do trabalho.<\/p>\n\n\n\n<p>&#8220;A presen\u00e7a do Estado aqui, de forma t\u00e3o massiva e ostensiva, faz com que o crime organizado naturalmente evite cometer os il\u00edcitos neste aeroporto. Por isso, n\u00f3s temos que tomar cuidado com os par\u00e2metros estabelecidos e com as m\u00e9tricas a serem impostas para avaliar o trabalho. Se tiver menos apreens\u00f5es e pris\u00f5es n\u00e3o significa que a opera\u00e7\u00e3o n\u00e3o foi exitosa&#8221;, avalia. Segundo ele, a GLO pode ser considerada exitosa se coibir as a\u00e7\u00f5es do crime organizado e tornar o aeroporto um local mais seguro.<\/p>\n\n\n\n<p>Fonte: Ag\u00eancia Brasil<\/p>\n","protected":false},"excerpt":{"rendered":"<p>As atividades da For\u00e7a A\u00e9rea Brasileira (FAB) no \u00e2mbito da nova miss\u00e3o de Garantia da Lei e da Ordem (GLO) ser\u00e3o voltadas para refor\u00e7ar as atividades que j\u00e1 s\u00e3o realizadas rotineiramente pelos \u00f3rg\u00e3os e ag\u00eancias que atuam nos aeroportos internacionais do Gale\u00e3o, no Rio de Janeiro, e de Guarulhos, em S\u00e3o Paulo. Segundo o major-brigadeiro [&hellip;]<\/p>\n","protected":false},"author":2,"featured_media":114247,"comment_status":"open","ping_status":"open","sticky":false,"template":"","format":"standard","meta":{"footnotes":""},"categories":[5],"tags":[24],"class_list":{"0":"post-114106","1":"post","2":"type-post","3":"status-publish","4":"format-standard","5":"has-post-thumbnail","7":"category-geral","8":"tag-manchete"},"_links":{"self":[{"href":"https:\/\/diariodoplaneta.com.br\/index.php?rest_route=\/wp\/v2\/posts\/114106","targetHints":{"allow":["GET"]}}],"collection":[{"href":"https:\/\/diariodoplaneta.com.br\/index.php?rest_route=\/wp\/v2\/posts"}],"about":[{"href":"https:\/\/diariodoplaneta.com.br\/index.php?rest_route=\/wp\/v2\/types\/post"}],"author":[{"embeddable":true,"href":"https:\/\/diariodoplaneta.com.br\/index.php?rest_route=\/wp\/v2\/users\/2"}],"replies":[{"embeddable":true,"href":"https:\/\/diariodoplaneta.com.br\/index.php?rest_route=%2Fwp%2Fv2%2Fcomments&post=114106"}],"version-history":[{"count":0,"href":"https:\/\/diariodoplaneta.com.br\/index.php?rest_route=\/wp\/v2\/posts\/114106\/revisions"}],"wp:featuredmedia":[{"embeddable":true,"href":"https:\/\/diariodoplaneta.com.br\/index.php?rest_route=\/wp\/v2\/media\/114247"}],"wp:attachment":[{"href":"https:\/\/diariodoplaneta.com.br\/index.php?rest_route=%2Fwp%2Fv2%2Fmedia&parent=114106"}],"wp:term":[{"taxonomy":"category","embeddable":true,"href":"https:\/\/diariodoplaneta.com.br\/index.php?rest_route=%2Fwp%2Fv2%2Fcategories&post=114106"},{"taxonomy":"post_tag","embeddable":true,"href":"https:\/\/diariodoplaneta.com.br\/index.php?rest_route=%2Fwp%2Fv2%2Ftags&post=114106"}],"curies":[{"name":"wp","href":"https:\/\/api.w.org\/{rel}","templated":true}]}}