{"id":114101,"date":"2023-11-08T15:49:18","date_gmt":"2023-11-08T18:49:18","guid":{"rendered":"https:\/\/diariodoplaneta.com.br\/?p=113158"},"modified":"2023-11-08T15:49:18","modified_gmt":"2023-11-08T18:49:18","slug":"governo-recebe-proposta-para-criacao-de-fundo-para-a-caatinga","status":"publish","type":"post","link":"https:\/\/diariodoplaneta.com.br\/?p=114101","title":{"rendered":"Governo recebe proposta para cria\u00e7\u00e3o de fundo para a Caatinga"},"content":{"rendered":"\n<p>A proposta de cria\u00e7\u00e3o de um fundo para financiar atividades de preserva\u00e7\u00e3o da Caatinga foi entregue ao governo federal. A minuta de decreto foi entregue \u00e0 ministra do Meio Ambiente e Mudan\u00e7a do Clima, Marina Silva, pelo governador da Bahia, Jer\u00f4nimo Rodrigues, representando os estados que fazem parte do Cons\u00f3rcio Nordeste.&nbsp;<img decoding=\"async\" src=\"https:\/\/agenciabrasil.ebc.com.br\/ebc.png?id=1565309&amp;o=node\"><img decoding=\"async\" src=\"https:\/\/agenciabrasil.ebc.com.br\/ebc.gif?id=1565309&amp;o=node\"><\/p>\n\n\n\n<p>A ideia \u00e9 captar investimentos, inclusive no exterior, para investir em atividades de preven\u00e7\u00e3o, monitoramento, combate \u00e0 desertifica\u00e7\u00e3o, ao desmatamento e de promo\u00e7\u00e3o da conserva\u00e7\u00e3o e do uso sustent\u00e1vel do bioma e seu reflorestamento.<\/p>\n\n\n\n<p>O Fundo da Caatinga dever\u00e1 funcionar como o Fundo Amaz\u00f4nia. A gest\u00e3o dos recursos seria responsabilidade do Banco Nacional de Desenvolvimento Econ\u00f4mico e Social (BNDES), que poderia aplic\u00e1-los em a\u00e7\u00f5es de preven\u00e7\u00e3o, monitoramento e combate \u00e0 desertifica\u00e7\u00e3o e ao desmatamento, al\u00e9m de iniciativas de conserva\u00e7\u00e3o e uso sustent\u00e1vel do bioma.<\/p>\n\n\n\n<p>Segundo o Minist\u00e9rio do Meio Ambiente (MMA), a ministra sugeriu que a proposta aborde a quest\u00e3o da seguran\u00e7a energ\u00e9tica da regi\u00e3o e defendeu a cria\u00e7\u00e3o de um fundo mais amplo, que contemple os outros biomas brasileiros. \u201cVamos pensar em um Fundo Bioma mais potente, onde a l\u00f3gica de cada bioma seja contemplada\u201d, afirmou Marina.<\/p>\n\n\n\n<p>A proposta dos governadores do Nordeste prev\u00ea que os doadores recebam um certificado em reconhecimento \u00e0 contribui\u00e7\u00e3o. A responsabilidade de determinar anualmente os limites de capta\u00e7\u00e3o para emiss\u00e3o do certificado seria do MMA, com crit\u00e9rios como a redu\u00e7\u00e3o efetiva de emiss\u00f5es de carbono oriundas de desmatamento, atestada por um comit\u00ea t\u00e9cnico.<\/p>\n\n\n\n<p>Fonte: Ag\u00eancia Brasil<\/p>\n","protected":false},"excerpt":{"rendered":"<p>A proposta de cria\u00e7\u00e3o de um fundo para financiar atividades de preserva\u00e7\u00e3o da Caatinga foi entregue ao governo federal. A minuta de decreto foi entregue \u00e0 ministra do Meio Ambiente e Mudan\u00e7a do Clima, Marina Silva, pelo governador da Bahia, Jer\u00f4nimo Rodrigues, representando os estados que fazem parte do Cons\u00f3rcio Nordeste.&nbsp; A ideia \u00e9 captar [&hellip;]<\/p>\n","protected":false},"author":2,"featured_media":114241,"comment_status":"open","ping_status":"open","sticky":false,"template":"","format":"standard","meta":{"footnotes":""},"categories":[22],"tags":[],"class_list":{"0":"post-114101","1":"post","2":"type-post","3":"status-publish","4":"format-standard","5":"has-post-thumbnail","7":"category-meio-ambiente"},"_links":{"self":[{"href":"https:\/\/diariodoplaneta.com.br\/index.php?rest_route=\/wp\/v2\/posts\/114101","targetHints":{"allow":["GET"]}}],"collection":[{"href":"https:\/\/diariodoplaneta.com.br\/index.php?rest_route=\/wp\/v2\/posts"}],"about":[{"href":"https:\/\/diariodoplaneta.com.br\/index.php?rest_route=\/wp\/v2\/types\/post"}],"author":[{"embeddable":true,"href":"https:\/\/diariodoplaneta.com.br\/index.php?rest_route=\/wp\/v2\/users\/2"}],"replies":[{"embeddable":true,"href":"https:\/\/diariodoplaneta.com.br\/index.php?rest_route=%2Fwp%2Fv2%2Fcomments&post=114101"}],"version-history":[{"count":0,"href":"https:\/\/diariodoplaneta.com.br\/index.php?rest_route=\/wp\/v2\/posts\/114101\/revisions"}],"wp:featuredmedia":[{"embeddable":true,"href":"https:\/\/diariodoplaneta.com.br\/index.php?rest_route=\/wp\/v2\/media\/114241"}],"wp:attachment":[{"href":"https:\/\/diariodoplaneta.com.br\/index.php?rest_route=%2Fwp%2Fv2%2Fmedia&parent=114101"}],"wp:term":[{"taxonomy":"category","embeddable":true,"href":"https:\/\/diariodoplaneta.com.br\/index.php?rest_route=%2Fwp%2Fv2%2Fcategories&post=114101"},{"taxonomy":"post_tag","embeddable":true,"href":"https:\/\/diariodoplaneta.com.br\/index.php?rest_route=%2Fwp%2Fv2%2Ftags&post=114101"}],"curies":[{"name":"wp","href":"https:\/\/api.w.org\/{rel}","templated":true}]}}