{"id":114083,"date":"2023-11-08T08:32:24","date_gmt":"2023-11-08T11:32:24","guid":{"rendered":"https:\/\/diariodoplaneta.com.br\/?p=113106"},"modified":"2023-11-08T08:32:24","modified_gmt":"2023-11-08T11:32:24","slug":"senado-aprova-lei-organica-nacional-das-policias-militares","status":"publish","type":"post","link":"https:\/\/diariodoplaneta.com.br\/?p=114083","title":{"rendered":"Senado aprova Lei Org\u00e2nica Nacional das Pol\u00edcias Militares"},"content":{"rendered":"\n<p>O Senado aprovou nesta ter\u00e7a-feira (7), em regime de urg\u00eancia, o projeto que cria a Lei Org\u00e2nica Nacional das Pol\u00edcias Militares e dos Corpos de Bombeiros dos estados, do Distrito Federal e dos Territ\u00f3rios, que unifica as regras para as categorias. O projeto segue para san\u00e7\u00e3o presidencial.&nbsp;<img decoding=\"async\" src=\"https:\/\/agenciabrasil.ebc.com.br\/ebc.png?id=1565150&amp;o=node\"><img decoding=\"async\" src=\"https:\/\/agenciabrasil.ebc.com.br\/ebc.gif?id=1565150&amp;o=node\"><\/p>\n\n\n\n<p>De iniciativa da Presid\u00eancia da Rep\u00fablica, o projeto mant\u00e9m as corpora\u00e7\u00f5es subordinadas aos governadores e determina que a organiza\u00e7\u00e3o destas deve ser fixada em lei estadual, observadas as normas gerais das For\u00e7as Armadas.&nbsp;<\/p>\n\n\n\n<p>O projeto traz 37 garantias para os ocupantes desses cargos, da ativa, da reserva remunerada ou reformados (aposentados). Entre as garantias, est\u00e3o uso privativo dos uniformes, ins\u00edgnias e distintivos; porte de arma; assist\u00eancia jur\u00eddica, quando acusados de pr\u00e1tica de infra\u00e7\u00e3o penal, civil ou administrativa decorrente do exerc\u00edcio da fun\u00e7\u00e3o ou em raz\u00e3o dela; seguro de vida e de acidentes quando vitimados no exerc\u00edcio da fun\u00e7\u00e3o ou em raz\u00e3o dela; e assist\u00eancia m\u00e9dica, psicol\u00f3gica, odontol\u00f3gica e social para o militar e seus dependentes.&nbsp;<\/p>\n\n\n\n<p>C\u00f4njuge ou dependente ter\u00e3o direito \u00e0 pens\u00e3o do militar ativo, da reserva ou reformado correspondente ao posto ou patente que possu\u00eda, com valor proporcional ao tempo de servi\u00e7o.<\/p>\n\n\n\n<h2 class=\"wp-block-heading\">&nbsp;Manifesta\u00e7\u00f5es&nbsp;pol\u00edticas<\/h2>\n\n\n\n<p>Conforme o projeto, os policiais militares e bombeiros ficam proibidos, em hor\u00e1rio de folga, de participar de manifesta\u00e7\u00f5es pol\u00edtico-partid\u00e1rias ou reivindicat\u00f3rias armados ou de uniforme. Tamb\u00e9m n\u00e3o podem se filiar a sindicato ou partidos.&nbsp;<\/p>\n\n\n\n<p>As categorias tamb\u00e9m n\u00e3o podem manifestar opini\u00e3o pol\u00edtico-partid\u00e1ria, publicamente ou em redes sociais, usando a farda, patente, gradua\u00e7\u00e3o ou o s\u00edmbolo da institui\u00e7\u00e3o.<\/p>\n\n\n\n<p>Quanto ao militar veterano da reserva remunerada, vigora a Lei 7.524, de 1986, que permite a express\u00e3o livre de opini\u00e3o sobre assunto pol\u00edtico, ideol\u00f3gico, filos\u00f3fico ou de interesse p\u00fablico.<\/p>\n\n\n\n<h2 class=\"wp-block-heading\">Mulheres<\/h2>\n\n\n\n<p>O projeto determina a reserva de pelo menos 20% das vagas dos concursos p\u00fablicos para mulheres. Na \u00e1rea de sa\u00fade, elas poder\u00e3o concorrer \u00e0 totalidade das vagas, al\u00e9m da aplica\u00e7\u00e3o da cota.<\/p>\n\n\n\n<h2 class=\"wp-block-heading\">Armas<\/h2>\n\n\n\n<p><br>As armas de fogo usadas por policiais militares e bombeiros militares devem ser cadastradas no Sistema de Gerenciamento Militar de Armas (Sigma), bem como as armas particulares.<\/p>\n\n\n\n<p><em>*Com informa\u00e7\u00f5es das ag\u00eancias de not\u00edcias da C\u00e2mara e do Senado<\/em><\/p>\n\n\n\n<p>Fonte: Ag\u00eancia Brasil<\/p>\n","protected":false},"excerpt":{"rendered":"<p>O Senado aprovou nesta ter\u00e7a-feira (7), em regime de urg\u00eancia, o projeto que cria a Lei Org\u00e2nica Nacional das Pol\u00edcias Militares e dos Corpos de Bombeiros dos estados, do Distrito Federal e dos Territ\u00f3rios, que unifica as regras para as categorias. O projeto segue para san\u00e7\u00e3o presidencial.&nbsp; De iniciativa da Presid\u00eancia da Rep\u00fablica, o projeto [&hellip;]<\/p>\n","protected":false},"author":2,"featured_media":114231,"comment_status":"open","ping_status":"open","sticky":false,"template":"","format":"standard","meta":{"footnotes":""},"categories":[5,13],"tags":[24],"class_list":{"0":"post-114083","1":"post","2":"type-post","3":"status-publish","4":"format-standard","5":"has-post-thumbnail","7":"category-geral","8":"category-politica","9":"tag-manchete"},"_links":{"self":[{"href":"https:\/\/diariodoplaneta.com.br\/index.php?rest_route=\/wp\/v2\/posts\/114083","targetHints":{"allow":["GET"]}}],"collection":[{"href":"https:\/\/diariodoplaneta.com.br\/index.php?rest_route=\/wp\/v2\/posts"}],"about":[{"href":"https:\/\/diariodoplaneta.com.br\/index.php?rest_route=\/wp\/v2\/types\/post"}],"author":[{"embeddable":true,"href":"https:\/\/diariodoplaneta.com.br\/index.php?rest_route=\/wp\/v2\/users\/2"}],"replies":[{"embeddable":true,"href":"https:\/\/diariodoplaneta.com.br\/index.php?rest_route=%2Fwp%2Fv2%2Fcomments&post=114083"}],"version-history":[{"count":0,"href":"https:\/\/diariodoplaneta.com.br\/index.php?rest_route=\/wp\/v2\/posts\/114083\/revisions"}],"wp:featuredmedia":[{"embeddable":true,"href":"https:\/\/diariodoplaneta.com.br\/index.php?rest_route=\/wp\/v2\/media\/114231"}],"wp:attachment":[{"href":"https:\/\/diariodoplaneta.com.br\/index.php?rest_route=%2Fwp%2Fv2%2Fmedia&parent=114083"}],"wp:term":[{"taxonomy":"category","embeddable":true,"href":"https:\/\/diariodoplaneta.com.br\/index.php?rest_route=%2Fwp%2Fv2%2Fcategories&post=114083"},{"taxonomy":"post_tag","embeddable":true,"href":"https:\/\/diariodoplaneta.com.br\/index.php?rest_route=%2Fwp%2Fv2%2Ftags&post=114083"}],"curies":[{"name":"wp","href":"https:\/\/api.w.org\/{rel}","templated":true}]}}