{"id":114053,"date":"2023-11-04T16:08:07","date_gmt":"2023-11-04T19:08:07","guid":{"rendered":"https:\/\/diariodoplaneta.com.br\/?p=112957"},"modified":"2023-11-04T16:08:07","modified_gmt":"2023-11-04T19:08:07","slug":"vice-presidente-vai-receber-titulo-de-cidadao-do-maranhao","status":"publish","type":"post","link":"https:\/\/diariodoplaneta.com.br\/?p=114053","title":{"rendered":"Vice-presidente vai receber t\u00edtulo de cidad\u00e3o do Maranh\u00e3o"},"content":{"rendered":"\n<p>O vice-presidente da Rep\u00fablica e ministro do Desenvolvimento, Ind\u00fastria, Com\u00e9rcio e Servi\u00e7os, Geraldo Alckmin, deve receber o t\u00edtulo de cidad\u00e3o do estado do Maranh\u00e3o. A homenagem foi ideia da deputada estadual, Iracema Vale (PSB). Ela \u00e9 autora do projeto de Resolu\u00e7\u00e3o n\u00ba 075\/2023 que foi aprovado na Assembleia Legislativa do Estado.<\/p>\n\n\n\n<p>A concess\u00e3o do T\u00edtulo de Cidad\u00e3o Maranhense \u00e9 atribu\u00edda a pessoas que tenham prestado relevantes servi\u00e7os nas \u00e1reas cultural, cient\u00edfica, religiosa, esportiva, pol\u00edtica ou de assist\u00eancia social e ao desenvolvimento econ\u00f4mico ou tenham se destacado na vida p\u00fablica ou privada.<\/p>\n\n\n\n<p>A deputada estadual e presidente da Assembleia do Estado, Iracema Vale, afirmou que Alckmin tem acompanhado de perto as demandas do Maranh\u00e3o e exercido papel fundamental para a vinda de novos investimentos ao estado, a exemplo da instala\u00e7\u00e3o da unidade da Inpasa Brasil, em Balsas. A empresa, que \u00e9 a maior transformadora de cereais em energias limpas e renov\u00e1veis da Am\u00e9rica Latina, investir\u00e1 R$ 2,5 bilh\u00f5es para transformar, inicialmente, 1 milh\u00e3o de toneladas de milho em um bilh\u00e3o de litros de etanol por ano.<\/p>\n\n\n\n<p>Durante o ato de lan\u00e7amento da pedra fundamental da ind\u00fastria em Balsas, Geraldo Alckmin, destacou a import\u00e2ncia do empreendimento para o Maranh\u00e3o e o pa\u00eds. O vice-presidente foi interlocutor nas conversa\u00e7\u00f5es entre o Grupo Inpasa e o Governo do Estado.<\/p>\n\n\n\n<blockquote class=\"wp-block-quote is-layout-flow wp-block-quote-is-layout-flow\">\n<p>\u201cEle tem reconhecido e valorizado o potencial do nosso estado, demonstrado grande interesse em trazer empreendimentos importantes, como este da Inpasa Brasil, que vai impulsionar a economia do Maranh\u00e3o e trazer desenvolvimento e emprego para os maranhenses. S\u00e3o contribui\u00e7\u00f5es como esta que o credenciam ao T\u00edtulo de Cidad\u00e3o Maranhense\u201d, afirmou Iracema Vale.<\/p>\n<\/blockquote>\n\n\n\n<p>Geraldo Alckmin \u00e9 m\u00e9dico e natural de Pindamonhangaba, interior de S\u00e3o Paulo. Foi governador de S\u00e3o Paulo por quatro mandatos. Antes, exerceu tamb\u00e9m o cargo de vereador e deputado federal.<\/p>\n","protected":false},"excerpt":{"rendered":"<p>O vice-presidente da Rep\u00fablica e ministro do Desenvolvimento, Ind\u00fastria, Com\u00e9rcio e Servi\u00e7os, Geraldo Alckmin, deve receber o t\u00edtulo de cidad\u00e3o do estado do Maranh\u00e3o. A homenagem foi ideia da deputada estadual, Iracema Vale (PSB). Ela \u00e9 autora do projeto de Resolu\u00e7\u00e3o n\u00ba 075\/2023 que foi aprovado na Assembleia Legislativa do Estado. A concess\u00e3o do T\u00edtulo [&hellip;]<\/p>\n","protected":false},"author":2,"featured_media":114198,"comment_status":"open","ping_status":"open","sticky":false,"template":"","format":"standard","meta":{"footnotes":""},"categories":[5],"tags":[24],"class_list":{"0":"post-114053","1":"post","2":"type-post","3":"status-publish","4":"format-standard","5":"has-post-thumbnail","7":"category-geral","8":"tag-manchete"},"_links":{"self":[{"href":"https:\/\/diariodoplaneta.com.br\/index.php?rest_route=\/wp\/v2\/posts\/114053","targetHints":{"allow":["GET"]}}],"collection":[{"href":"https:\/\/diariodoplaneta.com.br\/index.php?rest_route=\/wp\/v2\/posts"}],"about":[{"href":"https:\/\/diariodoplaneta.com.br\/index.php?rest_route=\/wp\/v2\/types\/post"}],"author":[{"embeddable":true,"href":"https:\/\/diariodoplaneta.com.br\/index.php?rest_route=\/wp\/v2\/users\/2"}],"replies":[{"embeddable":true,"href":"https:\/\/diariodoplaneta.com.br\/index.php?rest_route=%2Fwp%2Fv2%2Fcomments&post=114053"}],"version-history":[{"count":0,"href":"https:\/\/diariodoplaneta.com.br\/index.php?rest_route=\/wp\/v2\/posts\/114053\/revisions"}],"wp:featuredmedia":[{"embeddable":true,"href":"https:\/\/diariodoplaneta.com.br\/index.php?rest_route=\/wp\/v2\/media\/114198"}],"wp:attachment":[{"href":"https:\/\/diariodoplaneta.com.br\/index.php?rest_route=%2Fwp%2Fv2%2Fmedia&parent=114053"}],"wp:term":[{"taxonomy":"category","embeddable":true,"href":"https:\/\/diariodoplaneta.com.br\/index.php?rest_route=%2Fwp%2Fv2%2Fcategories&post=114053"},{"taxonomy":"post_tag","embeddable":true,"href":"https:\/\/diariodoplaneta.com.br\/index.php?rest_route=%2Fwp%2Fv2%2Ftags&post=114053"}],"curies":[{"name":"wp","href":"https:\/\/api.w.org\/{rel}","templated":true}]}}