{"id":114039,"date":"2023-11-03T12:30:49","date_gmt":"2023-11-03T15:30:49","guid":{"rendered":"https:\/\/diariodoplaneta.com.br\/?p=112914"},"modified":"2023-11-03T12:30:49","modified_gmt":"2023-11-03T15:30:49","slug":"brasileiros-ficam-fora-da-3a-lista-de-autorizados-a-deixar-gaza","status":"publish","type":"post","link":"https:\/\/diariodoplaneta.com.br\/?p=114039","title":{"rendered":"Brasileiros ficam fora da 3\u00aa lista de autorizados a deixar Gaza"},"content":{"rendered":"\n<p><br>Uma nova lista com o nome de 571 estrangeiros autorizados a deixa a Faixa de Gaza foi divulgada nesta sexta-feira (3). N\u00e3o constam brasileiros entre os contemplados. Das 571 pessoas, 367 s\u00e3o estadunidenses e outras 127 s\u00e3o brit\u00e2nicas. H\u00e1 pessoas ainda da Alemanha, da It\u00e1lia, da Indon\u00e9sia e do M\u00e9xico, informou a Representa\u00e7\u00e3o do Brasil em Ramala, na Cisjord\u00e2nia. &nbsp;<img decoding=\"async\" src=\"https:\/\/agenciabrasil.ebc.com.br\/ebc.png?id=1564206&amp;o=node\"><img decoding=\"async\" src=\"https:\/\/agenciabrasil.ebc.com.br\/ebc.gif?id=1564206&amp;o=node\"><\/p>\n\n\n\n<p>Na segunda lista divulgada nessa quinta-feira (2), dos 576&nbsp;<a href=\"https:\/\/agenciabrasil.ebc.com.br\/internacional\/noticia\/2023-11\/mais-576-estrangeiros-sao-autorizados-deixar-gaza\" target=\"_blank\" rel=\"noreferrer noopener\">estrangeiros autorizados a deixar Gaza<\/a>, 400 eram dos Estados Unidos. Havia ainda nacionais do Azerbaij\u00e3o, Barhein, B\u00e9lgica, Cor\u00e9ia do Sul, Cro\u00e1cia, Gr\u00e9cia, Holanda, Hungria, It\u00e1lia, Maced\u00f4nia, M\u00e9xico, Su\u00ed\u00e7a, Sri Lanka e Tchade.<\/p>\n\n\n\n<p>O ministro das Rela\u00e7\u00f5es Exteriores do Brasil, Mauro Vieira, conversou nessa quinta-feira com o chanceler do Egito, Sameh Shoukry, e reiterou o pedido para que os brasileiros retidos na Faixa de Gaza possam passar pela fronteira de Rafah. &nbsp;<\/p>\n\n\n\n<p>Os 34 brasileiros est\u00e3o abrigados nas cidades de Khan Younes e Rafah, pr\u00f3ximas \u00e0 fronteira com o Egito. Segundo o Itamaraty, o esquema de resgate est\u00e1 de prontid\u00e3o e prev\u00ea aux\u00edlio desde a sa\u00edda da Faixa de Gaza \u2013 com equipes e \u00f4nibus, medicamentos e alimenta\u00e7\u00e3o \u2013 at\u00e9 o embarque no Aeroporto do Cairo, onde um avi\u00e3o da For\u00e7a A\u00e9rea Brasileira (FAB) os aguarda.<\/p>\n\n\n\n<p>A&nbsp;<a href=\"https:\/\/agenciabrasil.ebc.com.br\/internacional\/noticia\/2023-11\/primeiros-estrangeiros-e-feridos-deixam-gaza-em-direcao-ao-egito\" target=\"_blank\" rel=\"noreferrer noopener\">primeira lista com estrangeiros<\/a>&nbsp;autorizados a deixar o enclave palestino alvo dos bombardeios de Israel foi divulgada na quarta-feira (1\u00ba). At\u00e9 ent\u00e3o, uma m\u00e9dia de 500 pessoas de outras nacionalidades est\u00e3o sendo autorizadas a deixar a \u00e1rea do conflito. O&nbsp;<a href=\"https:\/\/agenciabrasil.ebc.com.br\/internacional\/noticia\/2023-11\/governo-espera-que-brasileiros-deixem-gaza-em-breve-diz-embaixador\" target=\"_blank\" rel=\"noreferrer noopener\">Itamaraty<\/a>&nbsp;informou que espera que, em breve, os brasileiros entrem na lista para deixar a regi\u00e3o.<\/p>\n\n\n\n<p>Fonte: Ag\u00eancia Brasil<\/p>\n","protected":false},"excerpt":{"rendered":"<p>Uma nova lista com o nome de 571 estrangeiros autorizados a deixa a Faixa de Gaza foi divulgada nesta sexta-feira (3). N\u00e3o constam brasileiros entre os contemplados. Das 571 pessoas, 367 s\u00e3o estadunidenses e outras 127 s\u00e3o brit\u00e2nicas. H\u00e1 pessoas ainda da Alemanha, da It\u00e1lia, da Indon\u00e9sia e do M\u00e9xico, informou a Representa\u00e7\u00e3o do Brasil [&hellip;]<\/p>\n","protected":false},"author":2,"featured_media":114185,"comment_status":"open","ping_status":"open","sticky":false,"template":"","format":"standard","meta":{"footnotes":""},"categories":[5],"tags":[24],"class_list":{"0":"post-114039","1":"post","2":"type-post","3":"status-publish","4":"format-standard","5":"has-post-thumbnail","7":"category-geral","8":"tag-manchete"},"_links":{"self":[{"href":"https:\/\/diariodoplaneta.com.br\/index.php?rest_route=\/wp\/v2\/posts\/114039","targetHints":{"allow":["GET"]}}],"collection":[{"href":"https:\/\/diariodoplaneta.com.br\/index.php?rest_route=\/wp\/v2\/posts"}],"about":[{"href":"https:\/\/diariodoplaneta.com.br\/index.php?rest_route=\/wp\/v2\/types\/post"}],"author":[{"embeddable":true,"href":"https:\/\/diariodoplaneta.com.br\/index.php?rest_route=\/wp\/v2\/users\/2"}],"replies":[{"embeddable":true,"href":"https:\/\/diariodoplaneta.com.br\/index.php?rest_route=%2Fwp%2Fv2%2Fcomments&post=114039"}],"version-history":[{"count":0,"href":"https:\/\/diariodoplaneta.com.br\/index.php?rest_route=\/wp\/v2\/posts\/114039\/revisions"}],"wp:featuredmedia":[{"embeddable":true,"href":"https:\/\/diariodoplaneta.com.br\/index.php?rest_route=\/wp\/v2\/media\/114185"}],"wp:attachment":[{"href":"https:\/\/diariodoplaneta.com.br\/index.php?rest_route=%2Fwp%2Fv2%2Fmedia&parent=114039"}],"wp:term":[{"taxonomy":"category","embeddable":true,"href":"https:\/\/diariodoplaneta.com.br\/index.php?rest_route=%2Fwp%2Fv2%2Fcategories&post=114039"},{"taxonomy":"post_tag","embeddable":true,"href":"https:\/\/diariodoplaneta.com.br\/index.php?rest_route=%2Fwp%2Fv2%2Ftags&post=114039"}],"curies":[{"name":"wp","href":"https:\/\/api.w.org\/{rel}","templated":true}]}}