{"id":114033,"date":"2023-11-01T10:45:22","date_gmt":"2023-11-01T13:45:22","guid":{"rendered":"https:\/\/diariodoplaneta.com.br\/?p=112891"},"modified":"2023-11-01T10:45:22","modified_gmt":"2023-11-01T13:45:22","slug":"seif-apoia-pec-que-criminaliza-porte-ou-posse-de-qualquer-quantidade-de-droga","status":"publish","type":"post","link":"https:\/\/diariodoplaneta.com.br\/?p=114033","title":{"rendered":"Seif apoia PEC que criminaliza porte ou posse de qualquer quantidade de droga"},"content":{"rendered":"\n<p>O senador Jorge Seif destacou, em pronunciamento na ter\u00e7a-feira (31), debate realizado na Comiss\u00e3o de Constitui\u00e7\u00e3o, Justi\u00e7a e Cidadania (CCJ), tamb\u00e9m na ter\u00e7a, sobre a proposta de emenda \u00e0 Constitui\u00e7\u00e3o que criminaliza o porte ou posse de qualquer quantidade de droga (<a href=\"https:\/\/www25.senado.leg.br\/web\/atividade\/materias\/-\/materia\/160011\" rel=\"noreferrer noopener\" target=\"_blank\">PEC 45\/2023<\/a>). O parlamentar afirmou que o Brasil est\u00e1 perdendo a batalha contra as drogas e parabenizou o presidente do Senado, Rodrigo Pacheco, pela autoria da proposta.<\/p>\n\n\n\n<blockquote class=\"wp-block-quote is-layout-flow wp-block-quote-is-layout-flow\">\n<p>\u2014 Imagina uma lei que [&#8230;] j\u00e1 foi discutida cinco vezes pelo Parlamento brasileiro. E o Parlamento, que sempre \u00e9 bom reiterar, \u00e9 a express\u00e3o m\u00e1xima da nossa democracia. N\u00f3s somos senadores e deputados eleitos diretamente pelo p\u00fablico, e cinco vezes dissemos n\u00e3o [\u00e0 legaliza\u00e7\u00e3o das drogas]. Ent\u00e3o est\u00e1vamos l\u00e1 com o senador Efraim Filho [Uni\u00e3o-PB], que \u00e9 o relator l\u00e1 na CCJ, e quero parabenizar o senhor [Pacheco] e tamb\u00e9m reconhecer os seus esfor\u00e7os para tudo o que est\u00e1 acontecendo sobre a divis\u00e3o e o respeito entre os Poderes.<\/p>\n<\/blockquote>\n\n\n\n<p>Seif tamb\u00e9m destacou que a&nbsp;<a href=\"https:\/\/www25.senado.leg.br\/web\/atividade\/materias\/-\/materia\/148030\" rel=\"noreferrer noopener\" target=\"_blank\">PEC 8\/2021<\/a>, que limita decis\u00f5es monocr\u00e1ticas e pedidos de vista no Supremo Tribunal Federal (STF) e nos demais tribunais, passou pela terceira sess\u00e3o de discuss\u00e3o em Plen\u00e1rio. O senador ressaltou que o STF n\u00e3o pode tomar decis\u00f5es que dizem respeito ao Congresso Nacional.<\/p>\n\n\n\n<blockquote class=\"wp-block-quote is-layout-flow wp-block-quote-is-layout-flow\">\n<p>\u2014 N\u00f3s estamos discutindo marco temporal de terra ind\u00edgena, causando uma grande confus\u00e3o, atrav\u00e9s de uma decis\u00e3o do Supremo Tribunal Federal, de uma quest\u00e3o que estava pacificada desde a [terra ind\u00edgena] Raposa Serra do Sol [em Roraima]. N\u00e3o pode o Supremo Tribunal Federal estar discutindo piso de enfermagem, que foi determinado por esse Parlamento e sancionado por dois presidentes da Rep\u00fablica. N\u00e3o podemos discutir de novo quest\u00e3o de drogas, quest\u00e3o de aborto, que esse Parlamento j\u00e1 determinou. N\u00f3s somos a voz do povo, n\u00f3s somos a boca dos estados, n\u00f3s somos representantes leg\u00edtimos, eleitos diretamente pelo nosso povo.<\/p>\n<\/blockquote>\n\n\n\n<p>Fonte: Ag\u00eancia Senado<\/p>\n\n\n\n<p><\/p>\n","protected":false},"excerpt":{"rendered":"<p>O senador Jorge Seif destacou, em pronunciamento na ter\u00e7a-feira (31), debate realizado na Comiss\u00e3o de Constitui\u00e7\u00e3o, Justi\u00e7a e Cidadania (CCJ), tamb\u00e9m na ter\u00e7a, sobre a proposta de emenda \u00e0 Constitui\u00e7\u00e3o que criminaliza o porte ou posse de qualquer quantidade de droga (PEC 45\/2023). O parlamentar afirmou que o Brasil est\u00e1 perdendo a batalha contra as [&hellip;]<\/p>\n","protected":false},"author":2,"featured_media":114175,"comment_status":"open","ping_status":"open","sticky":false,"template":"","format":"standard","meta":{"footnotes":""},"categories":[13],"tags":[11],"class_list":{"0":"post-114033","1":"post","2":"type-post","3":"status-publish","4":"format-standard","5":"has-post-thumbnail","7":"category-politica","8":"tag-destaque"},"_links":{"self":[{"href":"https:\/\/diariodoplaneta.com.br\/index.php?rest_route=\/wp\/v2\/posts\/114033","targetHints":{"allow":["GET"]}}],"collection":[{"href":"https:\/\/diariodoplaneta.com.br\/index.php?rest_route=\/wp\/v2\/posts"}],"about":[{"href":"https:\/\/diariodoplaneta.com.br\/index.php?rest_route=\/wp\/v2\/types\/post"}],"author":[{"embeddable":true,"href":"https:\/\/diariodoplaneta.com.br\/index.php?rest_route=\/wp\/v2\/users\/2"}],"replies":[{"embeddable":true,"href":"https:\/\/diariodoplaneta.com.br\/index.php?rest_route=%2Fwp%2Fv2%2Fcomments&post=114033"}],"version-history":[{"count":0,"href":"https:\/\/diariodoplaneta.com.br\/index.php?rest_route=\/wp\/v2\/posts\/114033\/revisions"}],"wp:featuredmedia":[{"embeddable":true,"href":"https:\/\/diariodoplaneta.com.br\/index.php?rest_route=\/wp\/v2\/media\/114175"}],"wp:attachment":[{"href":"https:\/\/diariodoplaneta.com.br\/index.php?rest_route=%2Fwp%2Fv2%2Fmedia&parent=114033"}],"wp:term":[{"taxonomy":"category","embeddable":true,"href":"https:\/\/diariodoplaneta.com.br\/index.php?rest_route=%2Fwp%2Fv2%2Fcategories&post=114033"},{"taxonomy":"post_tag","embeddable":true,"href":"https:\/\/diariodoplaneta.com.br\/index.php?rest_route=%2Fwp%2Fv2%2Ftags&post=114033"}],"curies":[{"name":"wp","href":"https:\/\/api.w.org\/{rel}","templated":true}]}}