{"id":113774,"date":"2023-11-23T16:40:46","date_gmt":"2023-11-23T19:40:46","guid":{"rendered":"https:\/\/diariodoplaneta.com.br\/?p=113774"},"modified":"2023-11-23T16:40:46","modified_gmt":"2023-11-23T19:40:46","slug":"stj-empossa-tres-ministros-indicados-por-lula","status":"publish","type":"post","link":"https:\/\/diariodoplaneta.com.br\/?p=113774","title":{"rendered":"STJ empossa tr\u00eas ministros indicados por Lula"},"content":{"rendered":"\n<p>O Superior Tribunal de Justi\u00e7a (STJ) empossou nesta quarta-feira (22) tr\u00eas ministros indicados pelo presidente Luiz In\u00e1cio Lula da Silva.<img decoding=\"async\" src=\"https:\/\/agenciabrasil.ebc.com.br\/ebc.png?id=1568481&amp;o=node\"><img decoding=\"async\" src=\"https:\/\/agenciabrasil.ebc.com.br\/ebc.gif?id=1568481&amp;o=node\"><\/p>\n\n\n\n<p>Os novos ministros s\u00e3o os desembargadores Teodoro Silva Santos, do Tribunal de Justi\u00e7a do Cear\u00e1 (TJCE), e Jos\u00e9 Afr\u00e2nio Vilela, do Tribunal de Justi\u00e7a de Minas Gerais (TJMG), al\u00e9m da advogada Daniela Teixeira.<\/p>\n\n\n\n<p>A cerim\u00f4nia de posse ocorreu na sede do tribunal e contou com a presen\u00e7a do vice-presidente, Geraldo Alckmin, o presidente da C\u00e2mara dos Deputados, Arthur Lira, o presidente do Supremo Tribunal Federal (STF), Lu\u00eds Roberto Barroso, e demais autoridades dos Tr\u00eas Poderes.<\/p>\n\n\n\n<p>Todos os indicados passaram por sabatina na Comiss\u00e3o de Constitui\u00e7\u00e3o e Justi\u00e7a (CCJ) e tiveram os nomes aprovados pela maioria dos senadores em plen\u00e1rio.<\/p>\n\n\n\n<p><em>Fonte: Ag\u00eancia Brasil<\/em><\/p>\n","protected":false},"excerpt":{"rendered":"<p>O Superior Tribunal de Justi\u00e7a (STJ) empossou nesta quarta-feira (22) tr\u00eas ministros indicados pelo presidente Luiz In\u00e1cio Lula da Silva. Os novos ministros s\u00e3o os desembargadores Teodoro Silva Santos, do Tribunal de Justi\u00e7a do Cear\u00e1 (TJCE), e Jos\u00e9 Afr\u00e2nio Vilela, do Tribunal de Justi\u00e7a de Minas Gerais (TJMG), al\u00e9m da advogada Daniela Teixeira. A cerim\u00f4nia [&hellip;]<\/p>\n","protected":false},"author":2,"featured_media":114497,"comment_status":"open","ping_status":"open","sticky":false,"template":"","format":"standard","meta":{"footnotes":""},"categories":[5],"tags":[24],"class_list":{"0":"post-113774","1":"post","2":"type-post","3":"status-publish","4":"format-standard","5":"has-post-thumbnail","7":"category-geral","8":"tag-manchete"},"_links":{"self":[{"href":"https:\/\/diariodoplaneta.com.br\/index.php?rest_route=\/wp\/v2\/posts\/113774","targetHints":{"allow":["GET"]}}],"collection":[{"href":"https:\/\/diariodoplaneta.com.br\/index.php?rest_route=\/wp\/v2\/posts"}],"about":[{"href":"https:\/\/diariodoplaneta.com.br\/index.php?rest_route=\/wp\/v2\/types\/post"}],"author":[{"embeddable":true,"href":"https:\/\/diariodoplaneta.com.br\/index.php?rest_route=\/wp\/v2\/users\/2"}],"replies":[{"embeddable":true,"href":"https:\/\/diariodoplaneta.com.br\/index.php?rest_route=%2Fwp%2Fv2%2Fcomments&post=113774"}],"version-history":[{"count":0,"href":"https:\/\/diariodoplaneta.com.br\/index.php?rest_route=\/wp\/v2\/posts\/113774\/revisions"}],"wp:featuredmedia":[{"embeddable":true,"href":"https:\/\/diariodoplaneta.com.br\/index.php?rest_route=\/wp\/v2\/media\/114497"}],"wp:attachment":[{"href":"https:\/\/diariodoplaneta.com.br\/index.php?rest_route=%2Fwp%2Fv2%2Fmedia&parent=113774"}],"wp:term":[{"taxonomy":"category","embeddable":true,"href":"https:\/\/diariodoplaneta.com.br\/index.php?rest_route=%2Fwp%2Fv2%2Fcategories&post=113774"},{"taxonomy":"post_tag","embeddable":true,"href":"https:\/\/diariodoplaneta.com.br\/index.php?rest_route=%2Fwp%2Fv2%2Ftags&post=113774"}],"curies":[{"name":"wp","href":"https:\/\/api.w.org\/{rel}","templated":true}]}}