{"id":113584,"date":"2023-11-20T14:45:23","date_gmt":"2023-11-20T17:45:23","guid":{"rendered":"https:\/\/diariodoplaneta.com.br\/?p=113584"},"modified":"2023-11-20T14:45:23","modified_gmt":"2023-11-20T17:45:23","slug":"debatedores-destacam-mudancas-nas-leis-para-combater-racismo","status":"publish","type":"post","link":"https:\/\/diariodoplaneta.com.br\/?p=113584","title":{"rendered":"Debatedores destacam mudan\u00e7as nas leis para combater racismo"},"content":{"rendered":"\n<p>A Comiss\u00e3o de Direitos Humanos (CDH) promoveu audi\u00eancia p\u00fablica com o tema \u201cUma constitui\u00e7\u00e3o antidiscriminat\u00f3ria e antirracista\u201d. O colegiado recebeu neste Dia Nacional da Consci\u00eancia Negra (20) juristas e pessoas atuantes no direito em assuntos ligados \u00e0 discrimina\u00e7\u00e3o racial. Os convidados destacaram mudan\u00e7as advindas com a Constitui\u00e7\u00e3o de 1988, e o presidente da CDH, Paulo Paim (PT-RS), lembrou de altera\u00e7\u00f5es recentes na legisla\u00e7\u00e3o, como a que equiparou a inj\u00faria racial ao racismo.<\/p>\n\n\n\n<p>Fonte: Ag\u00eancia Senado<\/p>\n","protected":false},"excerpt":{"rendered":"<p>A Comiss\u00e3o de Direitos Humanos (CDH) promoveu audi\u00eancia p\u00fablica com o tema \u201cUma constitui\u00e7\u00e3o antidiscriminat\u00f3ria e antirracista\u201d. O colegiado recebeu neste Dia Nacional da Consci\u00eancia Negra (20) juristas e pessoas atuantes no direito em assuntos ligados \u00e0 discrimina\u00e7\u00e3o racial. Os convidados destacaram mudan\u00e7as advindas com a Constitui\u00e7\u00e3o de 1988, e o presidente da CDH, Paulo [&hellip;]<\/p>\n","protected":false},"author":2,"featured_media":113588,"comment_status":"open","ping_status":"open","sticky":false,"template":"","format":"standard","meta":{"footnotes":""},"categories":[5],"tags":[11],"class_list":{"0":"post-113584","1":"post","2":"type-post","3":"status-publish","4":"format-standard","5":"has-post-thumbnail","7":"category-geral","8":"tag-destaque"},"_links":{"self":[{"href":"https:\/\/diariodoplaneta.com.br\/index.php?rest_route=\/wp\/v2\/posts\/113584","targetHints":{"allow":["GET"]}}],"collection":[{"href":"https:\/\/diariodoplaneta.com.br\/index.php?rest_route=\/wp\/v2\/posts"}],"about":[{"href":"https:\/\/diariodoplaneta.com.br\/index.php?rest_route=\/wp\/v2\/types\/post"}],"author":[{"embeddable":true,"href":"https:\/\/diariodoplaneta.com.br\/index.php?rest_route=\/wp\/v2\/users\/2"}],"replies":[{"embeddable":true,"href":"https:\/\/diariodoplaneta.com.br\/index.php?rest_route=%2Fwp%2Fv2%2Fcomments&post=113584"}],"version-history":[{"count":0,"href":"https:\/\/diariodoplaneta.com.br\/index.php?rest_route=\/wp\/v2\/posts\/113584\/revisions"}],"wp:featuredmedia":[{"embeddable":true,"href":"https:\/\/diariodoplaneta.com.br\/index.php?rest_route=\/wp\/v2\/media\/113588"}],"wp:attachment":[{"href":"https:\/\/diariodoplaneta.com.br\/index.php?rest_route=%2Fwp%2Fv2%2Fmedia&parent=113584"}],"wp:term":[{"taxonomy":"category","embeddable":true,"href":"https:\/\/diariodoplaneta.com.br\/index.php?rest_route=%2Fwp%2Fv2%2Fcategories&post=113584"},{"taxonomy":"post_tag","embeddable":true,"href":"https:\/\/diariodoplaneta.com.br\/index.php?rest_route=%2Fwp%2Fv2%2Ftags&post=113584"}],"curies":[{"name":"wp","href":"https:\/\/api.w.org\/{rel}","templated":true}]}}