{"id":113372,"date":"2023-11-14T10:28:41","date_gmt":"2023-11-14T13:28:41","guid":{"rendered":"https:\/\/diariodoplaneta.com.br\/?p=113372"},"modified":"2023-11-14T10:28:41","modified_gmt":"2023-11-14T13:28:41","slug":"lula-garante-que-brasil-tentara-trazer-mais-familias-da-faixa-de-gaza","status":"publish","type":"post","link":"https:\/\/diariodoplaneta.com.br\/?p=113372","title":{"rendered":"Lula garante que Brasil tentar\u00e1 trazer mais fam\u00edlias da Faixa de Gaza"},"content":{"rendered":"\n<p>O presidente Luiz In\u00e1cio Lula da Silva recebeu, na madrugada desta ter\u00e7a-feira (14), o grupo de 32 brasileiros e palestinos parentes de brasileiros resgatados da Faixa de Gaza. O presidente afirmou que o pa\u00eds continuar\u00e1 tentando buscar todos os que quiserem sair da regi\u00e3o do conflito e voltar para o Brasil ou, no caso de estrangeiros, acompanhar os parentes brasileiros.<img decoding=\"async\" src=\"https:\/\/agenciabrasil.ebc.com.br\/ebc.png?id=1566340&amp;o=node\"><img decoding=\"async\" src=\"https:\/\/agenciabrasil.ebc.com.br\/ebc.gif?id=1566340&amp;o=node\"><\/p>\n\n\n\n<blockquote class=\"wp-block-quote is-layout-flow wp-block-quote-is-layout-flow\">\n<p>\u201cA gente vai tentar fazer todo o esfor\u00e7o que estiver ao alcance da diplomacia brasileira para tentar trazer todos os brasileiros que l\u00e1 est\u00e3o e que queiram vir para o Brasil. Inclusive, alguns companheiros que tinham parentes n\u00e3o brasileiros eu pedi para trazer e a gente trataria de legalizar as pessoas aqui no Brasil\u201d, disse o presidente.<\/p>\n<\/blockquote>\n\n\n\n<p>\u201cTem mais gente na Cisjord\u00e2nia e na Faixa de Gaza. Enquanto tiver lista e possibilidade da gente tirar uma pessoa, mesmo que seja uma s\u00f3, a gente estar\u00e1 \u00e0 disposi\u00e7\u00e3o para mandar buscar as pessoas. N\u00e3o vamos deixar nenhum brasileiro ficar l\u00e1 por falta de cuidado do governo\u201d, acrescentou Lula.<\/p>\n\n\n\n<p>Junto com o presidente, na pista, aguardando os repatriados, estavam a primeira-dama Janja da Silva, o ministro das Rela\u00e7\u00f5es Exteriores, Mauro Vieira, o ministro da Justi\u00e7a e Seguran\u00e7a P\u00fablica, Fl\u00e1vio Dino, o ministro dos Direitos Humanos e Cidadania, Silvio Almeida, a ministra da Sa\u00fade, N\u00edsia Trindade, o ministro da Secretaria de Comunica\u00e7\u00e3o da Presid\u00eancia da Rep\u00fablica, Paulo Pimenta, o assessor especial da Presid\u00eancia Celso Amorim e os comandantes das For\u00e7as Armadas.<\/p>\n\n\n\n<p>Lula recebeu os resgatados na pista, cumprimentou um a um no p\u00e9 da escada do avi\u00e3o. O primeiro a descer foi Hasan Habee, que ficou conhecido pelos v\u00e1rios v\u00eddeos que fazia e encaminhava para a imprensa, com depoimentos frequentes da ang\u00fastia que passava na Faixa de Gaza, em meio a ataques de Israel.<\/p>\n\n\n\n<p>\u201cBoa noite. Queria agradecer ao presidente, governo federal, For\u00e7a A\u00e9rea e Itamaraty. A gente ficou l\u00e1 37 dias, muito sofrimento. \u00c0s vezes passamos fome e sede\u201d, disse Habee. \u201cO que est\u00e1 acontecendo l\u00e1 \u00e9 um massacre. Minhas filhas ficaram muito chocadas l\u00e1. Na primeira e segunda semana a gente mentia [para elas]. A gente falava que essas bombas [jogadas por Israel na Faixa de Gaza] eram de festas de anivers\u00e1rio, mas a gente n\u00e3o conseguiu segurar por muito tempo\u201d, acrescentou ele.<\/p>\n\n\n\n<p>Habee falou que as filhas fechavam a janela para se sentirem seguras sempre que um avi\u00e3o do ex\u00e9rcito israelense passava. Em seguida, pediu para Lula providenciar tamb\u00e9m a vinda dos seus parentes, que estariam aguardando a libera\u00e7\u00e3o de uma segunda lista de brasileiros ou parentes de brasileiros.<\/p>\n\n\n\n<p>Na manh\u00e3 de segunda-feira (13)&nbsp;<a href=\"https:\/\/agenciabrasil.ebc.com.br\/politica\/noticia\/2023-11\/lula-confirma-que-recebera-brasileiros-repatriados-de-gaza\" target=\"_blank\" rel=\"noreferrer noopener\">Lula j\u00e1 havia confirmado<\/a>&nbsp;que estaria na Base A\u00e9rea de Bras\u00edlia, para cumprimentar o grupo de repatriados. O gesto, de car\u00e1ter simb\u00f3lico, encerra um longo processo de negocia\u00e7\u00e3o entre a diplomacia brasileira e os encarregados de Israel e Egito pela libera\u00e7\u00e3o de pessoas pela passagem de Rafah, na fronteira entre Gaza e Egito.<\/p>\n\n\n\n<blockquote class=\"wp-block-quote is-layout-flow wp-block-quote-is-layout-flow\">\n<p>\u201cA chegada desse d\u00e9cimo avi\u00e3o aqui no Brasil \u00e9 o coroamento de um trabalho muito s\u00e9rio que a gente deve a muita gente que trabalha no governo, deve \u00e0 aeron\u00e1utica Brasileira, ao ministro das Rela\u00e7\u00f5es Exteriores, que fez um trabalho excepcional quando assumiu a presid\u00eancia do Conselho de Seguran\u00e7a da ONU\u201d, disse o presidente.<\/p>\n<\/blockquote>\n\n\n\n<p>Os brasileiros s\u00f3 foram inclu\u00eddos na s\u00e9tima lista. O pa\u00eds com mais nacionais retirados de Gaza foram os Estados Unidos. Al\u00e9m dos Estados Unidos, outros oito pa\u00edses tiveram mais de 100 nacionais autorizados a sair da Faixa de Gaza. Mesmo com a demora ao concretizar a sa\u00edda dos brasileiros, especialistas em rela\u00e7\u00f5es exteriores consideraram a opera\u00e7\u00e3o uma&nbsp;<a href=\"https:\/\/agenciabrasil.ebc.com.br\/internacional\/noticia\/2023-11\/para-especialistas-repatriacao-de-brasileiros-e-vitoria-diplomatica\" target=\"_blank\" rel=\"noreferrer noopener\">\u201cvit\u00f3ria diplom\u00e1tica\u201d<\/a>.<\/p>\n\n\n\n<p>O grupo que desembarcou na Base A\u00e9rea de Bras\u00edlia ficar\u00e1 hospedado por, pelo menos, dois dias em alojamento da FAB, onde receber\u00e1 apoio psicol\u00f3gico, cuidados m\u00e9dicos e imuniza\u00e7\u00e3o. Depois desse per\u00edodo, uma parte ir\u00e1 para outras cidades no Brasil, onde ficar\u00e3o com parentes, e outra ser\u00e1 deslocada para um abrigo especializado em acolhimento de refugiados no interior de S\u00e3o Paulo.<\/p>\n\n\n\n<h2 class=\"wp-block-heading\">Voltando em Paz<\/h2>\n\n\n\n<p>Este ser\u00e1 o d\u00e9cimo voo da Opera\u00e7\u00e3o Voltando em Paz, do governo federal, que cumpre mais uma miss\u00e3o de repatria\u00e7\u00e3o em \u00e1reas de conflito no Oriente M\u00e9dio. A aeronave VC-2, cedida pela Presid\u00eancia da Rep\u00fablica, est\u00e1 h\u00e1 quase um m\u00eas no Egito para o resgate dos repatriados oriundos da Faixa de Gaza. Os outros voos partiram de Tel Aviv, em Israel, e de Am\u00e3, na Jord\u00e2nia, com brasileiros que estavam no territ\u00f3rio palestino da Cisjord\u00e2nia.<\/p>\n\n\n\n<p>Com os dez voos, a Opera\u00e7\u00e3o Voltando em Paz ter\u00e1 transportado um total de 1.477 passageiros, al\u00e9m de 53 animais dom\u00e9sticos. Do total, foram 1.462 brasileiros, 11 palestinos, tr\u00eas bolivianas e uma jordaniana.<\/p>\n\n\n\n<p>No dia 7 de outubro, o Hamas, que controla a Faixa de Gaza, lan\u00e7ou um ataque surpresa de m\u00edsseis contra Israel e a incurs\u00e3o de combatentes armados por terra, matando civis e militares e fazendo centenas de ref\u00e9ns israelenses e estrangeiros. Em resposta, Israel bombardeou v\u00e1rias infraestruturas do Hamas, em Gaza, e imp\u00f4s cerco total ao territ\u00f3rio, com o corte do abastecimento de \u00e1gua, combust\u00edvel e energia el\u00e9trica.<\/p>\n\n\n\n<p>Os ataques j\u00e1 deixaram milhares de mortos, feridos e desabrigados nos dois territ\u00f3rios. A guerra entre Israel e Hamas tem origem na disputa por territ\u00f3rios que j\u00e1 foram ocupados por diversos povos, como hebreus e filisteus, dos quais descendem israelenses e palestinos.<\/p>\n\n\n\n<p><em>Fonte: Ag\u00eancia Brasil<\/em><\/p>\n","protected":false},"excerpt":{"rendered":"<p>O presidente Luiz In\u00e1cio Lula da Silva recebeu, na madrugada desta ter\u00e7a-feira (14), o grupo de 32 brasileiros e palestinos parentes de brasileiros resgatados da Faixa de Gaza. O presidente afirmou que o pa\u00eds continuar\u00e1 tentando buscar todos os que quiserem sair da regi\u00e3o do conflito e voltar para o Brasil ou, no caso de [&hellip;]<\/p>\n","protected":false},"author":2,"featured_media":114347,"comment_status":"open","ping_status":"open","sticky":false,"template":"","format":"standard","meta":{"footnotes":""},"categories":[5],"tags":[24],"class_list":{"0":"post-113372","1":"post","2":"type-post","3":"status-publish","4":"format-standard","5":"has-post-thumbnail","7":"category-geral","8":"tag-manchete"},"_links":{"self":[{"href":"https:\/\/diariodoplaneta.com.br\/index.php?rest_route=\/wp\/v2\/posts\/113372","targetHints":{"allow":["GET"]}}],"collection":[{"href":"https:\/\/diariodoplaneta.com.br\/index.php?rest_route=\/wp\/v2\/posts"}],"about":[{"href":"https:\/\/diariodoplaneta.com.br\/index.php?rest_route=\/wp\/v2\/types\/post"}],"author":[{"embeddable":true,"href":"https:\/\/diariodoplaneta.com.br\/index.php?rest_route=\/wp\/v2\/users\/2"}],"replies":[{"embeddable":true,"href":"https:\/\/diariodoplaneta.com.br\/index.php?rest_route=%2Fwp%2Fv2%2Fcomments&post=113372"}],"version-history":[{"count":0,"href":"https:\/\/diariodoplaneta.com.br\/index.php?rest_route=\/wp\/v2\/posts\/113372\/revisions"}],"wp:featuredmedia":[{"embeddable":true,"href":"https:\/\/diariodoplaneta.com.br\/index.php?rest_route=\/wp\/v2\/media\/114347"}],"wp:attachment":[{"href":"https:\/\/diariodoplaneta.com.br\/index.php?rest_route=%2Fwp%2Fv2%2Fmedia&parent=113372"}],"wp:term":[{"taxonomy":"category","embeddable":true,"href":"https:\/\/diariodoplaneta.com.br\/index.php?rest_route=%2Fwp%2Fv2%2Fcategories&post=113372"},{"taxonomy":"post_tag","embeddable":true,"href":"https:\/\/diariodoplaneta.com.br\/index.php?rest_route=%2Fwp%2Fv2%2Ftags&post=113372"}],"curies":[{"name":"wp","href":"https:\/\/api.w.org\/{rel}","templated":true}]}}