{"id":113328,"date":"2023-11-13T13:45:01","date_gmt":"2023-11-13T16:45:01","guid":{"rendered":"https:\/\/diariodoplaneta.com.br\/?p=113328"},"modified":"2023-11-13T13:45:01","modified_gmt":"2023-11-13T16:45:01","slug":"lula-confirma-que-recebera-brasileiros-repatriados-de-gaza","status":"publish","type":"post","link":"https:\/\/diariodoplaneta.com.br\/?p=113328","title":{"rendered":"Lula confirma que receber\u00e1 brasileiros repatriados de Gaza"},"content":{"rendered":"\n<p>O presidente Luiz In\u00e1cio Lula da Silva confirmou que receber\u00e1, na noite desta segunda-feira (13), os brasileiros e seus familiares&nbsp;<a href=\"https:\/\/agenciabrasil.ebc.com.br\/internacional\/noticia\/2023-11\/para-especialistas-repatriacao-de-brasileiros-e-vitoria-diplomatica\" target=\"_blank\" rel=\"noreferrer noopener\">palestinos repatriados<\/a>&nbsp;da Faixa de Gaza.&nbsp;A previs\u00e3o \u00e9 que a aeronave pouse na Base A\u00e9rea de Bras\u00edlia \u00e0s 23h30.&nbsp;<img decoding=\"async\" src=\"https:\/\/agenciabrasil.ebc.com.br\/ebc.png?id=1566149&amp;o=node\"><img decoding=\"async\" src=\"https:\/\/agenciabrasil.ebc.com.br\/ebc.gif?id=1566149&amp;o=node\"><\/p>\n\n\n\n<p>Em publica\u00e7\u00e3o nas redes sociais, Lula comentou sobre a agenda do dia. \u201cA segunda-feira come\u00e7a com muito trabalho. Reuni\u00e3o com ministros, cerim\u00f4nia de san\u00e7\u00e3o do projeto de lei que atualiza a Lei de Cotas e, \u00e0 noite, vou receber os brasileiros e parentes palestinos que chegam ao Brasil de Gaza\u201d, escreveu.<\/p>\n\n\n\n<p>A recep\u00e7\u00e3o, entretanto, n\u00e3o consta na agenda oficial da Presid\u00eancia.&nbsp;Os repatriados j\u00e1 est\u00e3o caminho do Brasil. O avi\u00e3o VC-2, cedido pela Presid\u00eancia da Rep\u00fablica para atuar na Opera\u00e7\u00e3o Voltando em Paz, decolou \u00e0s 6h51 (hor\u00e1rio local) de hoje (13), do Cairo, no Egito, com 32 repatriados. Haver\u00e1 duas paradas t\u00e9cnicas: em Las Palmas, na Espanha, e na Base A\u00e9rea do Recife, j\u00e1 em solo brasileiro.&nbsp;<\/p>\n\n\n\n<p>Eles cruzaram a fronteira da Faixa de Gaza com o Egito, pelo Portal de Rafah, no in\u00edcio da manh\u00e3 deste domingo (12). A chegada ao Cairo ocorreu no in\u00edcio da noite.\u00a0<\/p>\n\n\n\n<p>O grupo receber\u00e1 apoio psicol\u00f3gico, cuidados m\u00e9dicos e imuniza\u00e7\u00e3o e ter\u00e3o um per\u00edodo de repouso em Bras\u00edlia, em alojamento da For\u00e7a A\u00e9rea Brasileira (FAB), antes de se deslocarem para outras cidades no Brasil. Ao chegarem ao Brasil, tamb\u00e9m ser\u00e1 feita a regulariza\u00e7\u00e3o migrat\u00f3ria, pela Pol\u00edcia Federal, e a emiss\u00e3o de outros documentos que permitam o acesso a servi\u00e7os p\u00fablicos e ao emprego.&nbsp;<\/p>\n\n\n\n<p>O grupo a caminho do Brasil tem 22 brasileiros de nascimento, sete palestinos naturalizados brasileiros e tr\u00eas palestinos familiares pr\u00f3ximos. Dos 32 repatriados, 17 s\u00e3o crian\u00e7as, nove mulheres e seis homens.&nbsp;<\/p>\n\n\n\n<h2 class=\"wp-block-heading\">Voltando em Paz&nbsp;<\/h2>\n\n\n\n<p>Este ser\u00e1 o d\u00e9cimo voo da Opera\u00e7\u00e3o Voltando em Paz, do governo federal, que cumpre mais uma miss\u00e3o de repatria\u00e7\u00e3o em \u00e1reas de conflito no Oriente M\u00e9dio. A aeronave VC-2, cedida pela Presid\u00eancia da Rep\u00fablica, est\u00e1 h\u00e1 quase um m\u00eas no Egito para o resgate dos repatriados oriundos da Faixa de Gaza. Os outros voos partiram de Tel Aviv, em Israel, e de Am\u00e3, na Jord\u00e2nia, com brasileiros que estavam no territ\u00f3rio palestino da Cisjord\u00e2nia.<\/p>\n\n\n\n<p>Com os dez voos, a Opera\u00e7\u00e3o Voltando em Paz ter\u00e1 transportado um total de 1.477 passageiros, al\u00e9m de 53 animais dom\u00e9sticos. Do total, foram 1.462 brasileiros, 11 palestinos, tr\u00eas bolivianas e uma jordaniana.&nbsp;<\/p>\n\n\n\n<p>No dia 7 de outubro, o Hamas, que controla a Faixa de Gaza, lan\u00e7ou um ataque surpresa de m\u00edsseis contra Israel e a incurs\u00e3o de combatentes armados por terra, matando civis e militares e fazendo centenas de ref\u00e9ns israelenses e estrangeiros. Em resposta, Israel bombardeou v\u00e1rias infraestruturas do Hamas, em Gaza, e imp\u00f4s cerco total ao territ\u00f3rio, com o corte do abastecimento de \u00e1gua, combust\u00edvel e energia el\u00e9trica.&nbsp;<\/p>\n\n\n\n<p>Os ataques j\u00e1 deixaram milhares de mortos, feridos e desabrigados nos dois territ\u00f3rios. A guerra entre Israel e Hamas tem origem na disputa por territ\u00f3rios que j\u00e1 foram ocupados por diversos povos, como hebreus e filisteus, dos quais descendem israelenses e palestinos.&nbsp;<\/p>\n\n\n\n<p><em>Fonte: Ag\u00eancia Brasil<\/em><\/p>\n","protected":false},"excerpt":{"rendered":"<p>O presidente Luiz In\u00e1cio Lula da Silva confirmou que receber\u00e1, na noite desta segunda-feira (13), os brasileiros e seus familiares&nbsp;palestinos repatriados&nbsp;da Faixa de Gaza.&nbsp;A previs\u00e3o \u00e9 que a aeronave pouse na Base A\u00e9rea de Bras\u00edlia \u00e0s 23h30.&nbsp; Em publica\u00e7\u00e3o nas redes sociais, Lula comentou sobre a agenda do dia. \u201cA segunda-feira come\u00e7a com muito trabalho. [&hellip;]<\/p>\n","protected":false},"author":2,"featured_media":114325,"comment_status":"open","ping_status":"open","sticky":false,"template":"","format":"standard","meta":{"footnotes":""},"categories":[5],"tags":[24],"class_list":{"0":"post-113328","1":"post","2":"type-post","3":"status-publish","4":"format-standard","5":"has-post-thumbnail","7":"category-geral","8":"tag-manchete"},"_links":{"self":[{"href":"https:\/\/diariodoplaneta.com.br\/index.php?rest_route=\/wp\/v2\/posts\/113328","targetHints":{"allow":["GET"]}}],"collection":[{"href":"https:\/\/diariodoplaneta.com.br\/index.php?rest_route=\/wp\/v2\/posts"}],"about":[{"href":"https:\/\/diariodoplaneta.com.br\/index.php?rest_route=\/wp\/v2\/types\/post"}],"author":[{"embeddable":true,"href":"https:\/\/diariodoplaneta.com.br\/index.php?rest_route=\/wp\/v2\/users\/2"}],"replies":[{"embeddable":true,"href":"https:\/\/diariodoplaneta.com.br\/index.php?rest_route=%2Fwp%2Fv2%2Fcomments&post=113328"}],"version-history":[{"count":0,"href":"https:\/\/diariodoplaneta.com.br\/index.php?rest_route=\/wp\/v2\/posts\/113328\/revisions"}],"wp:featuredmedia":[{"embeddable":true,"href":"https:\/\/diariodoplaneta.com.br\/index.php?rest_route=\/wp\/v2\/media\/114325"}],"wp:attachment":[{"href":"https:\/\/diariodoplaneta.com.br\/index.php?rest_route=%2Fwp%2Fv2%2Fmedia&parent=113328"}],"wp:term":[{"taxonomy":"category","embeddable":true,"href":"https:\/\/diariodoplaneta.com.br\/index.php?rest_route=%2Fwp%2Fv2%2Fcategories&post=113328"},{"taxonomy":"post_tag","embeddable":true,"href":"https:\/\/diariodoplaneta.com.br\/index.php?rest_route=%2Fwp%2Fv2%2Ftags&post=113328"}],"curies":[{"name":"wp","href":"https:\/\/api.w.org\/{rel}","templated":true}]}}