{"id":112662,"date":"2023-10-27T10:54:53","date_gmt":"2023-10-27T13:54:53","guid":{"rendered":"https:\/\/diariodoplaneta.com.br\/?p=112662"},"modified":"2023-10-27T10:54:53","modified_gmt":"2023-10-27T13:54:53","slug":"lula-vai-levar-a-cop-28-programa-brasileiro-de-recuperacao-de-pastagem","status":"publish","type":"post","link":"https:\/\/diariodoplaneta.com.br\/?p=112662","title":{"rendered":"Lula vai levar \u00e0 COP-28 programa brasileiro de recupera\u00e7\u00e3o de pastagem"},"content":{"rendered":"\n<p>O presidente Luiz In\u00e1cio Lula da Silva dever\u00e1 levar \u00e0 28\u00aa Confer\u00eancia das Na\u00e7\u00f5es Unidas sobre Mudan\u00e7as Clim\u00e1ticas (COP 28) as a\u00e7\u00f5es sustent\u00e1veis da agropecu\u00e1ria brasileira, como o programa de recupera\u00e7\u00e3o e convers\u00e3o de pastagens degradadas. O tema foi debatido nesta quinta-feira (26) em reuni\u00e3o de Lula com o ministro da Agricultura e Pecu\u00e1ria, Carlos F\u00e1varo.&nbsp;<img decoding=\"async\" src=\"https:\/\/agenciabrasil.ebc.com.br\/ebc.png?id=1563109&amp;o=node\"><img decoding=\"async\" src=\"https:\/\/agenciabrasil.ebc.com.br\/ebc.gif?id=1563109&amp;o=node\"><\/p>\n\n\n\n<p>F\u00e1varo atualizou o presidente sobre o posicionamento brasileiro na COP 28, que ser\u00e1 realizada no fim de novembro, em Dubai, nos Emirados \u00c1rabes Unidos, e sobre o programa brasileiro de produ\u00e7\u00e3o sustent\u00e1vel, que prev\u00ea a recupera\u00e7\u00e3o e convers\u00e3o de 40 milh\u00f5es de hectares de pastagens de baixa produtividade em \u00e1reas agricult\u00e1veis.&nbsp;<\/p>\n\n\n\n<blockquote class=\"wp-block-quote is-layout-flow wp-block-quote-is-layout-flow\">\n<p>\u201cO Brasil pode crescer e incrementar 40 milh\u00f5es de hectares com agricultura, pecu\u00e1ria e floresta, mas com respeito ao meio ambiente principalmente, sendo um exemplo para o mundo. Este \u00e9 um dos exemplos que o presidente Lula vai levar para a COP\u201d, disse F\u00e1varo, ao fim da reuni\u00e3o.&nbsp;<\/p>\n<\/blockquote>\n\n\n\n<p>Segundo o ministro, Lula ficou entusiasmado com a possibilidade de atra\u00e7\u00e3o de recursos internacionais para o programa de convers\u00e3o de pastagens. <\/p>\n\n\n\n<blockquote class=\"wp-block-quote is-layout-flow wp-block-quote-is-layout-flow\">\n<p>\u201cEle disse que vai pessoalmente se dedicar a isso para que alavanque o crescimento\u201d, informou o ministro.<\/p>\n<\/blockquote>\n\n\n\n<p>Fonte: Ag\u00eancia Brasil<\/p>\n\n\n\n<p><\/p>\n","protected":false},"excerpt":{"rendered":"<p>O presidente Luiz In\u00e1cio Lula da Silva dever\u00e1 levar \u00e0 28\u00aa Confer\u00eancia das Na\u00e7\u00f5es Unidas sobre Mudan\u00e7as Clim\u00e1ticas (COP 28) as a\u00e7\u00f5es sustent\u00e1veis da agropecu\u00e1ria brasileira, como o programa de recupera\u00e7\u00e3o e convers\u00e3o de pastagens degradadas. O tema foi debatido nesta quinta-feira (26) em reuni\u00e3o de Lula com o ministro da Agricultura e Pecu\u00e1ria, Carlos [&hellip;]<\/p>\n","protected":false},"author":2,"featured_media":113188,"comment_status":"open","ping_status":"open","sticky":false,"template":"","format":"standard","meta":{"footnotes":""},"categories":[13],"tags":[24],"class_list":{"0":"post-112662","1":"post","2":"type-post","3":"status-publish","4":"format-standard","5":"has-post-thumbnail","7":"category-politica","8":"tag-manchete"},"_links":{"self":[{"href":"https:\/\/diariodoplaneta.com.br\/index.php?rest_route=\/wp\/v2\/posts\/112662","targetHints":{"allow":["GET"]}}],"collection":[{"href":"https:\/\/diariodoplaneta.com.br\/index.php?rest_route=\/wp\/v2\/posts"}],"about":[{"href":"https:\/\/diariodoplaneta.com.br\/index.php?rest_route=\/wp\/v2\/types\/post"}],"author":[{"embeddable":true,"href":"https:\/\/diariodoplaneta.com.br\/index.php?rest_route=\/wp\/v2\/users\/2"}],"replies":[{"embeddable":true,"href":"https:\/\/diariodoplaneta.com.br\/index.php?rest_route=%2Fwp%2Fv2%2Fcomments&post=112662"}],"version-history":[{"count":0,"href":"https:\/\/diariodoplaneta.com.br\/index.php?rest_route=\/wp\/v2\/posts\/112662\/revisions"}],"wp:featuredmedia":[{"embeddable":true,"href":"https:\/\/diariodoplaneta.com.br\/index.php?rest_route=\/wp\/v2\/media\/113188"}],"wp:attachment":[{"href":"https:\/\/diariodoplaneta.com.br\/index.php?rest_route=%2Fwp%2Fv2%2Fmedia&parent=112662"}],"wp:term":[{"taxonomy":"category","embeddable":true,"href":"https:\/\/diariodoplaneta.com.br\/index.php?rest_route=%2Fwp%2Fv2%2Fcategories&post=112662"},{"taxonomy":"post_tag","embeddable":true,"href":"https:\/\/diariodoplaneta.com.br\/index.php?rest_route=%2Fwp%2Fv2%2Ftags&post=112662"}],"curies":[{"name":"wp","href":"https:\/\/api.w.org\/{rel}","templated":true}]}}