{"id":112569,"date":"2023-10-25T21:41:35","date_gmt":"2023-10-26T00:41:35","guid":{"rendered":"https:\/\/diariodoplaneta.com.br\/?p=112569"},"modified":"2023-10-25T21:41:35","modified_gmt":"2023-10-26T00:41:35","slug":"forca-tarefa-buscara-asfixiar-poder-economico-de-milicianos-no-rio","status":"publish","type":"post","link":"https:\/\/diariodoplaneta.com.br\/?p=112569","title":{"rendered":"For\u00e7a-tarefa buscar\u00e1 asfixiar poder econ\u00f4mico de milicianos no Rio"},"content":{"rendered":"\n<p><br>O governo do estado do Rio de Janeiro e o Minist\u00e9rio da Justi\u00e7a e Seguran\u00e7a P\u00fablica iniciaram um trabalho conjunto para investigar a lavagem de dinheiro de organiza\u00e7\u00f5es criminosas que atuam no territ\u00f3rio fluminense, como as mil\u00edcias que promoveram atentados na zona oeste do Rio nesta semana e fac\u00e7\u00f5es do tr\u00e1fico. O objetivo \u00e9 asfixiar financeiramente esses grupos, que mant\u00eam controle sobre mais de 20% da Regi\u00e3o Metropolitana do Rio de Janeiro.&nbsp;<img decoding=\"async\" src=\"https:\/\/agenciabrasil.ebc.com.br\/ebc.png?id=1562766&amp;o=node\"><img decoding=\"async\" src=\"https:\/\/agenciabrasil.ebc.com.br\/ebc.gif?id=1562766&amp;o=node\"><\/p>\n\n\n\n<p>O secret\u00e1rio executivo do Minist\u00e9rio da Justi\u00e7a, Ricardo Cappelli, explica que a pris\u00e3o de l\u00edderes n\u00e3o \u00e9 o suficiente para impactar essas organiza\u00e7\u00f5es, que lucram com diversas atividades ilegais, o que inclui a cobran\u00e7a de taxas a moradores e at\u00e9 mesmo o controle de servi\u00e7os b\u00e1sicos como \u00e1gua e luz el\u00e9trica.<\/p>\n\n\n\n<p>\u201c\u00c9 importante prender l\u00edderes de organiza\u00e7\u00f5es criminosas? Claro que sim. Isso resolve o problema? Claro que n\u00e3o. Precisamos quebrar a espinha dorsal do crime, asfixiando as estruturas financeiras e reduzindo o seu potencial ofensivo. \u00c9 nisso que estamos trabalhando. Todos os dias\u201d, disse o secret\u00e1rio na tarde desta ter\u00e7a-feira (25), por meio da rede social X.<\/p>\n\n\n\n<p>O grupo de trabalho ter\u00e1 participa\u00e7\u00e3o de representantes de institui\u00e7\u00f5es de seguran\u00e7a e controle financeiro, como a Fazenda Estadual, o Conselho de Controle de Atividades Financeiras (Coaf) e a Secretaria Nacional de Seguran\u00e7a P\u00fablica, entre outros. O trabalho ser\u00e1 coordenado pela Casa Civil do governo do Rio. Interceptar a lavagem de dinheiro desses grupos \u00e9 considerado ponto important\u00edssimo pelo governador, Cl\u00e1udio Castro.<\/p>\n\n\n\n<p>\u201cNa semana que vem, esse grupo de trabalho j\u00e1 deve estar institu\u00eddo, come\u00e7ando a funcionar e dando continuidade a um trabalho que j\u00e1 vinha sendo desenvolvido. Queremos dar um resultado perene, que funcione, que asfixie essas m\u00e1fias e permita dar uma vida melhor para nosso povo\u201d, disse Castro.<\/p>\n\n\n\n<p>Uma opera\u00e7\u00e3o da Pol\u00edcia Civil, que terminou com a morte de um dos l\u00edderes de uma mil\u00edcia da zona oeste do Rio, acabou por evidenciar o poderio desses grupos, que promoveram uma onda de atentados na \u00faltima segunda-feira (23), incendiando 35 \u00f4nibus e um trem em sete bairros diferentes.&nbsp;<\/p>\n\n\n\n<p>Mesmo no dia seguinte aos ataques, mais de 7 mil pacientes ficaram sem atendimento m\u00e9dico por causa do fechamento de unidades de sa\u00fade e mais de 10 mil alunos de escolas municipais n\u00e3o tiveram aulas.<\/p>\n\n\n\n<p>Na ter\u00e7a-feira (24), o l\u00edder de um grupo miliciano rival foi preso. Segundo Castro, foi um \u201cgolpe duro\u201d na mil\u00edcia, porque o criminoso era operador financeiro do grupo que atua em Ramos, na zona norte da cidade.<\/p>\n\n\n\n<p><em>Fonte: Ag\u00eancia Brasil<\/em><\/p>\n","protected":false},"excerpt":{"rendered":"<p>O governo do estado do Rio de Janeiro e o Minist\u00e9rio da Justi\u00e7a e Seguran\u00e7a P\u00fablica iniciaram um trabalho conjunto para investigar a lavagem de dinheiro de organiza\u00e7\u00f5es criminosas que atuam no territ\u00f3rio fluminense, como as mil\u00edcias que promoveram atentados na zona oeste do Rio nesta semana e fac\u00e7\u00f5es do tr\u00e1fico. O objetivo \u00e9 asfixiar [&hellip;]<\/p>\n","protected":false},"author":2,"featured_media":113141,"comment_status":"open","ping_status":"open","sticky":false,"template":"","format":"standard","meta":{"footnotes":""},"categories":[25,29],"tags":[],"class_list":{"0":"post-112569","1":"post","2":"type-post","3":"status-publish","4":"format-standard","5":"has-post-thumbnail","7":"category-regional","8":"category-sudeste-regional"},"_links":{"self":[{"href":"https:\/\/diariodoplaneta.com.br\/index.php?rest_route=\/wp\/v2\/posts\/112569","targetHints":{"allow":["GET"]}}],"collection":[{"href":"https:\/\/diariodoplaneta.com.br\/index.php?rest_route=\/wp\/v2\/posts"}],"about":[{"href":"https:\/\/diariodoplaneta.com.br\/index.php?rest_route=\/wp\/v2\/types\/post"}],"author":[{"embeddable":true,"href":"https:\/\/diariodoplaneta.com.br\/index.php?rest_route=\/wp\/v2\/users\/2"}],"replies":[{"embeddable":true,"href":"https:\/\/diariodoplaneta.com.br\/index.php?rest_route=%2Fwp%2Fv2%2Fcomments&post=112569"}],"version-history":[{"count":0,"href":"https:\/\/diariodoplaneta.com.br\/index.php?rest_route=\/wp\/v2\/posts\/112569\/revisions"}],"wp:featuredmedia":[{"embeddable":true,"href":"https:\/\/diariodoplaneta.com.br\/index.php?rest_route=\/wp\/v2\/media\/113141"}],"wp:attachment":[{"href":"https:\/\/diariodoplaneta.com.br\/index.php?rest_route=%2Fwp%2Fv2%2Fmedia&parent=112569"}],"wp:term":[{"taxonomy":"category","embeddable":true,"href":"https:\/\/diariodoplaneta.com.br\/index.php?rest_route=%2Fwp%2Fv2%2Fcategories&post=112569"},{"taxonomy":"post_tag","embeddable":true,"href":"https:\/\/diariodoplaneta.com.br\/index.php?rest_route=%2Fwp%2Fv2%2Ftags&post=112569"}],"curies":[{"name":"wp","href":"https:\/\/api.w.org\/{rel}","templated":true}]}}