{"id":112275,"date":"2023-10-19T15:01:39","date_gmt":"2023-10-19T18:01:39","guid":{"rendered":"https:\/\/diariodoplaneta.com.br\/?p=112275"},"modified":"2023-10-19T15:01:39","modified_gmt":"2023-10-19T18:01:39","slug":"ministerio-lanca-edital-para-fortalecimento-do-cicloturismo-no-pais","status":"publish","type":"post","link":"https:\/\/diariodoplaneta.com.br\/?p=112275","title":{"rendered":"Minist\u00e9rio lan\u00e7a edital para fortalecimento do cicloturismo no pa\u00eds"},"content":{"rendered":"\n<p>O Minist\u00e9rio do Meio Ambiente e Mudan\u00e7a do Clima (MMA) quer firmar parcerias com estados, munic\u00edpios e o Distrito Federal para o aperfei\u00e7oamento do cicloturismo no pa\u00eds. A pasta lan\u00e7ou na quarta-feira (17) o&nbsp;<a href=\"https:\/\/www.gov.br\/mma\/pt-br\/assuntos\/noticias\/mma-lanca-edital-para-projetos-de-cicloturismo\/versao_final_edital_02_2023_aperfeicoamento_de_rotas_de_cicloturismo.pdf\" target=\"_blank\" rel=\"noreferrer noopener\">edital Aperfei\u00e7oamento de Rotas de Cicloturismo<\/a>&nbsp;para sele\u00e7\u00e3o de projetos que melhorem a infraestrutura ciclovi\u00e1ria, conectando \u00e1reas verdes, Unidades de Conserva\u00e7\u00e3o e corredores ecol\u00f3gicos. As propostas podem ser enviadas at\u00e9 o dia 5 de novembro.<img decoding=\"async\" src=\"https:\/\/agenciabrasil.ebc.com.br\/ebc.png?id=1561747&amp;o=node\"><img decoding=\"async\" src=\"https:\/\/agenciabrasil.ebc.com.br\/ebc.gif?id=1561747&amp;o=node\"><\/p>\n\n\n\n<p>O cicloturismo \u00e9 uma atividade que faz parte do turismo de natureza, envolvendo a explora\u00e7\u00e3o de \u00e1reas urbanas e rurais por meio de bicicletas, ao mesmo tempo em que reduz emiss\u00f5es de poluentes. Al\u00e9m disso, a atividade propicia aos munic\u00edpios a cria\u00e7\u00e3o, oficializa\u00e7\u00e3o e promo\u00e7\u00e3o de seus roteiros, com baixo investimento.<\/p>\n\n\n\n<p>No total, ser\u00e3o disponibilizados R$ 2 milh\u00f5es para apoio de at\u00e9 dez iniciativas, que devem ter valor m\u00ednimo de R$ 200 mil e prazo de execu\u00e7\u00e3o de 18 meses a 24 meses, com possibilidade de amplia\u00e7\u00e3o do valor total, havendo disponibilidade or\u00e7ament\u00e1ria.<\/p>\n\n\n\n<p>O minist\u00e9rio informou que, al\u00e9m de estados, munic\u00edpios e o DF, cons\u00f3rcios p\u00fablicos intermunicipais tamb\u00e9m podem participar, desde que atuem em \u00e1reas de interesse ambiental ou na promo\u00e7\u00e3o do turismo.<\/p>\n\n\n\n<p>Segundo o MMA, os projetos dever\u00e3o ter como objeto a \u201cconex\u00e3o de \u00e1reas verdes, fragmentos de vegeta\u00e7\u00e3o nativa, Unidades de Conserva\u00e7\u00e3o e corredores ecol\u00f3gicos, bem como a melhoria da infraestrutura verde, por meio da pr\u00e1tica do cicloturismo de forma integrada a iniciativas de melhoria da infraestrutura ciclovi\u00e1ria, com implementa\u00e7\u00e3o de sinaliza\u00e7\u00e3o, mobili\u00e1rio de apoio, estrat\u00e9gias de divulga\u00e7\u00e3o, inclusive por meio de s\u00edtios eletr\u00f4nicos, e capacita\u00e7\u00e3o da cadeia produtiva aliada \u00e0s rotas de cicloturismo\u201d.<\/p>\n\n\n\n<p>Para tanto, eles dever\u00e3o cumprir duas metas, que s\u00e3o o aperfei\u00e7oamento das rotas de cicloturismo, com aquisi\u00e7\u00e3o de equipamentos e contrata\u00e7\u00e3o de servi\u00e7os, entre outras a\u00e7\u00f5es; e a elabora\u00e7\u00e3o ou aperfei\u00e7oamento de planos de comunica\u00e7\u00e3o de rotas j\u00e1 existentes, com estrat\u00e9gias para divulgar as rotas, detalhamento de informa\u00e7\u00f5es on-line e a\u00e7\u00f5es para prestadores de servi\u00e7o que atuam na regi\u00e3o.<\/p>\n\n\n\n<p>Segundo o secret\u00e1rio nacional de Meio Ambiente Urbano e Qualidade Ambiental, Adalberto Maluf, a iniciativa tem potencial para contribuir para o desenvolvimento local e regional.<\/p>\n\n\n\n<blockquote class=\"wp-block-quote is-layout-flow wp-block-quote-is-layout-flow\">\n<p>\u201cO MMA quer estimular a conex\u00e3o das pessoas com a natureza e quer estimular oportunidades para a gera\u00e7\u00e3o de empregos e novos neg\u00f3cios com o uso sustent\u00e1vel das nossas riquezas ambientais. Acreditamos que cicloturismo \u00e9 uma importante ferramenta para ampliar as infraestruturas verdes, aproximar a popula\u00e7\u00e3o dos corredores ecol\u00f3gicos e das \u00e1reas verdes, e assim, conscientizar a popula\u00e7\u00e3o da import\u00e2ncia da preserva\u00e7\u00e3o do meio ambiente e da pr\u00e1tica de esportes ao ar livre\u201d, disse.<\/p>\n<\/blockquote>\n\n\n\n<p>As propostas selecionadas dever\u00e3o apresentar contrapartida financeira, conforme tabela definida pela Lei de Diretrizes Or\u00e7ament\u00e1rias no ano em que o instrumento de repasse for firmado.<\/p>\n\n\n\n<p><em>Fonte: Ag\u00eancia Brasil<\/em><\/p>\n","protected":false},"excerpt":{"rendered":"<p>O Minist\u00e9rio do Meio Ambiente e Mudan\u00e7a do Clima (MMA) quer firmar parcerias com estados, munic\u00edpios e o Distrito Federal para o aperfei\u00e7oamento do cicloturismo no pa\u00eds. A pasta lan\u00e7ou na quarta-feira (17) o&nbsp;edital Aperfei\u00e7oamento de Rotas de Cicloturismo&nbsp;para sele\u00e7\u00e3o de projetos que melhorem a infraestrutura ciclovi\u00e1ria, conectando \u00e1reas verdes, Unidades de Conserva\u00e7\u00e3o e corredores [&hellip;]<\/p>\n","protected":false},"author":2,"featured_media":113005,"comment_status":"open","ping_status":"open","sticky":false,"template":"","format":"standard","meta":{"footnotes":""},"categories":[16],"tags":[],"class_list":{"0":"post-112275","1":"post","2":"type-post","3":"status-publish","4":"format-standard","5":"has-post-thumbnail","7":"category-esportes"},"_links":{"self":[{"href":"https:\/\/diariodoplaneta.com.br\/index.php?rest_route=\/wp\/v2\/posts\/112275","targetHints":{"allow":["GET"]}}],"collection":[{"href":"https:\/\/diariodoplaneta.com.br\/index.php?rest_route=\/wp\/v2\/posts"}],"about":[{"href":"https:\/\/diariodoplaneta.com.br\/index.php?rest_route=\/wp\/v2\/types\/post"}],"author":[{"embeddable":true,"href":"https:\/\/diariodoplaneta.com.br\/index.php?rest_route=\/wp\/v2\/users\/2"}],"replies":[{"embeddable":true,"href":"https:\/\/diariodoplaneta.com.br\/index.php?rest_route=%2Fwp%2Fv2%2Fcomments&post=112275"}],"version-history":[{"count":0,"href":"https:\/\/diariodoplaneta.com.br\/index.php?rest_route=\/wp\/v2\/posts\/112275\/revisions"}],"wp:featuredmedia":[{"embeddable":true,"href":"https:\/\/diariodoplaneta.com.br\/index.php?rest_route=\/wp\/v2\/media\/113005"}],"wp:attachment":[{"href":"https:\/\/diariodoplaneta.com.br\/index.php?rest_route=%2Fwp%2Fv2%2Fmedia&parent=112275"}],"wp:term":[{"taxonomy":"category","embeddable":true,"href":"https:\/\/diariodoplaneta.com.br\/index.php?rest_route=%2Fwp%2Fv2%2Fcategories&post=112275"},{"taxonomy":"post_tag","embeddable":true,"href":"https:\/\/diariodoplaneta.com.br\/index.php?rest_route=%2Fwp%2Fv2%2Ftags&post=112275"}],"curies":[{"name":"wp","href":"https:\/\/api.w.org\/{rel}","templated":true}]}}