{"id":112256,"date":"2023-10-19T11:59:05","date_gmt":"2023-10-19T14:59:05","guid":{"rendered":"https:\/\/diariodoplaneta.com.br\/?p=112256"},"modified":"2023-10-19T11:59:05","modified_gmt":"2023-10-19T14:59:05","slug":"militares-dos-estados-unidos-serao-treinados-na-amazonia","status":"publish","type":"post","link":"https:\/\/diariodoplaneta.com.br\/?p=112256","title":{"rendered":"Militares dos Estados Unidos ser\u00e3o treinados na Amaz\u00f4nia"},"content":{"rendered":"\n<p>O presidente Luiz In\u00e1cio Lula da Silva autorizou a entrada no Brasil de um grupo de 294 militares das for\u00e7as dos Estados Unidos da Am\u00e9rica (EUA) para participar de exerc\u00edcio combinado com o Ex\u00e9rcito brasileiro, na Amaz\u00f4nia Oriental. O decreto foi publicado nesta quinta-feira (19) no&nbsp;<a href=\"https:\/\/in.gov.br\/en\/web\/dou\/-\/decreto-n-11.737-de-18-de-outubro-de-2023-517305806\" target=\"_blank\" rel=\"noreferrer noopener\"><em>Di\u00e1rio Oficial da Uni\u00e3o<\/em><\/a>.<img decoding=\"async\" src=\"https:\/\/agenciabrasil.ebc.com.br\/ebc.png?id=1561676&amp;o=node\"><img decoding=\"async\" src=\"https:\/\/agenciabrasil.ebc.com.br\/ebc.gif?id=1561676&amp;o=node\"><\/p>\n\n\n\n<p>As atividades ocorrer\u00e3o&nbsp;no per\u00edodo de 24 de outubro a 20 de novembro&nbsp;em Bel\u00e9m, no Par\u00e1, e nos munic\u00edpios de Ferreira Gomes, Oiapoque e Macap\u00e1, no Amap\u00e1. A Opera\u00e7\u00e3o Core 23 (Combined Operation and Rotation Exercise) \u00e9 parte de um acordo de coopera\u00e7\u00e3o em mat\u00e9ria de defesa, estabelecido desde 2015 entre os governos dos dois pa\u00edses.<\/p>\n\n\n\n<p>Al\u00e9m do contingente de militares, os norte-americanos entrar\u00e3o no pa\u00eds com armamentos, acess\u00f3rios, sensores, sistemas eletr\u00f4nicos e dispositivos \u00f3pticos, equipamentos de comando, controle e comunica\u00e7\u00e3o.<\/p>\n\n\n\n<p>Em maio, uma comitiva de militares norte-americanos visitou o Comando Militar do Norte (CMN) para avaliar as condi\u00e7\u00f5es estruturais&nbsp;e de suprimentos relacionados \u00e0 sa\u00fade e alimenta\u00e7\u00e3o desses. Na \u00e9poca, foram avaliados o 2\u00ba Batalh\u00e3o de Infantaria de Selva e da 2\u00aa Companhia de Suprimento do 8\u00ba Dep\u00f3sito de Suprimento, em Bel\u00e9m; a Companhia Especial de Fronteira de Clevel\u00e2ndia do Norte, no Oiapoque, e o 34\u00b0 Batalh\u00e3o de Infantaria de Selva, em Macap\u00e1.<\/p>\n\n\n\n<p>De acordo com o Ex\u00e9rcito Brasileiro, durante a Opera\u00e7\u00e3o Core 23&nbsp;as duas for\u00e7as militares pretendem fazer&nbsp;interc\u00e2mbio de experi\u00eancias sobre t\u00e9cnicas, t\u00e1ticas e procedimentos de defesa. O principal objetivo do exerc\u00edcio \u00e9 promover a integra\u00e7\u00e3o e estreitar a coopera\u00e7\u00e3o militar entre os pa\u00edses.<\/p>\n\n\n<div class=\"wp-block-image\">\n<figure class=\"aligncenter is-resized\"><img decoding=\"async\" src=\"https:\/\/imagens.ebc.com.br\/NZlE0RnROGbx2u2R6YTrfvSA32I=\/754x0\/smart\/https:\/\/agenciabrasil.ebc.com.br\/sites\/default\/files\/thumbnails\/image\/alta_article_jv.jpeg?itok=PiPMKHEM\" alt=\"Exerc\u00edcios internacionais mostram capacidade operacional e de colabora\u00e7\u00e3o do Ex\u00e9rcito Brasileiro. Foto: CCOMSEx\" style=\"aspect-ratio:1.50199203187251;width:637px;height:auto\" title=\"CCOMSEx\"\/><\/figure>\n<\/div>\n\n\n<h2 class=\"wp-block-heading\">Exerc\u00edcios internacionais<\/h2>\n\n\n\n<p>Desde o in\u00edcio deste ano, o Ex\u00e9rcito tem promovido opera\u00e7\u00f5es combinadas com as for\u00e7as militares de outros pa\u00edses como a participa\u00e7\u00e3o na Opera\u00e7\u00e3o Fer de Lance, em mar\u00e7o, promovida pela For\u00e7a Armada Francesa. O exerc\u00edcio reuniu, na Guiana Francesa, o&nbsp;Ex\u00e9rcito, a Marinha e Aeron\u00e1utica do Brasil, Suriname e da Guiana.<\/p>\n\n\n\n<p>Na Argentina, a Opera\u00e7\u00e3o Arandu reuniu os ex\u00e9rcitos dos dois pa\u00edses no Campo de Instru\u00e7\u00e3o General \u00c1valos, em Monte Caseros. Nos meses de julho e agosto, as tropas de opera\u00e7\u00f5es especiais, paraquedistas, aerom\u00f3veis e blindadas trocaram experi\u00eancias militares em planejamento de Estado-Maior.<\/p>\n\n\n\n<p>A \u00faltima opera\u00e7\u00e3o internacional antes da Core 23 foi a Paran\u00e1 III, que reuniu militares de 15 pa\u00edses no Brasil, para exerc\u00edcio de ajuda humanit\u00e1ria. O treinamento teve foco no esfor\u00e7o internacional para medidas de atendimento m\u00e9dico em hospital de campanha, resgate a\u00e9reo e fluvial, \u00e1reas de deslizamento com v\u00edtimas, entrega de suprimentos em \u00e1reas de desastre.<\/p>\n\n\n\n<p>Fonte; Ag\u00eancia Brasil<\/p>\n","protected":false},"excerpt":{"rendered":"<p>O presidente Luiz In\u00e1cio Lula da Silva autorizou a entrada no Brasil de um grupo de 294 militares das for\u00e7as dos Estados Unidos da Am\u00e9rica (EUA) para participar de exerc\u00edcio combinado com o Ex\u00e9rcito brasileiro, na Amaz\u00f4nia Oriental. O decreto foi publicado nesta quinta-feira (19) no&nbsp;Di\u00e1rio Oficial da Uni\u00e3o. As atividades ocorrer\u00e3o&nbsp;no per\u00edodo de 24 [&hellip;]<\/p>\n","protected":false},"author":2,"featured_media":112999,"comment_status":"open","ping_status":"open","sticky":false,"template":"","format":"standard","meta":{"footnotes":""},"categories":[5],"tags":[],"class_list":{"0":"post-112256","1":"post","2":"type-post","3":"status-publish","4":"format-standard","5":"has-post-thumbnail","7":"category-geral"},"_links":{"self":[{"href":"https:\/\/diariodoplaneta.com.br\/index.php?rest_route=\/wp\/v2\/posts\/112256","targetHints":{"allow":["GET"]}}],"collection":[{"href":"https:\/\/diariodoplaneta.com.br\/index.php?rest_route=\/wp\/v2\/posts"}],"about":[{"href":"https:\/\/diariodoplaneta.com.br\/index.php?rest_route=\/wp\/v2\/types\/post"}],"author":[{"embeddable":true,"href":"https:\/\/diariodoplaneta.com.br\/index.php?rest_route=\/wp\/v2\/users\/2"}],"replies":[{"embeddable":true,"href":"https:\/\/diariodoplaneta.com.br\/index.php?rest_route=%2Fwp%2Fv2%2Fcomments&post=112256"}],"version-history":[{"count":0,"href":"https:\/\/diariodoplaneta.com.br\/index.php?rest_route=\/wp\/v2\/posts\/112256\/revisions"}],"wp:featuredmedia":[{"embeddable":true,"href":"https:\/\/diariodoplaneta.com.br\/index.php?rest_route=\/wp\/v2\/media\/112999"}],"wp:attachment":[{"href":"https:\/\/diariodoplaneta.com.br\/index.php?rest_route=%2Fwp%2Fv2%2Fmedia&parent=112256"}],"wp:term":[{"taxonomy":"category","embeddable":true,"href":"https:\/\/diariodoplaneta.com.br\/index.php?rest_route=%2Fwp%2Fv2%2Fcategories&post=112256"},{"taxonomy":"post_tag","embeddable":true,"href":"https:\/\/diariodoplaneta.com.br\/index.php?rest_route=%2Fwp%2Fv2%2Ftags&post=112256"}],"curies":[{"name":"wp","href":"https:\/\/api.w.org\/{rel}","templated":true}]}}