{"id":112060,"date":"2023-10-17T09:48:08","date_gmt":"2023-10-17T12:48:08","guid":{"rendered":"https:\/\/diariodoplaneta.com.br\/?p=112060"},"modified":"2023-10-17T09:48:08","modified_gmt":"2023-10-17T12:48:08","slug":"conflito-no-oriente-medio-e-recorrente-em-questoes-do-enem","status":"publish","type":"post","link":"https:\/\/diariodoplaneta.com.br\/?p=112060","title":{"rendered":"Conflito no Oriente M\u00e9dio \u00e9 recorrente em quest\u00f5es do Enem"},"content":{"rendered":"\n<p><br>O conflito entre Israel e Hamas e o contexto da guerra no Oriente M\u00e9dio foram assuntos abordados em edi\u00e7\u00f5es de anos anteriores do Exame Nacional do Ensino M\u00e9dio (Enem). As quest\u00f5es foram cobradas nas provas de ci\u00eancias humanas e tamb\u00e9m de linguagens com textos em ingl\u00eas e espanhol sobre o assunto.<img decoding=\"async\" src=\"https:\/\/agenciabrasil.ebc.com.br\/ebc.png?id=1561164&amp;o=node\"><img decoding=\"async\" src=\"https:\/\/agenciabrasil.ebc.com.br\/ebc.gif?id=1561164&amp;o=node\"><\/p>\n\n\n\n<p>A&nbsp;<strong>Ag\u00eancia Brasil<\/strong>&nbsp;reuniu essas quest\u00f5es e os respectivos gabaritos. As provas na \u00edntegra, assim como as respostas corretas,&nbsp;<a href=\"https:\/\/www.gov.br\/inep\/pt-br\/areas-de-atuacao\/avaliacao-e-exames-educacionais\/enem\/provas-e-gabaritos\" target=\"_blank\" rel=\"noreferrer noopener\">podem ser acessadas no&nbsp;<em>site<\/em><\/a>&nbsp;do Instituto Nacional de Estudos e Pesquisas Educacionais An\u00edsio Teixeira (Inep). Foram consideradas tanto as aplica\u00e7\u00f5es regulares quanto o Enem voltado para adultos privados de liberdade e jovens sob medida socioeducativa que inclua priva\u00e7\u00e3o de liberdade, o chamado Enem PPL. &nbsp;<\/p>\n\n\n\n<p>Em 2013, uma quest\u00e3o do Enem regular abordou uma mudan\u00e7a realizada pelo Google que passava a exibir o termo Palestina ao inv\u00e9s de territ\u00f3rios palestinos quando a p\u00e1gina era acessada da Cisjord\u00e2nia. A pergunta era sobre o motivo da altera\u00e7\u00e3o e a resposta correta foi a letra D: \u201creconhecimento de uma autoridade jur\u00eddica\u201d.<\/p>\n\n\n<div class=\"wp-block-image\">\n<figure class=\"aligncenter is-resized\"><img decoding=\"async\" src=\"https:\/\/imagens.ebc.com.br\/OUg_5nlioDH4mWxVdbW-qGkMEGA=\/463x0\/smart\/https:\/\/agenciabrasil.ebc.com.br\/sites\/default\/files\/thumbnails\/image\/enem2013.jpg?itok=uBMyUk10\" alt=\"Bras\u00edlia (DF) - 17\/10\/2023- Conflito no Oriente M\u00e9dio aparece em quest\u00f5es do Enem\nFoto: Print\/Divulga\u00e7\u00e3o\" style=\"aspect-ratio:1.1575;width:475px;height:auto\" title=\"Print\/Divulga\u00e7\u00e3o\"\/><\/figure>\n<\/div>\n\n\n<p>Em 2016, uma&nbsp;<a href=\"https:\/\/download.inep.gov.br\/educacao_basica\/enem\/provas\/2016\/2016_PV_reaplicacao_PPL_D1_CD9.pdf\" target=\"_blank\" rel=\"noreferrer noopener\">quest\u00e3o do primeiro dia do Enem PPL<\/a>&nbsp;trazia dois trechos de textos sobre o que ocorreu no territ\u00f3rio entre as duas Grandes Guerras Mundiais. Um deles abordava o crescimento da imigra\u00e7\u00e3o judaica entre 1931 e 1935 para a Palestina, per\u00edodo em que essa popula\u00e7\u00e3o passou de 10% para mais de 30% da popula\u00e7\u00e3o local. O outro texto tratava do papel da Gr\u00e3-Bretanha no contexto local. A resposta correta \u00e9 a letra A: \u201ccria\u00e7\u00e3o de um Estado aliado\u201d. [LINK: ] &nbsp;<\/p>\n\n\n<div class=\"wp-block-image\">\n<figure class=\"aligncenter is-resized\"><img decoding=\"async\" src=\"https:\/\/imagens.ebc.com.br\/7apwHorRsm-p79J7G4NceKgzL_c=\/463x0\/smart\/https:\/\/agenciabrasil.ebc.com.br\/sites\/default\/files\/thumbnails\/image\/enem2016.jpg?itok=46ikqpHc\" alt=\"Bras\u00edlia (DF) - 17\/10\/2023- Conflito no Oriente M\u00e9dio aparece em quest\u00f5es do Enem\nFoto: Print\/Divulga\u00e7\u00e3o\" style=\"aspect-ratio:0.7337559429477021;width:463px;height:auto\" title=\"Print\/Divulga\u00e7\u00e3o\"\/><\/figure>\n<\/div>\n\n\n<p>No segundo dia de aplica\u00e7\u00e3o do&nbsp;<a href=\"https:\/\/download.inep.gov.br\/educacao_basica\/enem\/provas\/2016\/2016_PV_reaplicacao_PPL_D2_CD13.pdf\" target=\"_blank\" rel=\"noreferrer noopener\">Enem PPL do mesmo ano<\/a>, tamb\u00e9m havia, na prova de espanhol, uma quest\u00e3o que abordava a situa\u00e7\u00e3o na regi\u00e3o. Um texto tratava das circunst\u00e2ncias em que ocorreu a primeira maratona realizada na Cisjord\u00e2nia. A maioria (70%) dos envolvidos na corrida eram palestinos, que propuseram um lema e confeccionaram faixas. A quest\u00e3o 91 tratava da reivindica\u00e7\u00e3o dos corredores e a resposta correta era a letra E: &#8220;liberdade de ir e vir e de praticar esportes&#8221;.<\/p>\n\n\n<div class=\"wp-block-image\">\n<figure class=\"aligncenter\"><img decoding=\"async\" src=\"https:\/\/imagens.ebc.com.br\/C0jpk-jCe-mlqYj1u-PzfjR4IbQ=\/463x0\/smart\/https:\/\/agenciabrasil.ebc.com.br\/sites\/default\/files\/thumbnails\/image\/enem20162.jpg?itok=WFIcTnxc\" alt=\"Bras\u00edlia (DF) - 17\/10\/2023- Conflito no Oriente M\u00e9dio aparece em quest\u00f5es do Enem\nFoto: Print\/Divulga\u00e7\u00e3o\" title=\"Print\/Divulga\u00e7\u00e3o\"\/><\/figure>\n<\/div>\n\n\n<p>Em 2017, a&nbsp;<a href=\"https:\/\/download.inep.gov.br\/educacao_basica\/enem\/provas\/2017\/cad_2_prova_amarelo_5112017.pdf\" target=\"_blank\" rel=\"noreferrer noopener\">prova de ingl\u00eas<\/a>&nbsp;trazia um trecho de um guia tur\u00edstico de Israel, que abordava quest\u00f5es culturais e religiosas locais. O texto tratava tamb\u00e9m das diverg\u00eancias entre os habitantes sobre as formas de conduzir a pol\u00edtica do pa\u00eds. A quest\u00e3o 01 perguntava sobre qual era o conte\u00fado do guia tur\u00edstico e a resposta correta foi a letra E: \u201capresenta aspectos gerais da cultura do pa\u00eds para continuar a atrair turistas estrangeiro\u201d.&nbsp;&nbsp;<\/p>\n\n\n<div class=\"wp-block-image\">\n<figure class=\"aligncenter\"><img decoding=\"async\" src=\"https:\/\/imagens.ebc.com.br\/fshrrTlNOneQZe9UySFv8hsgVXM=\/463x0\/smart\/https:\/\/agenciabrasil.ebc.com.br\/sites\/default\/files\/thumbnails\/image\/enem2017.jpg?itok=gymasW5l\" alt=\"Bras\u00edlia (DF) - 17\/10\/2023- Conflito no Oriente M\u00e9dio aparece em quest\u00f5es do Enem\nFoto: Print\/Divulga\u00e7\u00e3o\" title=\"Print\/Divulga\u00e7\u00e3o\"\/><\/figure>\n<\/div>\n\n\n<p>Em 2018, uma quest\u00e3o do&nbsp;<a href=\"https:\/\/download.inep.gov.br\/educacao_basica\/enem\/provas\/2018\/2018_PV_impresso_D1_CD1.pdf\" target=\"_blank\" rel=\"noreferrer noopener\">Enem regular<\/a>&nbsp;afirmava que, desde 1967, a esquerda sionista defendia que Israel se desfizesse da Cisjord\u00e2nia e da Faixa de Gaza, devido \u00e0 taxa de nascimento \u00e1rabe ser muito mais elevada. A quest\u00e3o 62 abordava qual seria a preocupa\u00e7\u00e3o apresentada no texto e a resposta correta era a letra B: \u201cbusca da preemin\u00eancia \u00e9tnica sobre o espa\u00e7o nacional\u201d.&nbsp;&nbsp;<\/p>\n\n\n<div class=\"wp-block-image\">\n<figure class=\"aligncenter\"><img decoding=\"async\" src=\"https:\/\/imagens.ebc.com.br\/hpgc3w3lCIW3VCBhsEXj5oCzNLs=\/463x0\/smart\/https:\/\/agenciabrasil.ebc.com.br\/sites\/default\/files\/thumbnails\/image\/enem2018.jpg?itok=VgV175Uc\" alt=\"Bras\u00edlia (DF) - 17\/10\/2023- Conflito no Oriente M\u00e9dio aparece em quest\u00f5es do Enem\nFoto: Print\/Divulga\u00e7\u00e3o\" title=\"Print\/Divulga\u00e7\u00e3o\"\/><\/figure>\n<\/div>\n\n\n<p>Em 2019, o Enem PPL trouxe dois mapas que mostravam a Palestina, o Estado Judeu e \u00e1reas de controle internacional, tanto em 1947, quanto em 2013. Uma representa\u00e7\u00e3o, em imagens, do conflito geopol\u00edtico. A quest\u00e3o 57 abordava o que buscavam as for\u00e7as envolvidas no conflito nos per\u00edodos retratados e a resposta foi a letra A: \u201cgarantir a posse territorial\u201d.<\/p>\n\n\n<div class=\"wp-block-image\">\n<figure class=\"aligncenter\"><img decoding=\"async\" src=\"https:\/\/imagens.ebc.com.br\/A_QMCaOrEb7ckHEyL5z2dgQXXDc=\/463x0\/smart\/https:\/\/agenciabrasil.ebc.com.br\/sites\/default\/files\/thumbnails\/image\/enem2019.jpg?itok=BhHZT5cA\" alt=\"Bras\u00edlia (DF) - 17\/10\/2023- Conflito no Oriente M\u00e9dio aparece em quest\u00f5es do Enem\nFoto: Print\/Divulga\u00e7\u00e3o\" title=\"Print\/Divulga\u00e7\u00e3o\"\/><\/figure>\n<\/div>\n\n\n<h2 class=\"wp-block-heading\">Tema frequente<\/h2>\n\n\n\n<p>Professores entrevistados pela&nbsp;<strong>Ag\u00eancia Brasil<\/strong>&nbsp;dizem que este \u00e9 um tema que aparece com certa frequ\u00eancia no Enem.<\/p>\n\n\n\n<p>\u201c\u00c9 um tema que \u00e9 recorrente porque se encaixa em muitas das habilidades que a prova de humanas cobra, como estados nacionais, rela\u00e7\u00e3o de cidadania e democracia, habilidade de interpreta\u00e7\u00e3o de fontes cartogr\u00e1ficas, mapas. Como \u00e9 um conte\u00fado que pode ser abordado de m\u00faltiplas formas, acaba sendo alvo de muitas quest\u00f5es\u201d, diz o professor de hist\u00f3ria do col\u00e9gio Mopi, no Rio de Janeiro, Rafael Duarte. &nbsp;<\/p>\n\n\n\n<p>\u201c\u00c9 um tema muito recorrente, tanto no Enem como nas universidades estaduais. Quando se fala em conflitos sempre se pega muito essa quest\u00e3o de Israel, Palestina e da Faixa de Gaza, porque al\u00e9m de fatores pol\u00edticos em rela\u00e7\u00e3o \u00e0 ocupa\u00e7\u00e3o desses espa\u00e7os, tem o fator econ\u00f4mico e tamb\u00e9m o religioso\u201d, complementa a diretora da Escola de Refer\u00eancia em Ensino M\u00e9dio (Erem) Escritor Paulo Cavalcanti, em Olinda (PE) e professora de geografia da Escola Estadual S\u00e3o Jos\u00e9, em Paulista (PE), Patr\u00edcia Mesquita. &nbsp;<\/p>\n\n\n\n<p>A professora ressalta que conhecer as quest\u00f5es de exames anteriores pode ajudar os estudantes a resolver as quest\u00f5es neste ano. \u201cAgora, com a proximidade do exame, \u00e9 rever as quest\u00f5es [de provas] anteriores, que falem desses conflitos n\u00e3o apenas no Enem, mas outras universidades\u201d, recomenda. &nbsp;<\/p>\n\n\n\n<p>Desde o dia 7, notici\u00e1rios de todo o mundo colocam em destaque a guerra entre Israel e Hamas. O conflito se acirrou ap\u00f3s um&nbsp;<a href=\"https:\/\/agenciabrasil.ebc.com.br\/internacional\/noticia\/2023-10\/pesquisadores-criticam-invisibilidade-de-palestinos-no-noticiario\" target=\"_blank\" rel=\"noreferrer noopener\">ataque do grupo isl\u00e2mico<\/a>&nbsp;Hamas contra comunidades israelenses pr\u00f3ximas \u00e0 Faixa de Gaza.&nbsp;<\/p>\n\n\n\n<p>A guerra entre Israel e Hamas&nbsp;<a href=\"https:\/\/agenciabrasil.ebc.com.br\/internacional\/noticia\/2023-10\/israel-hamas-palestina-entenda-guerra-no-oriente-medio\" target=\"_blank\" rel=\"noreferrer noopener\">tem origem na disputa por territ\u00f3rios<\/a>&nbsp;que j\u00e1 foram ocupados por diversos povos, como hebreus e filisteus, dos quais descendem israelenses e palestinos. Em diferentes momentos, guerras e ocupa\u00e7\u00f5es, eles foram expulsos, retomaram terras, ampliaram e as perderam.<\/p>\n\n\n\n<p>O Enem 2023 ser\u00e1 aplicado nos dias 5 e 12 de novembro. As notas das provas podem ser usadas para concorrer a vagas no ensino superior p\u00fablico, pelo Sistema de Sele\u00e7\u00e3o Unificada (Sisu), a bolsas de estudo em institui\u00e7\u00f5es privadas de ensino superior pelo Programa Universidade para Todos (ProUni) e a financiamentos do Fundo de Financiamento Estudantil (Fies). Al\u00e9m de aplicar para vagas em institui\u00e7\u00f5es estrangeiras que&nbsp;<a href=\"https:\/\/www.gov.br\/inep\/pt-br\/areas-de-atuacao\/avaliacao-e-exames-educacionais\/enem\/enem-portugal\">t\u00eam conv\u00eanio com o Inep<\/a>.&nbsp;<\/p>\n\n\n\n<p>Fonte: Ag\u00eancia Brasil<\/p>\n","protected":false},"excerpt":{"rendered":"<p>O conflito entre Israel e Hamas e o contexto da guerra no Oriente M\u00e9dio foram assuntos abordados em edi\u00e7\u00f5es de anos anteriores do Exame Nacional do Ensino M\u00e9dio (Enem). As quest\u00f5es foram cobradas nas provas de ci\u00eancias humanas e tamb\u00e9m de linguagens com textos em ingl\u00eas e espanhol sobre o assunto. A&nbsp;Ag\u00eancia Brasil&nbsp;reuniu essas quest\u00f5es [&hellip;]<\/p>\n","protected":false},"author":2,"featured_media":112940,"comment_status":"open","ping_status":"open","sticky":false,"template":"","format":"standard","meta":{"footnotes":""},"categories":[5],"tags":[],"class_list":{"0":"post-112060","1":"post","2":"type-post","3":"status-publish","4":"format-standard","5":"has-post-thumbnail","7":"category-geral"},"_links":{"self":[{"href":"https:\/\/diariodoplaneta.com.br\/index.php?rest_route=\/wp\/v2\/posts\/112060","targetHints":{"allow":["GET"]}}],"collection":[{"href":"https:\/\/diariodoplaneta.com.br\/index.php?rest_route=\/wp\/v2\/posts"}],"about":[{"href":"https:\/\/diariodoplaneta.com.br\/index.php?rest_route=\/wp\/v2\/types\/post"}],"author":[{"embeddable":true,"href":"https:\/\/diariodoplaneta.com.br\/index.php?rest_route=\/wp\/v2\/users\/2"}],"replies":[{"embeddable":true,"href":"https:\/\/diariodoplaneta.com.br\/index.php?rest_route=%2Fwp%2Fv2%2Fcomments&post=112060"}],"version-history":[{"count":0,"href":"https:\/\/diariodoplaneta.com.br\/index.php?rest_route=\/wp\/v2\/posts\/112060\/revisions"}],"wp:featuredmedia":[{"embeddable":true,"href":"https:\/\/diariodoplaneta.com.br\/index.php?rest_route=\/wp\/v2\/media\/112940"}],"wp:attachment":[{"href":"https:\/\/diariodoplaneta.com.br\/index.php?rest_route=%2Fwp%2Fv2%2Fmedia&parent=112060"}],"wp:term":[{"taxonomy":"category","embeddable":true,"href":"https:\/\/diariodoplaneta.com.br\/index.php?rest_route=%2Fwp%2Fv2%2Fcategories&post=112060"},{"taxonomy":"post_tag","embeddable":true,"href":"https:\/\/diariodoplaneta.com.br\/index.php?rest_route=%2Fwp%2Fv2%2Ftags&post=112060"}],"curies":[{"name":"wp","href":"https:\/\/api.w.org\/{rel}","templated":true}]}}