{"id":111762,"date":"2023-10-11T16:35:39","date_gmt":"2023-10-11T19:35:39","guid":{"rendered":"https:\/\/diariodoplaneta.com.br\/?p=111762"},"modified":"2023-10-11T16:35:39","modified_gmt":"2023-10-11T19:35:39","slug":"repatriados-manifestam-alivio-ao-pisar-em-solo-brasileiro","status":"publish","type":"post","link":"https:\/\/diariodoplaneta.com.br\/?p=111762","title":{"rendered":"Repatriados manifestam al\u00edvio ao pisar em solo brasileiro"},"content":{"rendered":"\n<p>O sentimento \u00e9 de al\u00edvio ao pisar em solo brasileiro ap\u00f3s 14 horas de viagem deixando para tr\u00e1s a inseguran\u00e7a de uma zona de guerra. Esse \u00e9 o relato geral dos brasileiros que desembarcaram nesta quarta-feira (11) na Base A\u00e9rea de Bras\u00edlia, vindos de Tel Aviv, Israel, em voo da&nbsp;<a href=\"https:\/\/agenciabrasil.ebc.com.br\/internacional\/noticia\/2023-10\/chega-brasilia-primeiro-aviao-trazendo-brasileiros-de-israel\" target=\"_blank\" rel=\"noreferrer noopener\">For\u00e7a A\u00e9rea Brasileira<\/a>&nbsp;(FAB).<img decoding=\"async\" src=\"https:\/\/agenciabrasil.ebc.com.br\/ebc.png?id=1560290&amp;o=node\"><img decoding=\"async\" src=\"https:\/\/agenciabrasil.ebc.com.br\/ebc.gif?id=1560290&amp;o=node\"><\/p>\n\n\n\n<p>Wanderl\u00facia Ros\u00e1rio Carneiro, de 59 anos, abra\u00e7ou longamente as filhas que a aguardavam ansiosas no sagu\u00e3o do aeroporto. Emocionada, ela contou que, inicialmente, foram informados que a situa\u00e7\u00e3o seria passageira, mas que ficou mais s\u00e9rio do que os pr\u00f3prios israelenses imaginavam.\u00a0 \u201cA not\u00edcia nos pegou no meio da estrada\u201d, disse ela, que estava em um grupo de fi\u00e9is em visita\u00e7\u00e3o \u00e0 regi\u00e3o.<\/p>\n\n\n<div class=\"wp-block-image\">\n<figure class=\"aligncenter size-full is-resized\"><img loading=\"lazy\" loading=\"lazy\" decoding=\"async\" src=\"https:\/\/diariodoplaneta.com.br\/wp-content\/uploads\/2023\/10\/image-6.png\" alt=\"\" class=\"wp-image-111763\" style=\"width:485px;height:323px\" width=\"485\" height=\"323\"\/><\/figure>\n<\/div>\n\n\n<p>O governo federal mobilizou a repatria\u00e7\u00e3o dos brasileiros devido ao&nbsp;<a href=\"https:\/\/agenciabrasil.ebc.com.br\/internacional\/noticia\/2023-10\/entenda-quais-regioes-envolvidas-na-guerra-no-oriente-medio\" target=\"_blank\" rel=\"noreferrer noopener\">confronto iniciado no \u00faltimo fim de semana<\/a>&nbsp;entre Israel e o grupo Hamas, no Oriente M\u00e9dio. Segundo os relatos, h\u00e1 tumulto no aeroporto, com estrangeiros tentando sair do pa\u00eds, mas sem voos e resgate para todos.<\/p>\n\n\n\n<p>A orienta\u00e7\u00e3o das autoridades israelense foi para que as pessoas ficassem dentro das casas e hot\u00e9is, para evitar exposi\u00e7\u00e3o. Sobre os dias trancados no hotel em Jerusal\u00e9m, Wanderl\u00facia falou da tens\u00e3o de correr para o&nbsp;<em>bunker<\/em>&nbsp;(abrigo constru\u00eddo para proteger pessoas em situa\u00e7\u00f5es de guerra) a cada toque de sirene. \u201cPrecisamos ir para o&nbsp;<em>bunker<\/em>&nbsp;duas vezes. \u00c9 uma sensa\u00e7\u00e3o de muita inseguran\u00e7a e n\u00e3o v\u00edamos a hora de regressar\u201d, explicou.<\/p>\n\n\n\n<p>Entre os 211 passageiros que chegaram hoje est\u00e1 a produtora de v\u00eddeo Darleide Alves. Ela contou sobre a falta de identifica\u00e7\u00e3o com o toque das sirenes e como isso j\u00e1 \u00e9 comum para os israelenses. No apartamento em que ela estava, havia um&nbsp;<em>bunker<\/em>, que serviu de ref\u00fagio.&nbsp;<\/p>\n\n\n\n<blockquote class=\"wp-block-quote is-layout-flow wp-block-quote-is-layout-flow\">\n<p>\u201cDe sexta para s\u00e1bado, por causa do fuso hor\u00e1rio, eu n\u00e3o consegui dormir. Ent\u00e3o, nas primeiras horas, eu estava na janela olhando pra rua vendo o sol nascer, quando a primeira sirene tocou e vi a correria na rua. Ali, diante da minha janela, tinha uma sinagoga e eu vi todos saindo de dentro e correndo para se esconder num lugar mais pr\u00f3ximo. Naquele momento, confesso que eu n\u00e3o entendia do que se tratava. Eu n\u00e3o esperava que fosse alguma coisa assim, que o significado daquela sirene fosse o aviso de que tinha m\u00edsseis em dire\u00e7\u00e3o a Jerusal\u00e9m, o ataque sobre Israel\u201d, disse.<\/p>\n<\/blockquote>\n\n\n\n<p>Ela estava em Jerusal\u00e9m para a grava\u00e7\u00e3o de um document\u00e1rio e tentou sair do pa\u00eds em voos para a Europa, sem sucesso. \u201cDepois recebemos uma liga\u00e7\u00e3o de confirma\u00e7\u00e3o de que n\u00f3s estar\u00edamos nesse primeiro voo da FAB e aqui chegamos felizes, agradecidos, mas com o cora\u00e7\u00e3o tamb\u00e9m que fica em Israel com as milhares de outras pessoas que n\u00e3o conseguem sair dali\u201d, disse. \u201cN\u00f3s temos os israelenses e os palestinos e as pessoas no meio de conflito. A gente se alegra por sobreviv\u00eancia, mas a gente se entristece por aqueles que n\u00e3o tem o que fazer para mudar de realidade\u201d, acrescentou.<\/p>\n\n\n\n<figure class=\"wp-block-gallery has-nested-images columns-default is-cropped wp-block-gallery-1 is-layout-flex wp-block-gallery-is-layout-flex\">\n<figure class=\"wp-block-image size-large\"><img decoding=\"async\" data-id=\"111764\" src=\"https:\/\/diariodoplaneta.com.br\/wp-content\/uploads\/2023\/10\/ja_8121.jpg\" alt=\"\" class=\"wp-image-111764\"\/><\/figure>\n\n\n\n<figure class=\"wp-block-image size-large\"><img decoding=\"async\" data-id=\"111765\" src=\"https:\/\/diariodoplaneta.com.br\/wp-content\/uploads\/2023\/10\/ja_8100.jpg\" alt=\"\" class=\"wp-image-111765\"\/><\/figure>\n\n\n\n<figure class=\"wp-block-image size-large\"><img decoding=\"async\" data-id=\"111766\" src=\"https:\/\/diariodoplaneta.com.br\/wp-content\/uploads\/2023\/10\/ja_8066.jpg\" alt=\"\" class=\"wp-image-111766\"\/><\/figure>\n\n\n\n<figure class=\"wp-block-image size-large\"><img decoding=\"async\" data-id=\"111768\" src=\"https:\/\/diariodoplaneta.com.br\/wp-content\/uploads\/2023\/10\/ja_8000.jpg\" alt=\"\" class=\"wp-image-111768\"\/><\/figure>\n\n\n\n<figure class=\"wp-block-image size-large\"><img decoding=\"async\" data-id=\"111767\" src=\"https:\/\/diariodoplaneta.com.br\/wp-content\/uploads\/2023\/10\/ja_7870_0.jpg\" alt=\"\" class=\"wp-image-111767\"\/><\/figure>\n\n\n\n<figure class=\"wp-block-image size-large\"><img decoding=\"async\" data-id=\"111769\" src=\"https:\/\/diariodoplaneta.com.br\/wp-content\/uploads\/2023\/10\/ja_7779_0-1.jpg\" alt=\"\" class=\"wp-image-111769\"\/><\/figure>\n<\/figure>\n\n\n\n<h2 class=\"wp-block-heading\">Gratid\u00e3o<\/h2>\n\n\n\n<p>Valdir Alves Reis, de Ipatinga (MG), estava em um grupo de 62 pessoas e passou um dia inteiro viajando em meio aos ataques at\u00e9 chegar a Jerusal\u00e9m. \u201cFoi assustador, foi p\u00e2nico. Est\u00e1vamos em uma regi\u00e3o que poderia ser a pr\u00f3xima a ser atacada e foi muito tenso\u201d, disse. \u201cMas desde quando recebemos a not\u00edcia da FAB, tivemos um al\u00edvio no cora\u00e7\u00e3o. O que eu quero refor\u00e7ar aqui n\u00e3o \u00e9 a guerra, \u00e9 uma ben\u00e7\u00e3o do senhor na nossa na\u00e7\u00e3o e a forma que fomos resgatados pela FAB\u201d, acrescentou.<\/p>\n\n\n\n<p>Ele vai todos os anos para Israel, onde mora sua filha e j\u00e1 esteve em uma situa\u00e7\u00e3o de conflito. \u201cFoi mais simples, conseguimos sair pela Jord\u00e2nia. N\u00e3o foi a primeira vez, mas espero que seja a \u00faltima\u201d, disse.<\/p>\n\n\n\n<p>A educadora Eliane Mota, de 56 anos, liderava um grupo de 11 pessoas, a maioria idosos, que visitava locais religiosos na regi\u00e3o. \u201cMeu maior desejo era tir\u00e1-los de l\u00e1\u201d, disse, contando que estiveram em uma situa\u00e7\u00e3o cr\u00edtica durante o segundo bombardeio do Hamas, quando estavam em um bairro sem locais de prote\u00e7\u00e3o. \u201cT\u00ednhamos que nos jogar no ch\u00e3o e ir para as paredes. Foi apavorante\u201d, relatou.<\/p>\n\n\n\n<p>A gratid\u00e3o pelo trabalho do governo federal e da For\u00e7a A\u00e9rea Brasileira (FAB) tamb\u00e9m foi constante nos relatos dos brasileiros repatriados. \u201cA FAB tem que continuar, tem mais brasileiros l\u00e1, mais de 2 mil brasileiros pedindo para sair de Israel\u201d, disse Eliane.<\/p>\n\n\n\n<p>O escritor Fabricio Ramon Lopes disse que passou por cinco ataques em Jerusal\u00e9m e parabenizou a FAB. \u201cSa\u00edmos de Tel Aviv debaixo de m\u00edsseis, chegamos aqui com aplausos. A nossa esperan\u00e7a \u00e9 de chegar aqui, olhar para o c\u00e9u e n\u00e3o ter medo que cair\u00e3o mais bombas. Que Deus aben\u00e7oe Israel, mas primeiro que Deus aben\u00e7oe nossa na\u00e7\u00e3o.\u201d<\/p>\n\n\n\n<p>A brasileira Cristina Balbi falou sobre a tens\u00e3o que seu grupo viveu e pediu ora\u00e7\u00f5es pela popula\u00e7\u00e3o da regi\u00e3o. \u201cForam v\u00e1rios sustos, mas o primeiro foi ouvir o Domo de Ferro [sistema de defesa de Israel que intercepta m\u00edsseis] explodir h\u00e1 poucos quil\u00f4metros da onde a gente estava. A sirene soou e a gente n\u00e3o conseguiu, rapidamente, chegar no hotel de volta. Um pouco mais tarde, n\u00f3s olhamos para cima e, com o c\u00e9u claro, os m\u00edsseis foram abatidos sobre a nossa cabe\u00e7a e tivemos que correr novamente.\u201d<\/p>\n\n\n\n<blockquote class=\"wp-block-quote is-layout-flow wp-block-quote-is-layout-flow\">\n<p>\u201cNa hora que n\u00f3s sa\u00edmos de Tel Aviv, a minha irm\u00e3 viu, quando n\u00f3s levantamos voo, os bombardeios ainda l\u00e1 embaixo. Ent\u00e3o voc\u00ea imagina, n\u00f3s saindo de l\u00e1. E aquele povo que ali ficou? Ent\u00e3o, orem pela paz, orem muito porque \u00e9 um povo muito sofrido\u201d, acrescentou Cristina.<\/p>\n<\/blockquote>\n\n\n<div class=\"wp-block-image\">\n<figure class=\"aligncenter size-full is-resized\"><img loading=\"lazy\" loading=\"lazy\" decoding=\"async\" src=\"https:\/\/diariodoplaneta.com.br\/wp-content\/uploads\/2023\/10\/image-7.png\" alt=\"\" class=\"wp-image-111770\" style=\"width:568px;height:379px\" width=\"568\" height=\"379\"\/><\/figure>\n<\/div>\n\n\n<p>O produtor de v\u00eddeo Gleike Max, de 40 anos, disse que se surpreendeu com a agilidade do governo brasileiro e da FAB na repatria\u00e7\u00e3o dos brasileiros. \u201cSe n\u00e3o fosse isso a gente n\u00e3o tinha uma outra solu\u00e7\u00e3o. Ficamos extremamente aliviados e muito felizes\u201d, disse. \u201cA satisfa\u00e7\u00e3o \u00e9 tremenda e feliz porque eu acredito que Deus operou em larga escala, mas feliz tamb\u00e9m porque homens, do governo, da FAB, o mist\u00e9rio, todo mundo tamb\u00e9m cooperou para que os brasileiros estivessem de volta em paz e seguran\u00e7a. O voo foi perfeito, a equipe ali sensacional, n\u00e3o tem como descrever. D\u00e1 orgulho de ser brasileiro\u201d, afirmou.<\/p>\n\n\n\n<h2 class=\"wp-block-heading\">Voltando em paz<\/h2>\n\n\n\n<p>O comandante do voo, Marcos Olivieri, contou sua satisfa\u00e7\u00e3o em fazer parte do primeiro voo de repatria\u00e7\u00e3o. \u201cA gente j\u00e1 estava feliz por poder fazer parte disso, vamos continuar fazendo at\u00e9 quando for necess\u00e1rio, mas a recompensa que a gente tem \u00e9 a felicidade latente no rosto, no sorriso de cada passageiro que a gente trouxe.\u201d<\/p>\n\n\n\n<p>Ele destacou que o tempo de rea\u00e7\u00e3o foi bastante curto, ap\u00f3s o in\u00edcio do conflito, mas que o governo conseguiu fazer todo o planejamento minucioso para poder entrar em uma zona de guerra.&nbsp; \u201cO voo, tanto de ida quanto de volta, correu sem intercorr\u00eancia, apesar da gente ter ouvido algumas explos\u00f5es quando a gente estava no solo l\u00e1 em Tel Aviv, ao redor do aeroporto. A gente ficou um pouco receoso, mas tudo correu bem sem intercorr\u00eancias.\u201d<\/p>\n\n\n\n<p>A log\u00edstica come\u00e7ou a ser organizada j\u00e1 no \u00faltimo s\u00e1bado (7) pelo governo federal, assim que teve in\u00edcio o conflito. Olivieri e a tripula\u00e7\u00e3o far\u00e3o uma pausa para o descanso e, no fim do dia, voltam para Israel, para mais um voo de resgate de brasileiros.<\/p>\n\n\n<div class=\"wp-block-image\">\n<figure class=\"aligncenter size-full is-resized\"><img loading=\"lazy\" loading=\"lazy\" decoding=\"async\" src=\"https:\/\/diariodoplaneta.com.br\/wp-content\/uploads\/2023\/10\/image-8.png\" alt=\"\" class=\"wp-image-111771\" style=\"width:595px;height:397px\" width=\"595\" height=\"397\"\/><\/figure>\n<\/div>\n\n\n<p>No total, ser\u00e3o cinco voos at\u00e9 domingo (15) na chamada Opera\u00e7\u00e3o Voltando em Paz, coordenada pelos minist\u00e9rios da Defesa e das Rela\u00e7\u00f5es Exteriores. Neste primeiro momento, a&nbsp;<a href=\"https:\/\/agenciabrasil.ebc.com.br\/internacional\/noticia\/2023-10\/governo-pretende-retirar-900-brasileiros-de-israel-ate-sabado\" target=\"_blank\" rel=\"noreferrer noopener\">estimativa \u00e9 retirar 900 brasileiros<\/a>&nbsp;que est\u00e3o em Israel e na Palestina.<\/p>\n\n\n\n<p>O Itamaraty j\u00e1 colheu os dados de pelo menos 2,7 mil brasileiros interessados em deixar a regi\u00e3o e voltar ao Brasil. A maioria \u00e9 turistas que estavam hospedados em Tel Aviv e Jerusal\u00e9m quando, no \u00faltimo s\u00e1bado (7), o Hamas, que governa a Faixa de Gaza, deflagrou um ataque contra o territ\u00f3rio israelense. Seguiu-se, ent\u00e3o, forte rea\u00e7\u00e3o militar de Israel, que passou a bombardear a Faixa de Gaza.<\/p>\n\n\n\n<p>Neste primeiro momento, o Itamaraty priorizou o traslado de cidad\u00e3os que residem no Brasil e visitavam a regi\u00e3o do conflito sem ter passagem de volta. Uma segunda etapa da opera\u00e7\u00e3o est\u00e1 sendo planejada, ap\u00f3s a conclus\u00e3o desses primeiros cinco voos. De acordo com o Minist\u00e9rio das Rela\u00e7\u00f5es Exteriores, em torno de 14 mil brasileiros vivem em Israel e 6 mil na Palestina.<\/p>\n\n\n\n<h2 class=\"wp-block-heading\">Orienta\u00e7\u00f5es<\/h2>\n\n\n\n<p>A Embaixada do Brasil em Tel Aviv est\u00e1 recebendo, por meio de formul\u00e1rio em seu&nbsp;<a href=\"https:\/\/www.gov.br\/mre\/pt-br\/embaixada-tel-aviv\" target=\"_blank\" rel=\"noreferrer noopener\"><em>site<\/em><\/a>, a inscri\u00e7\u00e3o de interessados em repatria\u00e7\u00e3o.<\/p>\n\n\n\n<p>Os plant\u00f5es consulares da embaixada em Tel Aviv (+972 (54) 803 5858) e do Escrit\u00f3rio de Representa\u00e7\u00e3o em Ramala (+972 (59) 205 5510), com&nbsp;<em>whatsapp<\/em>, permanecem em funcionamento para atender pessoas em situa\u00e7\u00e3o de emerg\u00eancia. O plant\u00e3o consular geral do Itamaraty, em Bras\u00edlia, tamb\u00e9m pode ser contatado pelo telefone +55 (61) 98260-0610.<\/p>\n\n\n\n<p>O Escrit\u00f3rio de Representa\u00e7\u00e3o em Ramala, na Cisjord\u00e2nia, segue em contato com os cerca de 50 brasileiros que vivem na Faixa de Gaza e prepara a retirada daqueles que desejam deixar a regi\u00e3o, em coordena\u00e7\u00e3o com a Embaixada do Brasil no Cairo, no Egito, pa\u00eds fronteiri\u00e7o. A FAB est\u00e1 estudando os aeroportos no Norte e Nordeste eg\u00edpcio para realizar a opera\u00e7\u00e3o de resgate.<\/p>\n\n\n\n<p>O Itamaraty refor\u00e7a a orienta\u00e7\u00e3o de que todos os brasileiros que est\u00e3o na regi\u00e3o e que tenham passagens a\u00e9reas, ou condi\u00e7\u00f5es de adquiri-las, embarquem em voos comerciais a partir do Aeroporto Internacional Ben Gurion, em Tel Aviv, que continua a operar, ainda que com restri\u00e7\u00f5es.<\/p>\n\n\n\n<p>Fonte: Ag\u00eancia Brasil<\/p>\n\n\n\n<p><\/p>\n","protected":false},"excerpt":{"rendered":"<p>O sentimento \u00e9 de al\u00edvio ao pisar em solo brasileiro ap\u00f3s 14 horas de viagem deixando para tr\u00e1s a inseguran\u00e7a de uma zona de guerra. Esse \u00e9 o relato geral dos brasileiros que desembarcaram nesta quarta-feira (11) na Base A\u00e9rea de Bras\u00edlia, vindos de Tel Aviv, Israel, em voo da&nbsp;For\u00e7a A\u00e9rea Brasileira&nbsp;(FAB). Wanderl\u00facia Ros\u00e1rio Carneiro, [&hellip;]<\/p>\n","protected":false},"author":2,"featured_media":112865,"comment_status":"open","ping_status":"open","sticky":false,"template":"","format":"standard","meta":{"footnotes":""},"categories":[5],"tags":[24],"class_list":{"0":"post-111762","1":"post","2":"type-post","3":"status-publish","4":"format-standard","5":"has-post-thumbnail","7":"category-geral","8":"tag-manchete"},"_links":{"self":[{"href":"https:\/\/diariodoplaneta.com.br\/index.php?rest_route=\/wp\/v2\/posts\/111762","targetHints":{"allow":["GET"]}}],"collection":[{"href":"https:\/\/diariodoplaneta.com.br\/index.php?rest_route=\/wp\/v2\/posts"}],"about":[{"href":"https:\/\/diariodoplaneta.com.br\/index.php?rest_route=\/wp\/v2\/types\/post"}],"author":[{"embeddable":true,"href":"https:\/\/diariodoplaneta.com.br\/index.php?rest_route=\/wp\/v2\/users\/2"}],"replies":[{"embeddable":true,"href":"https:\/\/diariodoplaneta.com.br\/index.php?rest_route=%2Fwp%2Fv2%2Fcomments&post=111762"}],"version-history":[{"count":0,"href":"https:\/\/diariodoplaneta.com.br\/index.php?rest_route=\/wp\/v2\/posts\/111762\/revisions"}],"wp:featuredmedia":[{"embeddable":true,"href":"https:\/\/diariodoplaneta.com.br\/index.php?rest_route=\/wp\/v2\/media\/112865"}],"wp:attachment":[{"href":"https:\/\/diariodoplaneta.com.br\/index.php?rest_route=%2Fwp%2Fv2%2Fmedia&parent=111762"}],"wp:term":[{"taxonomy":"category","embeddable":true,"href":"https:\/\/diariodoplaneta.com.br\/index.php?rest_route=%2Fwp%2Fv2%2Fcategories&post=111762"},{"taxonomy":"post_tag","embeddable":true,"href":"https:\/\/diariodoplaneta.com.br\/index.php?rest_route=%2Fwp%2Fv2%2Ftags&post=111762"}],"curies":[{"name":"wp","href":"https:\/\/api.w.org\/{rel}","templated":true}]}}