{"id":111689,"date":"2023-10-10T10:20:39","date_gmt":"2023-10-10T13:20:39","guid":{"rendered":"https:\/\/diariodoplaneta.com.br\/?p=111689"},"modified":"2023-10-10T10:20:39","modified_gmt":"2023-10-10T13:20:39","slug":"jubs-cerimonia-de-abertura-destaca-cultura-de-joinville","status":"publish","type":"post","link":"https:\/\/diariodoplaneta.com.br\/?p=111689","title":{"rendered":"JUBs: cerim\u00f4nia de abertura destaca cultura de Joinville"},"content":{"rendered":"\n<p>A edi\u00e7\u00e3o 2023 dos Jogos Universit\u00e1rios Brasileiros (JUBs) foi aberta oficialmente na noite dessa segunda-feira (9) com uma grande festa no Centreventos Cau Hansen, em Joinville (Santa Catarina). Os JUBs s\u00e3o o maior evento de esporte universit\u00e1rio da Am\u00e9rica Latina e chegam nesse ano \u00e0 70\u00aa edi\u00e7\u00e3o.<img decoding=\"async\" src=\"https:\/\/agenciabrasil.ebc.com.br\/ebc.png?id=1559924&amp;o=node\"><img decoding=\"async\" src=\"https:\/\/agenciabrasil.ebc.com.br\/ebc.gif?id=1559924&amp;o=node\"><\/p>\n\n\n\n<p>O evento, que re\u00fane mais de 5 mil atletas de 320 institui\u00e7\u00f5es de ensino superior representando as 27 federa\u00e7\u00f5es universit\u00e1rias do pa\u00eds, segue at\u00e9 o dia 21 de outubro. Durante os 14 dias de competi\u00e7\u00e3o, os atletas estar\u00e3o envolvidos em disputas de jud\u00f4, karat\u00ea, luta ol\u00edmpica, t\u00eanis, t\u00eanis de mesa, t\u00eanis de mesa paradesportivo, xadrez, acad\u00eamico, breaking, cheerleading, basquete, futsal, handebol, v\u00f4lei e esportes eletr\u00f4nicos (League of Legends, Futebol Eletr\u00f4nico, Clash Royale, Valorant, CS Go e Free Fire).<\/p>\n\n\n\n<p>As competi\u00e7\u00f5es ser\u00e3o realizadas em diferentes locais da cidade: na Expoville (o principal local de competi\u00e7\u00f5es), no Centreventos Cau Hansen, no Centro de Treinamento Ivo Varella, no Gin\u00e1sio Municipal de Esportes M\u00e1rio Timm, no Gin\u00e1sio Abel Schulz, na Univille, na Associa\u00e7\u00e3o Atl\u00e9tica Tupy e no Joinville T\u00eanis Clube.<\/p>\n\n\n\n<h2 class=\"wp-block-heading\">Cerim\u00f4nia de abertura<\/h2>\n\n\n\n<p>O ponto alto da Cerim\u00f4nia de Abertura do evento, realizada nesta segunda-feira, foi a valoriza\u00e7\u00e3o da cultura local. Joinville \u00e9 considerada a capital nacional da dan\u00e7a e mostrou esta faceta de forma muito criativa na cerim\u00f4nia, na qual o destaque foi a apresenta\u00e7\u00e3o da Escola Municipal Governador Pedro Ivo Campos, dez vezes campe\u00e3 do Festival de Dan\u00e7a local.<\/p>\n\n\n\n<p>Outro momento marcante da festa foi a homenagem a atletas da cidade. Ap\u00f3s o desfile das delega\u00e7\u00f5es, a bandeira da Confedera\u00e7\u00e3o Brasileira do Desporto Universit\u00e1rio (CBDU) foi conduzida pela mascote dos JUBs, o Joka. J\u00e1 o jacar\u00e9 Fritz, mascote de Joinville, conduziu a bandeira da cidade-sede dos Jogos Universit\u00e1rios Brasileiros de 2023. O atleta de v\u00f4lei da Unoesc Jo\u00e3o Guilherme de Mattos, que integrou a delega\u00e7\u00e3o brasileira no Mundial Universit\u00e1rio disputado este ano na China, fez o juramento do atleta.<\/p>\n\n\n\n<p>Logo depois a bandeira do Brasil foi conduzida pela velocista \u00c1dria Santos, tetracampe\u00e3 paral\u00edmpica e maior medalhista paral\u00edmpica do Brasil. Ao lado de \u00c1dria, que \u00e9 mineira de nascimento, mas escolheu Joinville para morar h\u00e1 20 anos, o nadador ol\u00edmpico Eduardo Fischer, natural da cidade, tamb\u00e9m participou da festa. O desfile com o fogo simb\u00f3lico e o acendimento da pira ol\u00edmpica coube \u00e0 atleta local de t\u00eanis de mesa Lhays Stolarski. A jovem integrou a delega\u00e7\u00e3o brasileira No Mundial Universit\u00e1rio.<\/p>\n\n\n\n<p><em>Fonte: Ag\u00eancia Brasil<\/em><\/p>\n","protected":false},"excerpt":{"rendered":"<p>A edi\u00e7\u00e3o 2023 dos Jogos Universit\u00e1rios Brasileiros (JUBs) foi aberta oficialmente na noite dessa segunda-feira (9) com uma grande festa no Centreventos Cau Hansen, em Joinville (Santa Catarina). Os JUBs s\u00e3o o maior evento de esporte universit\u00e1rio da Am\u00e9rica Latina e chegam nesse ano \u00e0 70\u00aa edi\u00e7\u00e3o. O evento, que re\u00fane mais de 5 mil [&hellip;]<\/p>\n","protected":false},"author":2,"featured_media":111690,"comment_status":"open","ping_status":"open","sticky":false,"template":"","format":"standard","meta":{"footnotes":""},"categories":[16],"tags":[],"class_list":{"0":"post-111689","1":"post","2":"type-post","3":"status-publish","4":"format-standard","5":"has-post-thumbnail","7":"category-esportes"},"_links":{"self":[{"href":"https:\/\/diariodoplaneta.com.br\/index.php?rest_route=\/wp\/v2\/posts\/111689","targetHints":{"allow":["GET"]}}],"collection":[{"href":"https:\/\/diariodoplaneta.com.br\/index.php?rest_route=\/wp\/v2\/posts"}],"about":[{"href":"https:\/\/diariodoplaneta.com.br\/index.php?rest_route=\/wp\/v2\/types\/post"}],"author":[{"embeddable":true,"href":"https:\/\/diariodoplaneta.com.br\/index.php?rest_route=\/wp\/v2\/users\/2"}],"replies":[{"embeddable":true,"href":"https:\/\/diariodoplaneta.com.br\/index.php?rest_route=%2Fwp%2Fv2%2Fcomments&post=111689"}],"version-history":[{"count":0,"href":"https:\/\/diariodoplaneta.com.br\/index.php?rest_route=\/wp\/v2\/posts\/111689\/revisions"}],"wp:featuredmedia":[{"embeddable":true,"href":"https:\/\/diariodoplaneta.com.br\/index.php?rest_route=\/wp\/v2\/media\/111690"}],"wp:attachment":[{"href":"https:\/\/diariodoplaneta.com.br\/index.php?rest_route=%2Fwp%2Fv2%2Fmedia&parent=111689"}],"wp:term":[{"taxonomy":"category","embeddable":true,"href":"https:\/\/diariodoplaneta.com.br\/index.php?rest_route=%2Fwp%2Fv2%2Fcategories&post=111689"},{"taxonomy":"post_tag","embeddable":true,"href":"https:\/\/diariodoplaneta.com.br\/index.php?rest_route=%2Fwp%2Fv2%2Ftags&post=111689"}],"curies":[{"name":"wp","href":"https:\/\/api.w.org\/{rel}","templated":true}]}}