{"id":111491,"date":"2023-10-06T16:25:00","date_gmt":"2023-10-06T19:25:00","guid":{"rendered":"https:\/\/diariodoplaneta.com.br\/?p=111491"},"modified":"2023-10-06T16:25:00","modified_gmt":"2023-10-06T19:25:00","slug":"chuvas-fortes-causam-estragos-em-niteroi-e-marica","status":"publish","type":"post","link":"https:\/\/diariodoplaneta.com.br\/?p=111491","title":{"rendered":"Chuvas fortes causam estragos em Niter\u00f3i e Maric\u00e1"},"content":{"rendered":"\n<p>A Enel Distribui\u00e7\u00e3o Rio, concession\u00e1ria dos servi\u00e7os de ilumina\u00e7\u00e3o de Niter\u00f3i, regi\u00e3o metropolitana do Rio de Janeiro, restabeleceu o fornecimento de energia para 75% dos clientes afetados por fortes chuvas &#8211; acompanhadas por raios e ventania &#8211; que atingiram Niter\u00f3i e Maric\u00e1 nas \u00faltimas horas. A queda de galhos e de \u00e1rvores de grande porte destruiu trechos da rede el\u00e9trica em v\u00e1rias regi\u00f5es das duas cidades.<img decoding=\"async\" src=\"https:\/\/agenciabrasil.ebc.com.br\/ebc.png?id=1559582&amp;o=node\"><img decoding=\"async\" src=\"https:\/\/agenciabrasil.ebc.com.br\/ebc.gif?id=1559582&amp;o=node\"><\/p>\n\n\n\n<p>A empresa informou, hoje (6), que equipes de emerg\u00eancia atuaram durante toda a madrugada para realizar reparos necess\u00e1rios e, agora, \u00e9 mobilizado um efetivo nove vezes maior do que em dias comuns, visando agilizar atendimentos e normalizar o servi\u00e7o para clientes atingidos.<\/p>\n\n\n\n<p>A companhia recomenda que &#8211; em caso de falta de energia ou outra emerg\u00eancia &#8211; o cliente deve acionar os canais de atendimento pelo Aplicativo Enel Distribui\u00e7\u00e3o Rio, dispon\u00edvel para Android e iOS; pelo WhatsApp (21) 99601-9608; e pela Central de Atendimento 0800 28 00 120.<\/p>\n\n\n\n<h2 class=\"wp-block-heading\">Est\u00e1gio de aten\u00e7\u00e3o<\/h2>\n\n\n\n<p>A Secretaria Municipal de Defesa Civil e Geotecnia de Niter\u00f3i anunciou que a cidade entrou em est\u00e1gio de aten\u00e7\u00e3o \u00e0s 19h10 dessa quinta-feira (5), devido \u00e0s fortes chuvas. A velocidade dos ventos chegou a 61 quil\u00f4metros por hora (km\/h) na regi\u00e3o da Ba\u00eda de Guanabara.<\/p>\n\n\n\n<p>A prefeitura de Niter\u00f3i mant\u00e9m efetivo de mais de dois mil funcion\u00e1rios da Defesa Civil, Secretaria de Conserva\u00e7\u00e3o e Servi\u00e7os P\u00fablicos, Assist\u00eancia Social, &nbsp;Administra\u00e7\u00f5es Regionais e Nittrans trabalhando desde a noite de ontem nas ruas da cidade. At\u00e9 o momento, 40 \u00e1rvores ca\u00edram.<\/p>\n\n\n\n<p>Na manh\u00e3 desta sexta-feira (6), o prefeito de Niter\u00f3i, Axel Grael, esteve reunido com as equipes. Ele lembrou que a Defesa Civil entrou em aten\u00e7\u00e3o por volta de 19h10 e que, pouco depois, houve uma chuva muito intensa &#8211; cerca de 43% do total de chuva esperada para outubro.<\/p>\n\n\n\n<p>\u201cEstamos mobilizados desde ontem, quando emitimos o est\u00e1gio de alerta para a cidade. Tamb\u00e9m tivemos ventos muito fortes. Foram registrados ventos de cerca de 61 km\/h no entorno da Ba\u00eda de Guanabara. Temos cerca de duas mil pessoas de v\u00e1rios \u00f3rg\u00e3os de defesa atuando no atendimento de emerg\u00eancias em fun\u00e7\u00e3o dessas condi\u00e7\u00f5es bastante severas, para que a gente leve a cidade \u00e0 normalidade o mais r\u00e1pido poss\u00edvel&#8221;, afirmou Grael.<\/p>\n\n\n\n<h2 class=\"wp-block-heading\">Acumulados<\/h2>\n\n\n\n<p>De acordo com o Centro de Monitoramento e Opera\u00e7\u00f5es da Defesa Civil de Niter\u00f3i, os maiores acumulados pluviom\u00e9tricos &#8211; em 24 horas &#8211; foram registrados bairros do Caval\u00e3o (47,6 mil\u00edmetros &#8211; mm), Macei\u00f3 (41,6 mm), S\u00e3o Francisco (40,8 mm), P\u00e9 Pequeno (36,2 mm), Travessa Beltr\u00e3o (34,2 mm) e Bairro de F\u00e1tima\/Morro do Estado (33,0 mm). Em uma hora, choveu em Niter\u00f3i o equivalente a cerca de 43% do previsto da m\u00e9dia climatol\u00f3gica para todo o m\u00eas de outubro.<\/p>\n\n\n\n<p>Para as pr\u00f3ximas horas, h\u00e1 a previs\u00e3o de pancadas de chuvas moderadas a fortes, acompanhadas de raios. Para a noite de s\u00e1bado e madrugada de domingo, h\u00e1 previs\u00e3o de chuvas fortes com rajadas de vento.<\/p>\n\n\n\n<p>A Unidade Municipal de Educa\u00e7\u00e3o Infantil (Umei) Denise Mendes Cardia e a Escola Municipal An\u00edsio Teixeira, ambas no bairro S\u00e3o Domingos, est\u00e3o fechadas nesta sexta-feira (6). A Escola Municipal Nossa Senhora da Penha, na Ponta d\u2019Areia, teve algumas turmas liberadas na parte da tarde.<\/p>\n\n\n\n<p>Tamb\u00e9m o Instituto de F\u00edsica da Universidade Federal Fluminense (UFF), entre outras unidades da institui\u00e7\u00e3o, n\u00e3o abriu para aulas hoje. Ontem, no in\u00edcio da noite, as aulas foram suspensas em fun\u00e7\u00e3o das chuvas e fortes ventos. Alunos e professores ficaram sem luz e sem internet. \u00c1rvores ca\u00edram danificando partes do pr\u00e9dio.<\/p>\n\n\n<div class=\"wp-block-image\">\n<figure class=\"aligncenter is-resized\"><img loading=\"lazy\" loading=\"lazy\" decoding=\"async\" src=\"https:\/\/imagens.ebc.com.br\/f_iVdfmo8OOYsb-5nRo6HJWO-Kk=\/754x0\/smart\/https:\/\/agenciabrasil.ebc.com.br\/sites\/default\/files\/thumbnails\/image\/chuva_5.jpeg?itok=qSQep9bo\" alt=\"Maric\u00e1-RJ 06\/10\/2023, Um forte temporal fez estragos na cidade Niter\u00f3i, Maric\u00e1 e na UFF. Foto: Marcos Fabr\u00edcio\/ Divulga\u00e7\u00e3o\" style=\"width:688px;height:455px\" width=\"688\" height=\"455\" title=\"Marcos Fabr\u00edcio\/ Divulga\u00e7\u00e3o\"\/><\/figure>\n<\/div>\n\n\n<p>\u201cFoi tenso\u201d, disse a estudante de F\u00edsica da UFF, Ighia Gandra Linares, que estava no campus do Valonguinho. A volta para casa n\u00e3o foi f\u00e1cil.<\/p>\n\n\n\n<blockquote class=\"wp-block-quote is-layout-flow wp-block-quote-is-layout-flow\">\n<p> \u201cN\u00e3o havia luz. Os caminhos estavam fechados porque muitas \u00e1rvores ca\u00edram. V\u00e1rios trechos de ruas estavam alagados, com fios el\u00e9tricos derrubados pelas \u00e1rvores. O tr\u00e2nsito estava parado. Foi uma situa\u00e7\u00e3o ca\u00f3tica\u201d detalhou. A ilumina\u00e7\u00e3o em Niter\u00f3i s\u00f3 foi restabelecida \u00e0 1h30 da madrugada de hoje (6).<\/p>\n<\/blockquote>\n\n\n\n<p>A UFF esclareceu \u00e0\u00a0Ag\u00eancia Brasil, por meio de sua assessoria de imprensa, que todas as medidas emergenciais foram adotadas de imediato para minimizar os danos provocados pelo temporal, por meio da atua\u00e7\u00e3o da Superintend\u00eancia de Opera\u00e7\u00f5es e Manuten\u00e7\u00e3o (Soma) e demais \u00f3rg\u00e3os.<\/p>\n\n\n\n<blockquote class=\"wp-block-quote is-layout-flow wp-block-quote-is-layout-flow\">\n<p>\u201cAt\u00e9 o momento, de acordo com avalia\u00e7\u00e3o t\u00e9cnica, temos o campus do Gragoat\u00e1 e Valonguinho como os mais prejudicados. Refor\u00e7amos que n\u00e3o temos informa\u00e7\u00f5es de feridos. Alguns institutos cancelaram as aulas e comunicaram previamente \u00e0 comunidade acad\u00eamica. Os custos dos danos causados pela chuva ainda est\u00e3o em avalia\u00e7\u00e3o\u201d, informou a UFF.<\/p>\n<\/blockquote>\n\n\n\n<p>Ela acrescentou que lamenta os preju\u00edzos registrados em algumas de suas unidades e reafirmou o compromisso com a prote\u00e7\u00e3o e recupera\u00e7\u00e3o de todos os espa\u00e7os e pr\u00e9dios da universidade.<\/p>\n\n\n\n<p>Em postagem numa rede social, o professor de Jornalismo Internacional da UFF, Pedro Aguiar, informou que a institui\u00e7\u00e3o \u201cfoi duramente atingida por uma tempestade intensa, ainda que r\u00e1pida, com ventos tipo ciclone, atingindo Niter\u00f3i (centro, Ing\u00e1 e S\u00e3o Domingos) na noite de quinta-feira). O rec\u00e9m-inaugurado pr\u00e9dio do Instituto de Arte e Comunica\u00e7\u00e3o Social foi parcialmente destru\u00eddo\u201d.<\/p>\n\n\n\n<h2 class=\"wp-block-heading\">Preven\u00e7\u00e3o<\/h2>\n\n\n\n<p>A Defesa Civil de Niter\u00f3i anunciou que &#8211; em casos de ventos fortes ou chuvas com descargas el\u00e9tricas &#8211; a popula\u00e7\u00e3o deve evitar ficar perto de \u00e1rvores, redes de distribui\u00e7\u00e3o de energia el\u00e9trica, toldos, tapumes ou em \u00e1reas descampadas. As pessoas devem evitar transitar em \u00e1reas alagadas e pr\u00f3ximas a c\u00f3rregos, canais e rios sujeitos a transbordamentos.<\/p>\n\n\n\n<p>Al\u00e9m disso, \u00e9 preciso que os moradores de \u00e1reas de risco fiquem atentos para ind\u00edcios de amea\u00e7as de deslizamentos e preparados para se deslocar para locais seguros. Quem estiver em locais seguros deve permanecer at\u00e9 o aviso de chuva intensa cessar.<\/p>\n\n\n\n<h2 class=\"wp-block-heading\">Est\u00e1gios<\/h2>\n\n\n\n<p>A Defesa Civil trabalha com quatro est\u00e1gios operacionais: vigil\u00e2ncia (normal), aten\u00e7\u00e3o, alerta e alerta m\u00e1ximo, que se referem \u00e0s condi\u00e7\u00f5es meteorol\u00f3gicas. Cada est\u00e1gio possui protocolos que devem ser adotados pela Defesa Civil, outros \u00f3rg\u00e3os p\u00fablicos e pela popula\u00e7\u00e3o, que incluem desde o monitoramento at\u00e9 a evacua\u00e7\u00e3o de pessoas em \u00e1reas de risco.<\/p>\n\n\n\n<p>A popula\u00e7\u00e3o pode ligar para os n\u00fameros 199 ou 2620-0199, em caso de emerg\u00eancia. O Centro de Monitoramento e Opera\u00e7\u00f5es da Defesa Civil de Niter\u00f3i conta com plant\u00e3o 24 horas de monitoramento meteorol\u00f3gico, com envio detalhado de informa\u00e7\u00f5es sobre a previs\u00e3o do tempo e de avisos atrav\u00e9s do aplicativo Alerta DCNIT, SMS (40199) e grupos no WhatsApp.<\/p>\n\n\n\n<h2 class=\"wp-block-heading\">Sistema Municipal<\/h2>\n\n\n\n<p>A Secretaria Municipal de Defesa Civil e Geotecnia tem 128 N\u00facleos de Defesa Civil (Nudecs) e mais de 2.400 volunt\u00e1rios pela cidade. O sistema de monitoramento conta, atualmente, com 46 pluvi\u00f4metros, sendo 30 de opera\u00e7\u00e3o da secretaria e 16 do Centro Nacional de Monitoramento e Alertas de Desastres Naturais (Cemaden) e 37 sirenes espalhadas pelas comunidades, com alcance de mais de 120 mil pessoas.<\/p>\n\n\n\n<p>A secretaria tem, ainda, cerca de 30 pontos de apoio para a popula\u00e7\u00e3o nos casos de acionamento de sirene e riscos de deslizamento e desabamento que podem ser consultados por meio do aplicativo Alerta DCNit, no \u00edcone sirenes &#8211; pontos de apoio.<\/p>\n\n\n\n<h2 class=\"wp-block-heading\">Maric\u00e1<\/h2>\n\n\n\n<p>A prefeitura do munic\u00edpio de Maric\u00e1 permanece, desde a madrugada de hoje (6), com equipes de todas as secretarias empenhadas em auxiliar os moradores de Itaipua\u00e7u na redu\u00e7\u00e3o dos estragos ocasionados pelas chuvas.<\/p>\n\n\n\n<p>O deslocamento de um sistema frontal favoreceu a forma\u00e7\u00e3o de \u00e1reas de instabilidade no munic\u00edpio, ocasionando pancadas de chuva forte nas \u00faltimas 24 horas. O mau tempo alagou ruas e escolas, destelhou casas, suspendeu o fornecimento de energia el\u00e9trica e causou desabamentos parciais e queda de \u00e1rvores. No entanto, n\u00e3o houve v\u00edtimas.<\/p>\n\n\n\n<p>Segundo a Secretaria de Prote\u00e7\u00e3o e Defesa Civil, o distrito de Itaipua\u00e7u concentrou a maior parte dos estragos. Ali, as equipes atuaram em 99 ocorr\u00eancias, sendo 80 delas durante a madrugada. Houve desabamento do segundo pavimento do Supermercado Rede Economia, localizado no Barroco, regi\u00e3o central de Itaipua\u00e7u. A estrutura ficou totalmente danificada.<\/p>\n\n\n\n<p>A unidade local de Pronto Atendimento Santa Rita retomou os atendimentos da emerg\u00eancia 24 horas por volta das 7h de hoje (6), ap\u00f3s o reparo emergencial do telhado e a limpeza do espa\u00e7o.<\/p>\n\n\n\n<h2 class=\"wp-block-heading\">Atendimentos suspensos<\/h2>\n\n\n\n<p>O servi\u00e7o foi restabelecido em menos de 12 horas. J\u00e1 as unidades de Sa\u00fade da Fam\u00edlia (USF) Jardim Atl\u00e2ntico e Santa Rita est\u00e3o com atendimentos suspensos temporariamente. As consultas marcadas para esta sexta-feira (6) ser\u00e3o reagendadas.<\/p>\n\n\n\n<p>No centro, o Ambulat\u00f3rio P\u00e9ricles Siqueira est\u00e1 com o atendimento suspenso em raz\u00e3o da falta de energia el\u00e9trica. As consultas est\u00e3o sendo remarcadas.<\/p>\n\n\n\n<p>Equipes da Secretaria de Ilumina\u00e7\u00e3o atuam no restabelecimento de energia dos locais mais afetados em Itaipua\u00e7u. Toda a\u00e7\u00e3o emergencial est\u00e1 sendo realizada para a desobstru\u00e7\u00e3o de fios energizados nas ruas e a retirada de bra\u00e7os de lumin\u00e1rias quebrados. Algumas ruas foram interditadas. Equipes operacionais da Secretaria de Tr\u00e2nsito de Maric\u00e1 auxiliam os motoristas.<\/p>\n\n\n\n<p>O Centro de Refer\u00eancia de Assist\u00eancia Social (CRAS) Jardim Atl\u00e2ntico sofreu danos durante a tempestade e permanece fechado para manuten\u00e7\u00e3o. A Secretaria de Assist\u00eancia Social est\u00e1 em alerta. N\u00e3o h\u00e1 desabrigados na cidade.<\/p>\n\n\n\n<p>De acordo com a Secretaria de Prote\u00e7\u00e3o e Defesa Civil de Maric\u00e1, o tempo hoje permanece inst\u00e1vel, com c\u00e9u parcialmente nublado a nublado e chuva fraca a moderada isolada a qualquer momento do dia.<\/p>\n\n\n\n<p><em>Fonte: Ag\u00eancia Brasil<\/em><\/p>\n","protected":false},"excerpt":{"rendered":"<p>A Enel Distribui\u00e7\u00e3o Rio, concession\u00e1ria dos servi\u00e7os de ilumina\u00e7\u00e3o de Niter\u00f3i, regi\u00e3o metropolitana do Rio de Janeiro, restabeleceu o fornecimento de energia para 75% dos clientes afetados por fortes chuvas &#8211; acompanhadas por raios e ventania &#8211; que atingiram Niter\u00f3i e Maric\u00e1 nas \u00faltimas horas. A queda de galhos e de \u00e1rvores de grande porte [&hellip;]<\/p>\n","protected":false},"author":2,"featured_media":111492,"comment_status":"open","ping_status":"open","sticky":false,"template":"","format":"standard","meta":{"footnotes":""},"categories":[25,29],"tags":[],"class_list":{"0":"post-111491","1":"post","2":"type-post","3":"status-publish","4":"format-standard","5":"has-post-thumbnail","7":"category-regional","8":"category-sudeste-regional"},"_links":{"self":[{"href":"https:\/\/diariodoplaneta.com.br\/index.php?rest_route=\/wp\/v2\/posts\/111491","targetHints":{"allow":["GET"]}}],"collection":[{"href":"https:\/\/diariodoplaneta.com.br\/index.php?rest_route=\/wp\/v2\/posts"}],"about":[{"href":"https:\/\/diariodoplaneta.com.br\/index.php?rest_route=\/wp\/v2\/types\/post"}],"author":[{"embeddable":true,"href":"https:\/\/diariodoplaneta.com.br\/index.php?rest_route=\/wp\/v2\/users\/2"}],"replies":[{"embeddable":true,"href":"https:\/\/diariodoplaneta.com.br\/index.php?rest_route=%2Fwp%2Fv2%2Fcomments&post=111491"}],"version-history":[{"count":0,"href":"https:\/\/diariodoplaneta.com.br\/index.php?rest_route=\/wp\/v2\/posts\/111491\/revisions"}],"wp:featuredmedia":[{"embeddable":true,"href":"https:\/\/diariodoplaneta.com.br\/index.php?rest_route=\/wp\/v2\/media\/111492"}],"wp:attachment":[{"href":"https:\/\/diariodoplaneta.com.br\/index.php?rest_route=%2Fwp%2Fv2%2Fmedia&parent=111491"}],"wp:term":[{"taxonomy":"category","embeddable":true,"href":"https:\/\/diariodoplaneta.com.br\/index.php?rest_route=%2Fwp%2Fv2%2Fcategories&post=111491"},{"taxonomy":"post_tag","embeddable":true,"href":"https:\/\/diariodoplaneta.com.br\/index.php?rest_route=%2Fwp%2Fv2%2Ftags&post=111491"}],"curies":[{"name":"wp","href":"https:\/\/api.w.org\/{rel}","templated":true}]}}