{"id":111416,"date":"2023-10-05T10:34:48","date_gmt":"2023-10-05T13:34:48","guid":{"rendered":"https:\/\/diariodoplaneta.com.br\/?p=111416"},"modified":"2023-10-05T10:34:48","modified_gmt":"2023-10-05T13:34:48","slug":"tres-medicos-sao-assassinados-na-orla-do-rio-de-janeiro","status":"publish","type":"post","link":"https:\/\/diariodoplaneta.com.br\/?p=111416","title":{"rendered":"Tr\u00eas m\u00e9dicos s\u00e3o assassinados na orla do Rio de Janeiro\u00a0"},"content":{"rendered":"\n<p><audio src=\"https:\/\/tts-app.ebc.com.br\/media\/tts\/210823.mp3\"><\/audio><\/p>\n\n\n\n<p>Tr\u00eas m\u00e9dicos foram assassinados na madrugada desta quinta-feira (5)&nbsp;na cidade do Rio de Janeiro. Uma quarta v\u00edtima do ataque a tiros ficou ferida e foi encaminhada ao hospital. &nbsp;<img decoding=\"async\" src=\"https:\/\/agenciabrasil.ebc.com.br\/ebc.png?id=1559240&amp;o=node\"><img decoding=\"async\" src=\"https:\/\/agenciabrasil.ebc.com.br\/ebc.gif?id=1559240&amp;o=node\"><\/p>\n\n\n\n<p>Segundo a Pol\u00edcia Militar, eles estavam em um quiosque na orla da Barra da Tijuca, na zona oeste da cidade, quando homens em um carro pararam no local e dispararam contra as v\u00edtimas.<\/p>\n\n\n\n<p>Os quatro profissionais atuam fora do Rio de Janeiro e estavam na cidade para participar de um congresso internacional de cirurgia minimamente invasiva de tornozelo e p\u00e9.<\/p>\n\n\n\n<p>A Pol\u00edcia Civil identificou os m\u00e9dicos como Marcos de Andrade Corsato, Diego Ralf de Souza Bomfim e Perseu Ribeiro Almeida.<\/p>\n\n\n\n<p>Diego Bomfim \u00e9 irm\u00e3o da deputada S\u00e2mia Bomfim (PSOL-SP) e cunhado do deputado Glauber Braga (PSOL-RJ).<\/p>\n\n\n\n<p>Corsato, m\u00e9dico do Instituto de Ortopedia e Traumatologia da Universidade de S\u00e3o Paulo (USP), e Bomfim s\u00e3o registrados no Conselho de Medicina de S\u00e3o Paulo. J\u00e1 Almeida \u00e9 registrado no conselho baiano.&nbsp;<\/p>\n\n\n\n<p>A v\u00edtima ferida no ataque foi encaminhada ao Hospital Municipal Louren\u00e7o Jorge, no mesmo bairro. A Secretaria Municipal de Sa\u00fade informou que seu estado de sa\u00fade \u00e9 est\u00e1vel.<\/p>\n\n\n\n<p>O caso est\u00e1 sendo investigado pela Delegacia de Homic\u00eddios. Segundo a Pol\u00edcia Civil, a per\u00edcia foi realizada no local, testemunhas s\u00e3o ouvidas e imagens de c\u00e2meras de seguran\u00e7a est\u00e3o sendo analisadas. &nbsp;<\/p>\n\n\n\n<p>Ainda de acordo com a pol\u00edcia, as investiga\u00e7\u00f5es est\u00e3o em andamento para apurar a autoria e a motiva\u00e7\u00e3o do crime.&nbsp;<\/p>\n\n\n\n<blockquote class=\"wp-block-quote is-layout-flow wp-block-quote-is-layout-flow\">\n<p>Por meio de nota, o Instituto de Ortopedia e Traumatologia do Hospital das Cl\u00ednicas da USP informou que \u201crecebeu com consterna\u00e7\u00e3o a not\u00edcia do falecimento de Marcos de Andrade Corsato, m\u00e9dico assistente dedicado e atuante do grupo de Tornozelo e P\u00e9 da institui\u00e7\u00e3o, bem como dos ex-residentes Diego Ralf Bomfim e Perseu Ribeiro Almeida. O IOT- HCFMUSP estende as condol\u00eancias aos familiares e amigos\u201d.<\/p>\n<\/blockquote>\n\n\n\n<figure class=\"wp-block-embed is-type-video is-provider-youtube wp-block-embed-youtube wp-embed-aspect-4-3 wp-has-aspect-ratio\"><div class=\"wp-block-embed__wrapper\">\n<iframe loading=\"lazy\" title=\"Tr\u00eas m\u00e9dicos s\u00e3o assassinados na orla do Rio de Janeiro\" width=\"1170\" height=\"878\" src=\"https:\/\/www.youtube.com\/embed\/zA-Z-PxpTFs?feature=oembed\" frameborder=\"0\" allow=\"accelerometer; autoplay; clipboard-write; encrypted-media; gyroscope; picture-in-picture; web-share\" allowfullscreen><\/iframe>\n<\/div><\/figure>\n\n\n\n<p>Fonte: Ag\u00eancia Brasil<\/p>\n","protected":false},"excerpt":{"rendered":"<p>Tr\u00eas m\u00e9dicos foram assassinados na madrugada desta quinta-feira (5)&nbsp;na cidade do Rio de Janeiro. Uma quarta v\u00edtima do ataque a tiros ficou ferida e foi encaminhada ao hospital. &nbsp; Segundo a Pol\u00edcia Militar, eles estavam em um quiosque na orla da Barra da Tijuca, na zona oeste da cidade, quando homens em um carro pararam [&hellip;]<\/p>\n","protected":false},"author":2,"featured_media":111417,"comment_status":"open","ping_status":"open","sticky":false,"template":"","format":"standard","meta":{"footnotes":""},"categories":[25,29],"tags":[26],"class_list":{"0":"post-111416","1":"post","2":"type-post","3":"status-publish","4":"format-standard","5":"has-post-thumbnail","7":"category-regional","8":"category-sudeste-regional","9":"tag-videos"},"_links":{"self":[{"href":"https:\/\/diariodoplaneta.com.br\/index.php?rest_route=\/wp\/v2\/posts\/111416","targetHints":{"allow":["GET"]}}],"collection":[{"href":"https:\/\/diariodoplaneta.com.br\/index.php?rest_route=\/wp\/v2\/posts"}],"about":[{"href":"https:\/\/diariodoplaneta.com.br\/index.php?rest_route=\/wp\/v2\/types\/post"}],"author":[{"embeddable":true,"href":"https:\/\/diariodoplaneta.com.br\/index.php?rest_route=\/wp\/v2\/users\/2"}],"replies":[{"embeddable":true,"href":"https:\/\/diariodoplaneta.com.br\/index.php?rest_route=%2Fwp%2Fv2%2Fcomments&post=111416"}],"version-history":[{"count":0,"href":"https:\/\/diariodoplaneta.com.br\/index.php?rest_route=\/wp\/v2\/posts\/111416\/revisions"}],"wp:featuredmedia":[{"embeddable":true,"href":"https:\/\/diariodoplaneta.com.br\/index.php?rest_route=\/wp\/v2\/media\/111417"}],"wp:attachment":[{"href":"https:\/\/diariodoplaneta.com.br\/index.php?rest_route=%2Fwp%2Fv2%2Fmedia&parent=111416"}],"wp:term":[{"taxonomy":"category","embeddable":true,"href":"https:\/\/diariodoplaneta.com.br\/index.php?rest_route=%2Fwp%2Fv2%2Fcategories&post=111416"},{"taxonomy":"post_tag","embeddable":true,"href":"https:\/\/diariodoplaneta.com.br\/index.php?rest_route=%2Fwp%2Fv2%2Ftags&post=111416"}],"curies":[{"name":"wp","href":"https:\/\/api.w.org\/{rel}","templated":true}]}}