{"id":111217,"date":"2023-10-03T12:07:02","date_gmt":"2023-10-03T15:07:02","guid":{"rendered":"https:\/\/diariodoplaneta.com.br\/?p=111217"},"modified":"2023-10-03T12:07:02","modified_gmt":"2023-10-03T15:07:02","slug":"fazendeiro-investigado-por-financiar-atos-antidemocraticos-fica-em-silencio-na-cpmi-assista","status":"publish","type":"post","link":"https:\/\/diariodoplaneta.com.br\/?p=111217","title":{"rendered":"Fazendeiro investigado por financiar atos antidemocr\u00e1ticos fica em sil\u00eancio na CPMI; assista"},"content":{"rendered":"\n<p>O empres\u00e1rio mato-grossense Argino Bedin, s\u00f3cio de fazendas de soja acusado de financiar golpes antidemocr\u00e1ticos, ficou calado durante depoimento nesta ter\u00e7a (3) \u00e0 Comiss\u00e3o Parlamentar Mista de Inqu\u00e9rito (CPMI) que investiga os ataques \u00e0s sedes dos tr\u00eas Poderes em 8 de janeiro.<\/p>\n\n\n\n<p>Argino Bedin havia pedido ao Supremo Tribunal Federal para n\u00e3o comparecer \u00e0 CPMI, mas o ministro Dias Toffoli s\u00f3 permitiu que ele n\u00e3o respondesse a perguntas que o incriminassem.<\/p>\n\n\n\n<p><strong>Caminh\u00f5es nos protestos<\/strong><br>O sojicultor de 73 anos dispensou o tempo inicial de 15 minutos para se defender e n\u00e3o respondeu \u00e0 relatora, senadora Eliziane Gama (PSD-MA), sobre quantos caminh\u00f5es de propriedade de sua fam\u00edlia bloquearam rodovias e vieram a Bras\u00edlia para os protestos.<\/p>\n\n\n\n<p>Diante das negativas, a senadora citou relat\u00f3rio da Ag\u00eancia Brasileira de Intelig\u00eancia (Abin) segundo o qual 272 caminh\u00f5es chegaram ao Distrito Federal naqueles dias. Desses, 72 eram da cidade de Sorriso, em Mato Grosso, onde vive Argino Bedin, e 16 caminh\u00f5es pertenciam a ele ou a familiares.<\/p>\n\n\n\n<p><strong>V\u00eddeos com bloqueios de estradas<\/strong><br>Eliziane Gama exibiu um v\u00eddeo mostrando que os bloqueios feitos por caminh\u00f5es impediram a passagem de uma crian\u00e7a que precisava de uma cirurgia de emerg\u00eancia no olho. Outro v\u00eddeo revelou manifestantes armados.<\/p>\n\n\n\n<p>A relatora chamou a aten\u00e7\u00e3o para o patrim\u00f4nio do empres\u00e1rio, que ela classificou de \u201cimp\u00e9rio\u201d, e lamentou que uma caminhada constru\u00edda com trabalho seja finalizada com uma investiga\u00e7\u00e3o por incentivo a atos antidemocr\u00e1ticos.<\/p>\n\n\n\n<p>A comiss\u00e3o continua reunida no plen\u00e1rio 2 da ala Nilo Coelho, no Senado.<\/p>\n\n\n\n<p>Fonte: Ag\u00eancia C\u00e2mara de Not\u00edcias<\/p>\n","protected":false},"excerpt":{"rendered":"<p>O empres\u00e1rio mato-grossense Argino Bedin, s\u00f3cio de fazendas de soja acusado de financiar golpes antidemocr\u00e1ticos, ficou calado durante depoimento nesta ter\u00e7a (3) \u00e0 Comiss\u00e3o Parlamentar Mista de Inqu\u00e9rito (CPMI) que investiga os ataques \u00e0s sedes dos tr\u00eas Poderes em 8 de janeiro. Argino Bedin havia pedido ao Supremo Tribunal Federal para n\u00e3o comparecer \u00e0 CPMI, [&hellip;]<\/p>\n","protected":false},"author":2,"featured_media":111218,"comment_status":"open","ping_status":"open","sticky":false,"template":"","format":"standard","meta":{"footnotes":""},"categories":[13],"tags":[24],"class_list":{"0":"post-111217","1":"post","2":"type-post","3":"status-publish","4":"format-standard","5":"has-post-thumbnail","7":"category-politica","8":"tag-manchete"},"_links":{"self":[{"href":"https:\/\/diariodoplaneta.com.br\/index.php?rest_route=\/wp\/v2\/posts\/111217","targetHints":{"allow":["GET"]}}],"collection":[{"href":"https:\/\/diariodoplaneta.com.br\/index.php?rest_route=\/wp\/v2\/posts"}],"about":[{"href":"https:\/\/diariodoplaneta.com.br\/index.php?rest_route=\/wp\/v2\/types\/post"}],"author":[{"embeddable":true,"href":"https:\/\/diariodoplaneta.com.br\/index.php?rest_route=\/wp\/v2\/users\/2"}],"replies":[{"embeddable":true,"href":"https:\/\/diariodoplaneta.com.br\/index.php?rest_route=%2Fwp%2Fv2%2Fcomments&post=111217"}],"version-history":[{"count":0,"href":"https:\/\/diariodoplaneta.com.br\/index.php?rest_route=\/wp\/v2\/posts\/111217\/revisions"}],"wp:featuredmedia":[{"embeddable":true,"href":"https:\/\/diariodoplaneta.com.br\/index.php?rest_route=\/wp\/v2\/media\/111218"}],"wp:attachment":[{"href":"https:\/\/diariodoplaneta.com.br\/index.php?rest_route=%2Fwp%2Fv2%2Fmedia&parent=111217"}],"wp:term":[{"taxonomy":"category","embeddable":true,"href":"https:\/\/diariodoplaneta.com.br\/index.php?rest_route=%2Fwp%2Fv2%2Fcategories&post=111217"},{"taxonomy":"post_tag","embeddable":true,"href":"https:\/\/diariodoplaneta.com.br\/index.php?rest_route=%2Fwp%2Fv2%2Ftags&post=111217"}],"curies":[{"name":"wp","href":"https:\/\/api.w.org\/{rel}","templated":true}]}}