{"id":110927,"date":"2023-09-27T17:19:16","date_gmt":"2023-09-27T20:19:16","guid":{"rendered":"https:\/\/diariodoplaneta.com.br\/?p=110927"},"modified":"2023-09-27T17:19:16","modified_gmt":"2023-09-27T20:19:16","slug":"presidente-do-banco-central-defende-pouso-suave-da-economia","status":"publish","type":"post","link":"https:\/\/diariodoplaneta.com.br\/?p=110927","title":{"rendered":"Presidente do Banco Central defende \u201cpouso suave\u201d da economia"},"content":{"rendered":"\n<p>O presidente do Banco Central, Roberto Campos Neto, defendeu a atual condu\u00e7\u00e3o da pol\u00edtica monet\u00e1ria em debate nesta quarta-feira (17) na C\u00e2mara dos Deputados. Ele ressaltou que a infla\u00e7\u00e3o segue em queda, reconheceu que os juros no Brasil s\u00e3o altos e espera melhoria nos indicadores com um esfor\u00e7o fiscal do governo.<\/p>\n\n\n\n<p>Segundo Campos Neto, a economia segue em uma &#8220;trajet\u00f3ria de pouso suave\u201d, com desempenho melhor do que muitos pa\u00edses.<\/p>\n\n\n\n<blockquote class=\"wp-block-quote is-layout-flow wp-block-quote-is-layout-flow\">\n<p> \u201cPouso suave \u00e9 reduzir a infla\u00e7\u00e3o com o menor custo poss\u00edvel para a sociedade, comparando a queda na infla\u00e7\u00e3o e os efeitos no Produto Interno Bruto, no desemprego e no cr\u00e9dito\u201d, explicou.<\/p>\n<\/blockquote>\n\n\n\n<p>Os dados do Banco Central mostram que a infla\u00e7\u00e3o caiu 8,7 pontos percentuais entre 2022 e 2023, ao mesmo tempo em que houve uma varia\u00e7\u00e3o negativa de 0,3 ponto percentual na estimativa de crescimento do PIB. Hoje, a expectativa do mercado \u00e9 de infla\u00e7\u00e3o de 4,86% neste ano e de crescimento do PIB de 2,92%.<\/p>\n\n\n\n<p><strong>Juros<\/strong><br>Na \u00faltima reuni\u00e3o, na semana passada, o Comit\u00ea de Pol\u00edtica Monet\u00e1ria (Copom) do Banco Central reduziu a taxa b\u00e1sica de juros (Selic) em 0,5 ponto percentual, para 12,75% em valores nominais &#8211; uma das mais altas do mundo. O colegiado decidiu, por unanimidade, que mais adiante poder\u00e1 haver novos cortes de 0,5.<\/p>\n\n\n\n<blockquote class=\"wp-block-quote is-layout-flow wp-block-quote-is-layout-flow\">\n<p>\u201cQuando comparamos as taxas de juros nominais no Brasil em diversos per\u00edodos, a gente v\u00ea que de 2019 a 2023, na m\u00e9dia, foi o per\u00edodo com as menores taxas de juros da hist\u00f3ria recente\u201d, disse Campos Neto. Essa m\u00e9dia foi de 7,6% ao ano (at\u00e9 agosto \u00faltimo), ante cerca de 19% entre 1999 e 2006 e 11% entre 2007 e 2018.<\/p>\n<\/blockquote>\n\n\n\n<p><strong>C\u00e2mbio<\/strong><br>Al\u00e9m da pol\u00edtica monet\u00e1ria, o presidente do Banco Central foi convidado pela Comiss\u00e3o de Finan\u00e7as e Tributa\u00e7\u00e3o da C\u00e2mara para explicar um erro no fluxo cambial de cerca de R$ 14,5 bilh\u00f5es, entre outubro de 2021 e dezembro de 2022. Corrigido o erro, o mercado de c\u00e2mbio passou de superavit\u00e1rio para deficit\u00e1rio.<\/p>\n\n\n\n<p>Ao responder os questionamentos do deputado Lindbergh Farias (PT-RJ), Campos Neto disse que houve uma falha operacional, j\u00e1 saneada. Ele minimizou o caso, afirmando que a diferen\u00e7a equivalia a 0,4% de todo o mercado de c\u00e2mbio, e informou que o Tribunal de Contas da Uni\u00e3o j\u00e1 deu o aval \u00e0quelas estat\u00edsticas.<\/p>\n\n\n\n<p><strong>Fiscal<\/strong><br>Durante o debate, Lindbergh Farias tamb\u00e9m criticou coment\u00e1rios do BC sobre temas fiscais. \u201cQuer dar uma de tutor, \u00e9 uma interfer\u00eancia completa na pol\u00edtica econ\u00f4mica\u201d, disse. \u201cFalamos do fiscal porque \u00e9 uma das dimens\u00f5es do modelo, se olhar ata a ata, fal\u00e1vamos mais antes do que agora\u201d, rebateu Campos Neto.<\/p>\n\n\n\n<p>\u201cPossivelmente o Banco Central dever\u00e1 ser eleito o melhor do mundo em 2023, repetindo o sucesso\u201d, disse o deputado Evair Vieira de Melo (PP-ES), um dos vice-l\u00edderes da oposi\u00e7\u00e3o ao governo Lula. Em 2020 e 2022, Campos Neto ganhou pr\u00eamios pela atua\u00e7\u00e3o na pandemia, e o BC, em 2023, pela gest\u00e3o das reservas.<\/p>\n\n\n\n<p><\/p>\n\n\n\n<p>Fonte: Ag\u00eancia C\u00e2mara de Not\u00edcias<\/p>\n","protected":false},"excerpt":{"rendered":"<p>O presidente do Banco Central, Roberto Campos Neto, defendeu a atual condu\u00e7\u00e3o da pol\u00edtica monet\u00e1ria em debate nesta quarta-feira (17) na C\u00e2mara dos Deputados. Ele ressaltou que a infla\u00e7\u00e3o segue em queda, reconheceu que os juros no Brasil s\u00e3o altos e espera melhoria nos indicadores com um esfor\u00e7o fiscal do governo. Segundo Campos Neto, a [&hellip;]<\/p>\n","protected":false},"author":2,"featured_media":110928,"comment_status":"open","ping_status":"open","sticky":false,"template":"","format":"standard","meta":{"footnotes":""},"categories":[20],"tags":[],"class_list":{"0":"post-110927","1":"post","2":"type-post","3":"status-publish","4":"format-standard","5":"has-post-thumbnail","7":"category-economia"},"_links":{"self":[{"href":"https:\/\/diariodoplaneta.com.br\/index.php?rest_route=\/wp\/v2\/posts\/110927","targetHints":{"allow":["GET"]}}],"collection":[{"href":"https:\/\/diariodoplaneta.com.br\/index.php?rest_route=\/wp\/v2\/posts"}],"about":[{"href":"https:\/\/diariodoplaneta.com.br\/index.php?rest_route=\/wp\/v2\/types\/post"}],"author":[{"embeddable":true,"href":"https:\/\/diariodoplaneta.com.br\/index.php?rest_route=\/wp\/v2\/users\/2"}],"replies":[{"embeddable":true,"href":"https:\/\/diariodoplaneta.com.br\/index.php?rest_route=%2Fwp%2Fv2%2Fcomments&post=110927"}],"version-history":[{"count":0,"href":"https:\/\/diariodoplaneta.com.br\/index.php?rest_route=\/wp\/v2\/posts\/110927\/revisions"}],"wp:featuredmedia":[{"embeddable":true,"href":"https:\/\/diariodoplaneta.com.br\/index.php?rest_route=\/wp\/v2\/media\/110928"}],"wp:attachment":[{"href":"https:\/\/diariodoplaneta.com.br\/index.php?rest_route=%2Fwp%2Fv2%2Fmedia&parent=110927"}],"wp:term":[{"taxonomy":"category","embeddable":true,"href":"https:\/\/diariodoplaneta.com.br\/index.php?rest_route=%2Fwp%2Fv2%2Fcategories&post=110927"},{"taxonomy":"post_tag","embeddable":true,"href":"https:\/\/diariodoplaneta.com.br\/index.php?rest_route=%2Fwp%2Fv2%2Ftags&post=110927"}],"curies":[{"name":"wp","href":"https:\/\/api.w.org\/{rel}","templated":true}]}}